{"id":45914,"date":"2024-03-25T15:13:04","date_gmt":"2024-03-25T18:13:04","guid":{"rendered":"https:\/\/www.pbagora.com.br\/?p=818197"},"modified":"2024-03-25T15:13:04","modified_gmt":"2024-03-25T18:13:04","slug":"primeira-turma-do-stf-tem-maioria-para-manter-prisoes-dos-supostos-mandantes-do-assassinato-de-marielle","status":"publish","type":"post","link":"https:\/\/sindaopcpb.org.br\/index.php\/2024\/03\/25\/primeira-turma-do-stf-tem-maioria-para-manter-prisoes-dos-supostos-mandantes-do-assassinato-de-marielle\/","title":{"rendered":"Primeira Turma do STF tem maioria para manter pris\u00f5es dos supostos mandantes do assassinato de Marielle"},"content":{"rendered":"<p><img width=\"640\" height=\"427\" src=\"https:\/\/pbagora.s3.amazonaws.com\/2024\/03\/25071053\/INVEST.jpg\" class=\"attachment-large size-large wp-post-image\" alt=\"\" style=\"margin-bottom: 20px;\" decoding=\"async\" loading=\"lazy\" srcset=\"https:\/\/pbagora.s3.amazonaws.com\/2024\/03\/25071053\/INVEST.jpg 640w, https:\/\/pbagora.s3.amazonaws.com\/2024\/03\/25071053\/INVEST-300x200.jpg 300w, https:\/\/pbagora.s3.amazonaws.com\/2024\/03\/25071053\/INVEST-150x100.jpg 150w, https:\/\/pbagora.s3.amazonaws.com\/2024\/03\/25071053\/INVEST-380x254.jpg 380w, https:\/\/pbagora.s3.amazonaws.com\/2024\/03\/25071053\/INVEST-80x53.jpg 80w, https:\/\/pbagora.s3.amazonaws.com\/2024\/03\/25071053\/INVEST-600x400.jpg 600w\" sizes=\"(max-width: 640px) 100vw, 640px\" \/><\/p><p>Um crime planejado e executado. Atiradores presos. Uma longa investiga\u00e7\u00e3o. Mandantes descobertos e pris\u00f5es realizadas em meio a surpresas. A Primeira Turma do Supremo Tribunal Federal (STF) formou maioria de votos hoje, segunda-feira (25\/03) para confirmar a decis\u00e3o do ministro Alexandre de Moraes que levou \u00e0 pris\u00e3o de tr\u00eas suspeitos de arquitetar e ordenar o assassinato da vereadora Marielle Franco (PSOL-RJ), em 2018.<\/p>\n<p>&nbsp;<\/p>\n<p>Al\u00e9m de Moraes, os ministros C\u00e1rmen L\u00facia e Cristiano Zanin tamb\u00e9m votaram pelas pris\u00f5es e demais medidas cautelares determinadas na opera\u00e7\u00e3o deflagrada neste domingo (24) contra os investigados. Ainda faltam os votos dos ministros Luiz Fux e Fl\u00e1vio Dino.<\/p>\n<p>A an\u00e1lise termina \u00e0s 23h59 desta segunda, mas \u00e9 prov\u00e1vel que o placar seja definido mais cedo.<\/p>\n<p><a href=\"https:\/\/pbagora.s3.amazonaws.com\/2024\/03\/25071216\/MARIAASSSS-1.jpg\"><img  loading=\"lazy\"  decoding=\"async\"  class=\"aligncenter size-full wp-image-818204\"  src=\"https:\/\/pbagora.s3.amazonaws.com\/2024\/03\/25071216\/MARIAASSSS-1.jpg\"  alt=\"\"  width=\"810\"  height=\"456\"  srcset=\"https:\/\/pbagora.s3.amazonaws.com\/2024\/03\/25071216\/MARIAASSSS-1.jpg 810w, https:\/\/pbagora.s3.amazonaws.com\/2024\/03\/25071216\/MARIAASSSS-1-300x169.jpg 300w, https:\/\/pbagora.s3.amazonaws.com\/2024\/03\/25071216\/MARIAASSSS-1-150x84.jpg 150w, https:\/\/pbagora.s3.amazonaws.com\/2024\/03\/25071216\/MARIAASSSS-1-768x432.jpg 768w, https:\/\/pbagora.s3.amazonaws.com\/2024\/03\/25071216\/MARIAASSSS-1-380x214.jpg 380w, https:\/\/pbagora.s3.amazonaws.com\/2024\/03\/25071216\/MARIAASSSS-1-800x450.jpg 800w, https:\/\/pbagora.s3.amazonaws.com\/2024\/03\/25071216\/MARIAASSSS-1-80x46.jpg 80w, https:\/\/pbagora.s3.amazonaws.com\/2024\/03\/25071216\/MARIAASSSS-1-760x428.jpg 760w, https:\/\/pbagora.s3.amazonaws.com\/2024\/03\/25071216\/MARIAASSSS-1-600x338.jpg 600w\"  sizes=\"(max-width: 810px) 100vw, 810px\" ><\/a><\/p>\n<p>Domingos Braz\u00e3o, Chiquinho Braz\u00e3o e Rivaldo Barbosa foram presos no Rio de Janeiro, neste domingo, e tiveram as pris\u00f5es mantidas ap\u00f3s audi\u00eancia de cust\u00f3dia.<\/p>\n<p>Ainda no domingo, eles foram transferidos para Bras\u00edlia e encaminhados para a penitenci\u00e1ria federal no Distrito Federal.<\/p>\n<p>&nbsp;<\/p>\n<p>Al\u00e9m das pris\u00f5es, a decis\u00e3o de Moraes determinou tamb\u00e9m o afastamento das fun\u00e7\u00f5es p\u00fablicas do delegado Giniton Lages e do comiss\u00e1rio Marco Ant\u00f4nio de Barros Pinto. Ambos atuavam na Delegacia de Homic\u00eddios do Rio na \u00e9poca do crime.<\/p>\n<p>Giniton foi o delegado que iniciou a apura\u00e7\u00e3o do caso, indicado pelo ent\u00e3o chefe da Pol\u00edcia Civil do Rio, Rivaldo Barbosa, que foi preso neste domingo. Ele \u00e9 suspeito de n\u00e3o s\u00f3 ter acobertado o crime, como tamb\u00e9m de ter avalizado o assassinato.<\/p>\n<p>&nbsp;<\/p>\n<p>A investiga\u00e7\u00e3o durou quase seis anos, e \u00a0Pol\u00edcia Federal (PF) concluiu que os irm\u00e3os Domingos e Chiquinho Braz\u00e3o contrataram o ex-policial militar Ronnie Lessa para executar a vereadora Marielle Franco, em 2018. Na ocasi\u00e3o, o motorista dela, Anderson Gomes, tamb\u00e9m foi morto.<\/p>\n<p>&nbsp;<\/p>\n<p>A conclus\u00e3o est\u00e1 no relat\u00f3rio final da investiga\u00e7\u00e3o, divulgado ap\u00f3s o ministro Alexandre de Moraes, do Supremo Tribunal Federal (STF), retirar o sigilo do inqu\u00e9rito.<\/p>\n<p>Domingos Braz\u00e3o, conselheiro do Tribunal de Contas do Rio de Janeiro, e Chiquinho Braz\u00e3o, deputado federal, foram presos na manh\u00e3 de hoje por determina\u00e7\u00e3o de Moraes.<\/p>\n<p>Para a PF, o assassinato de Marielle est\u00e1 relacionado ao posicionamento contr\u00e1rio da parlamentar aos interesses do grupo pol\u00edtico liderado pelos irm\u00e3os Braz\u00e3o, que tem liga\u00e7\u00e3o com quest\u00f5es fundi\u00e1rias em \u00e1reas controladas por mil\u00edcias no Rio,<\/p>\n<p>&nbsp;<\/p>\n<p>\u201cOs ind\u00edcios de autoria mediata que recaem sobre os irm\u00e3os Domingos In\u00e1cio Braz\u00e3o e Jos\u00e9 Francisco Braz\u00e3o s\u00e3o eloquentes. Com base na din\u00e2mica narrada pelo executor Ronnie Lessa e pelos elementos de convic\u00e7\u00e3o angariados durante a fase de corrobora\u00e7\u00e3o de suas declara\u00e7\u00f5es, extrai-se que os irm\u00e3os contrataram dois servi\u00e7os para a consecu\u00e7\u00e3o do homic\u00eddio da ent\u00e3o vereadora Marielle Franco\u201d, disse a PF no relat\u00f3rio.<\/p>\n<p>&nbsp;<\/p>\n<p>No documento, os investigadores mostram que o plano para executar Marielle contou com a participa\u00e7\u00e3o de Rivaldo Barbosa, ex-chefe da Policia Civil do Rio. Segundo a PF, Rivaldo \u201cplanejou meticulosamente\u201d o crime. Barbosa tamb\u00e9m foi preso na opera\u00e7\u00e3o desta manh\u00e3.<\/p>\n<p>&nbsp;<\/p>\n<p>\u201cSe mostra indubit\u00e1vel a conclus\u00e3o de que Rivaldo Barbosa instalou na diretoria de divis\u00e3o de homic\u00eddios um verdadeiro balc\u00e3o de neg\u00f3cios destinado a negociatas que envolviam a omiss\u00e3o deliberada ou o direcionamento de investiga\u00e7\u00f5es para pessoas que se sabiam inocentes. Para tanto, Rivaldo fez neg\u00f3cio com contraventores, milicianos e, como se v\u00ea no caso em tela, pol\u00edticos, no af\u00e3 de se locupletar financeira e politicamente\u201d, afirmam os investigadores.<\/p>\n<p><a href=\"https:\/\/pbagora.s3.amazonaws.com\/2024\/03\/25071012\/PF.webp\"><img  loading=\"lazy\"  decoding=\"async\"  class=\"aligncenter size-full wp-image-818201\"  src=\"https:\/\/pbagora.s3.amazonaws.com\/2024\/03\/25071012\/PF.webp\"  alt=\"\"  width=\"1170\"  height=\"700\"  srcset=\"https:\/\/pbagora.s3.amazonaws.com\/2024\/03\/25071012\/PF.webp 1170w, https:\/\/pbagora.s3.amazonaws.com\/2024\/03\/25071012\/PF-300x179.webp 300w, https:\/\/pbagora.s3.amazonaws.com\/2024\/03\/25071012\/PF-1024x613.webp 1024w, https:\/\/pbagora.s3.amazonaws.com\/2024\/03\/25071012\/PF-150x90.webp 150w, https:\/\/pbagora.s3.amazonaws.com\/2024\/03\/25071012\/PF-768x459.webp 768w, https:\/\/pbagora.s3.amazonaws.com\/2024\/03\/25071012\/PF-380x227.webp 380w, https:\/\/pbagora.s3.amazonaws.com\/2024\/03\/25071012\/PF-800x479.webp 800w, https:\/\/pbagora.s3.amazonaws.com\/2024\/03\/25071012\/PF-1160x694.webp 1160w, https:\/\/pbagora.s3.amazonaws.com\/2024\/03\/25071012\/PF-80x48.webp 80w, https:\/\/pbagora.s3.amazonaws.com\/2024\/03\/25071012\/PF-760x455.webp 760w, https:\/\/pbagora.s3.amazonaws.com\/2024\/03\/25071012\/PF-600x359.webp 600w\"  sizes=\"(max-width: 1170px) 100vw, 1170px\" ><\/a><\/p>\n<p>Durante as investiga\u00e7\u00f5es, a PF avaliou provas e os depoimentos de dela\u00e7\u00e3o dos ex-policiais Ronnie Lessa e Elcio Queiroz para finalizar o detalhamento dos primeiros passos do planejamento do assassinato.<\/p>\n<p>&nbsp;<\/p>\n<p>Conforme o relat\u00f3rio, as tratativas ocorreram de forma clandestina e em breves encontros em locais desertos.<\/p>\n<p>A primeira reuni\u00e3o ocorreu em 2017, quando, segundo a PF, os irm\u00e3os Braz\u00e3o contrataram Edmilson Macal\u00e9, pessoa identificada como miliciano que atua na Zona Oeste do Rio e pr\u00f3ximo aos mandantes.<\/p>\n<p>&nbsp;<\/p>\n<p>Em seguida, Macal\u00e9 convidou Ronnie Lessa para participar da empreitada criminosa, e as armas e os ve\u00edculos usados no crime foram providenciados.<\/p>\n<p>&nbsp;<\/p>\n<p>\u201cDiante do teor da proposta, Macal\u00e9 convidou Ronnie Lessa, not\u00f3rio sic\u00e1rio carioca, para a empreitada criminosa que, seduzido pela possibilidade de se tornar um miliciano detentor de uma extensa margem territorial, aceitou o convite e ambos foram \u00e0 primeira reuni\u00e3o com os irm\u00e3os\u201d, detalhou a investiga\u00e7\u00e3o.<\/p>\n<p>&nbsp;<\/p>\n<p><strong><em>Reda\u00e7\u00e3o<\/em><\/strong><\/p>\n<p>&nbsp;<\/p>\n","protected":false},"excerpt":{"rendered":"<p><img loading=\"lazy\" decoding=\"async\" width=\"640\" height=\"427\" src=\"https:\/\/pbagora.s3.amazonaws.com\/2024\/03\/25071053\/INVEST.jpg\" class=\"attachment-large size-large wp-post-image\" alt=\"\"><\/p>\n<p>Um crime planejado e executado. Atiradores presos. Uma longa investiga\u00e7\u00e3o. Mandantes descobertos e pris\u00f5es realizadas em meio a\u2026<\/p>\n","protected":false},"author":123457,"featured_media":0,"comment_status":"closed","ping_status":"closed","sticky":false,"template":"","format":"standard","meta":{"advgb_blocks_editor_width":"","advgb_blocks_columns_visual_guide":"","footnotes":""},"categories":[10806,34,66],"tags":[35],"class_list":["post-45914","post","type-post","status-publish","format-standard","hentry","category-destaque-centro-03","category-g1","category-policial","tag-g1"],"author_meta":{"display_name":"Reda\u00e7\u00e3o","author_link":"https:\/\/sindaopcpb.org.br\/author\/redacao\/"},"featured_img":null,"coauthors":[],"tax_additional":{"categories":{"linked":["<a href=\"https:\/\/sindaopcpb.org.br\/destaque-centro-03\/\" class=\"advgb-post-tax-term\">Destaque Centro 03<\/a>","<a href=\"https:\/\/sindaopcpb.org.br\/g1\/\" class=\"advgb-post-tax-term\">G1<\/a>","<a href=\"https:\/\/sindaopcpb.org.br\/policial\/\" class=\"advgb-post-tax-term\">Policial<\/a>"],"unlinked":["<span class=\"advgb-post-tax-term\">Destaque Centro 03<\/span>","<span class=\"advgb-post-tax-term\">G1<\/span>","<span class=\"advgb-post-tax-term\">Policial<\/span>"]},"tags":{"linked":["<a href=\"https:\/\/sindaopcpb.org.br\/policial\/\" class=\"advgb-post-tax-term\">g1<\/a>"],"unlinked":["<span class=\"advgb-post-tax-term\">g1<\/span>"]}},"comment_count":"0","relative_dates":{"created":"Publicado 2 anos atr\u00e1s","modified":"Atualizado 2 anos atr\u00e1s"},"absolute_dates":{"created":"Publicado em 25 de mar\u00e7o de 2024","modified":"Atualizado em 25 de mar\u00e7o de 2024"},"absolute_dates_time":{"created":"Publicado em 25 de mar\u00e7o de 2024 15:13","modified":"Atualizado em 25 de mar\u00e7o de 2024 15:13"},"featured_img_caption":"","series_order":"","_links":{"self":[{"href":"https:\/\/sindaopcpb.org.br\/index.php\/wp-json\/wp\/v2\/posts\/45914","targetHints":{"allow":["GET"]}}],"collection":[{"href":"https:\/\/sindaopcpb.org.br\/index.php\/wp-json\/wp\/v2\/posts"}],"about":[{"href":"https:\/\/sindaopcpb.org.br\/index.php\/wp-json\/wp\/v2\/types\/post"}],"author":[{"embeddable":true,"href":"https:\/\/sindaopcpb.org.br\/index.php\/wp-json\/wp\/v2\/users\/123457"}],"replies":[{"embeddable":true,"href":"https:\/\/sindaopcpb.org.br\/index.php\/wp-json\/wp\/v2\/comments?post=45914"}],"version-history":[{"count":2,"href":"https:\/\/sindaopcpb.org.br\/index.php\/wp-json\/wp\/v2\/posts\/45914\/revisions"}],"predecessor-version":[{"id":45923,"href":"https:\/\/sindaopcpb.org.br\/index.php\/wp-json\/wp\/v2\/posts\/45914\/revisions\/45923"}],"wp:attachment":[{"href":"https:\/\/sindaopcpb.org.br\/index.php\/wp-json\/wp\/v2\/media?parent=45914"}],"wp:term":[{"taxonomy":"category","embeddable":true,"href":"https:\/\/sindaopcpb.org.br\/index.php\/wp-json\/wp\/v2\/categories?post=45914"},{"taxonomy":"post_tag","embeddable":true,"href":"https:\/\/sindaopcpb.org.br\/index.php\/wp-json\/wp\/v2\/tags?post=45914"}],"curies":[{"name":"wp","href":"https:\/\/api.w.org\/{rel}","templated":true}]}}