{"id":45908,"date":"2024-03-25T12:11:36","date_gmt":"2024-03-25T15:11:36","guid":{"rendered":"https:\/\/www.pbagora.com.br\/?p=818336"},"modified":"2024-03-25T12:11:36","modified_gmt":"2024-03-25T15:11:36","slug":"pm-prende-mais-de-160-suspeitos-e-apreende-24-armas-de-fogo-no-fim-de-semana-na-pb","status":"publish","type":"post","link":"https:\/\/sindaopcpb.org.br\/index.php\/2024\/03\/25\/pm-prende-mais-de-160-suspeitos-e-apreende-24-armas-de-fogo-no-fim-de-semana-na-pb\/","title":{"rendered":"PM prende mais de 160 suspeitos e apreende 24 armas de fogo no fim de semana na PB"},"content":{"rendered":"<p><img width=\"1024\" height=\"768\" src=\"https:\/\/pbagora.s3.amazonaws.com\/2024\/03\/18152042\/OPERACAO-PM-POLICIA-MILITAR-2-1024x768.jpg\" class=\"attachment-large size-large wp-post-image\" alt=\"\" style=\"margin-bottom: 20px;\" decoding=\"async\" loading=\"lazy\" srcset=\"https:\/\/pbagora.s3.amazonaws.com\/2024\/03\/18152042\/OPERACAO-PM-POLICIA-MILITAR-2-1024x768.jpg 1024w, https:\/\/pbagora.s3.amazonaws.com\/2024\/03\/18152042\/OPERACAO-PM-POLICIA-MILITAR-2-300x225.jpg 300w, https:\/\/pbagora.s3.amazonaws.com\/2024\/03\/18152042\/OPERACAO-PM-POLICIA-MILITAR-2-150x113.jpg 150w, https:\/\/pbagora.s3.amazonaws.com\/2024\/03\/18152042\/OPERACAO-PM-POLICIA-MILITAR-2-768x576.jpg 768w, https:\/\/pbagora.s3.amazonaws.com\/2024\/03\/18152042\/OPERACAO-PM-POLICIA-MILITAR-2-1536x1152.jpg 1536w, https:\/\/pbagora.s3.amazonaws.com\/2024\/03\/18152042\/OPERACAO-PM-POLICIA-MILITAR-2-200x150.jpg 200w, https:\/\/pbagora.s3.amazonaws.com\/2024\/03\/18152042\/OPERACAO-PM-POLICIA-MILITAR-2-260x195.jpg 260w, https:\/\/pbagora.s3.amazonaws.com\/2024\/03\/18152042\/OPERACAO-PM-POLICIA-MILITAR-2-380x285.jpg 380w, https:\/\/pbagora.s3.amazonaws.com\/2024\/03\/18152042\/OPERACAO-PM-POLICIA-MILITAR-2-800x600.jpg 800w, https:\/\/pbagora.s3.amazonaws.com\/2024\/03\/18152042\/OPERACAO-PM-POLICIA-MILITAR-2-1160x870.jpg 1160w, https:\/\/pbagora.s3.amazonaws.com\/2024\/03\/18152042\/OPERACAO-PM-POLICIA-MILITAR-2-80x60.jpg 80w, https:\/\/pbagora.s3.amazonaws.com\/2024\/03\/18152042\/OPERACAO-PM-POLICIA-MILITAR-2-600x450.jpg 600w, https:\/\/pbagora.s3.amazonaws.com\/2024\/03\/18152042\/OPERACAO-PM-POLICIA-MILITAR-2-520x390.jpg 520w, https:\/\/pbagora.s3.amazonaws.com\/2024\/03\/18152042\/OPERACAO-PM-POLICIA-MILITAR-2-760x570.jpg 760w, https:\/\/pbagora.s3.amazonaws.com\/2024\/03\/18152042\/OPERACAO-PM-POLICIA-MILITAR-2.jpg 1600w\" sizes=\"(max-width: 1024px) 100vw, 1024px\" \/><\/p><p>Durante o fim de semana, as a\u00e7\u00f5es da Pol\u00edcia Militar resultaram na pris\u00e3o de aproximadamente 166 pessoas e na apreens\u00e3o de 24 armas de fogo em opera\u00e7\u00f5es de combate ao tr\u00e1fico de drogas e grupos criminosos.<\/p>\n<p>Segundo informa\u00e7\u00f5es fornecidas pela PM, as rondas intensificadas nas ruas tamb\u00e9m levaram \u00e0 apreens\u00e3o de 1.815 embalagens contendo subst\u00e2ncias entorpecentes, al\u00e9m da recupera\u00e7\u00e3o de 13 ve\u00edculos registrados como roubados.<\/p>\n<p>Um dos destaques foi a deten\u00e7\u00e3o de dois suspeitos ligados a grupos criminosos na cidade de Cabedelo, cada um portando uma arma. Essas pris\u00f5es contribu\u00edram para um total de mais de 40 armas apreendidas apenas este ano pela PM no munic\u00edpio.<\/p>\n<p>De acordo com dados divulgados pelo Estado-Maior Estrat\u00e9gico (EME), durante o fim de semana foram realizadas mais de 5 mil abordagens em mais de 200 pontos de bloqueio policial estrategicamente montados.<\/p>\n<p>As a\u00e7\u00f5es policiais continuar\u00e3o e ser\u00e3o refor\u00e7adas com a Opera\u00e7\u00e3o Semana Santa, visando garantir a seguran\u00e7a e o bem-estar da popula\u00e7\u00e3o durante o feriado.<\/p>\n<p>&nbsp;<\/p>\n<p><em><strong>PB Agora<\/strong><\/em><\/p>\n","protected":false},"excerpt":{"rendered":"<p><img loading=\"lazy\" decoding=\"async\" width=\"1024\" height=\"768\" src=\"https:\/\/pbagora.s3.amazonaws.com\/2024\/03\/18152042\/OPERACAO-PM-POLICIA-MILITAR-2-1024x768.jpg\" class=\"attachment-large size-large wp-post-image\" alt=\"\"><\/p>\n<p>Durante o fim de semana, as a\u00e7\u00f5es da Pol\u00edcia Militar resultaram na pris\u00e3o de aproximadamente 166 pessoas e\u2026<\/p>\n","protected":false},"author":123457,"featured_media":0,"comment_status":"closed","ping_status":"closed","sticky":false,"template":"","format":"standard","meta":{"advgb_blocks_editor_width":"","advgb_blocks_columns_visual_guide":"","footnotes":""},"categories":[10826,34,66],"tags":[35],"class_list":["post-45908","post","type-post","status-publish","format-standard","hentry","category-destaque-centro-02","category-g1","category-policial","tag-g1"],"author_meta":{"display_name":"Reda\u00e7\u00e3o","author_link":"https:\/\/sindaopcpb.org.br\/author\/redacao\/"},"featured_img":null,"coauthors":[],"tax_additional":{"categories":{"linked":["<a href=\"https:\/\/sindaopcpb.org.br\/destaque-centro-02\/\" class=\"advgb-post-tax-term\">Destaque Centro 02<\/a>","<a href=\"https:\/\/sindaopcpb.org.br\/g1\/\" class=\"advgb-post-tax-term\">G1<\/a>","<a href=\"https:\/\/sindaopcpb.org.br\/policial\/\" class=\"advgb-post-tax-term\">Policial<\/a>"],"unlinked":["<span class=\"advgb-post-tax-term\">Destaque Centro 02<\/span>","<span class=\"advgb-post-tax-term\">G1<\/span>","<span class=\"advgb-post-tax-term\">Policial<\/span>"]},"tags":{"linked":["<a href=\"https:\/\/sindaopcpb.org.br\/policial\/\" class=\"advgb-post-tax-term\">g1<\/a>"],"unlinked":["<span class=\"advgb-post-tax-term\">g1<\/span>"]}},"comment_count":"0","relative_dates":{"created":"Publicado 2 anos atr\u00e1s","modified":"Atualizado 2 anos atr\u00e1s"},"absolute_dates":{"created":"Publicado em 25 de mar\u00e7o de 2024","modified":"Atualizado em 25 de mar\u00e7o de 2024"},"absolute_dates_time":{"created":"Publicado em 25 de mar\u00e7o de 2024 12:11","modified":"Atualizado em 25 de mar\u00e7o de 2024 12:11"},"featured_img_caption":"","series_order":"","_links":{"self":[{"href":"https:\/\/sindaopcpb.org.br\/index.php\/wp-json\/wp\/v2\/posts\/45908","targetHints":{"allow":["GET"]}}],"collection":[{"href":"https:\/\/sindaopcpb.org.br\/index.php\/wp-json\/wp\/v2\/posts"}],"about":[{"href":"https:\/\/sindaopcpb.org.br\/index.php\/wp-json\/wp\/v2\/types\/post"}],"author":[{"embeddable":true,"href":"https:\/\/sindaopcpb.org.br\/index.php\/wp-json\/wp\/v2\/users\/123457"}],"replies":[{"embeddable":true,"href":"https:\/\/sindaopcpb.org.br\/index.php\/wp-json\/wp\/v2\/comments?post=45908"}],"version-history":[{"count":2,"href":"https:\/\/sindaopcpb.org.br\/index.php\/wp-json\/wp\/v2\/posts\/45908\/revisions"}],"predecessor-version":[{"id":45917,"href":"https:\/\/sindaopcpb.org.br\/index.php\/wp-json\/wp\/v2\/posts\/45908\/revisions\/45917"}],"wp:attachment":[{"href":"https:\/\/sindaopcpb.org.br\/index.php\/wp-json\/wp\/v2\/media?parent=45908"}],"wp:term":[{"taxonomy":"category","embeddable":true,"href":"https:\/\/sindaopcpb.org.br\/index.php\/wp-json\/wp\/v2\/categories?post=45908"},{"taxonomy":"post_tag","embeddable":true,"href":"https:\/\/sindaopcpb.org.br\/index.php\/wp-json\/wp\/v2\/tags?post=45908"}],"curies":[{"name":"wp","href":"https:\/\/api.w.org\/{rel}","templated":true}]}}