{"id":45900,"date":"2024-03-25T10:37:38","date_gmt":"2024-03-25T13:37:38","guid":{"rendered":"https:\/\/www.pbagora.com.br\/?p=818298"},"modified":"2024-03-25T12:07:38","modified_gmt":"2024-03-25T15:07:38","slug":"juiz-revoga-prisao-de-pastor-detido-desde-setembro-e-investigado-por-estelionato-em-joao-pessoa","status":"publish","type":"post","link":"https:\/\/sindaopcpb.org.br\/index.php\/2024\/03\/25\/juiz-revoga-prisao-de-pastor-detido-desde-setembro-e-investigado-por-estelionato-em-joao-pessoa\/","title":{"rendered":"Juiz revoga pris\u00e3o de pastor, detido desde setembro e investigado por estelionato em Jo\u00e3o Pessoa"},"content":{"rendered":"<p><img width=\"450\" height=\"450\" src=\"https:\/\/pbagora.s3.amazonaws.com\/2024\/02\/29105551\/pastor.webp\" class=\"attachment-large size-large wp-post-image\" alt=\"\" style=\"margin-bottom: 20px;\" decoding=\"async\" loading=\"lazy\" srcset=\"https:\/\/pbagora.s3.amazonaws.com\/2024\/02\/29105551\/pastor.webp 450w, https:\/\/pbagora.s3.amazonaws.com\/2024\/02\/29105551\/pastor-300x300.webp 300w, https:\/\/pbagora.s3.amazonaws.com\/2024\/02\/29105551\/pastor-150x150.webp 150w, https:\/\/pbagora.s3.amazonaws.com\/2024\/02\/29105551\/pastor-80x80.webp 80w, https:\/\/pbagora.s3.amazonaws.com\/2024\/02\/29105551\/pastor-110x110.webp 110w, https:\/\/pbagora.s3.amazonaws.com\/2024\/02\/29105551\/pastor-380x380.webp 380w, https:\/\/pbagora.s3.amazonaws.com\/2024\/02\/29105551\/pastor-160x160.webp 160w\" sizes=\"(max-width: 450px) 100vw, 450px\" \/><\/p><p>Nesta segunda-feira (25), o juiz Ant\u00f4nio Maroja Limeira Filho, da 2\u00aa Vara Regional Criminal de Mangabeira, decidiu revogar a pris\u00e3o do pastor evang\u00e9lico P\u00e9ricles Cardoso de Melo, que estava sob investiga\u00e7\u00e3o por estelionato. O caso envolve um suposto golpe de cerca de R$ 3 milh\u00f5es contra fi\u00e9is de uma igreja em Jo\u00e3o Pessoa. A decis\u00e3o tamb\u00e9m contempla a liberta\u00e7\u00e3o de V\u00e2nia Francisca de Macedo Melo, esposa do pastor. O casal estava detido desde setembro do ano anterior.<\/p>\n<p>O magistrado fundamentou sua decis\u00e3o destacando que, ap\u00f3s 145 dias da pris\u00e3o de P\u00e9ricles Cardoso de Melo, n\u00e3o houve apresenta\u00e7\u00e3o de evid\u00eancias concretas de fatos novos ou contempor\u00e2neos que justificassem a necessidade de manuten\u00e7\u00e3o da medida cautelar pessoal diversa da pris\u00e3o. O juiz ressaltou a aus\u00eancia de demonstra\u00e7\u00e3o do risco que a liberdade dos acusados representaria para qualquer bem ou interesse relacionado ao processo em quest\u00e3o.<\/p>\n<p>A revoga\u00e7\u00e3o da pris\u00e3o \u00e9 um desdobramento significativo no processo, mas o caso continua em investiga\u00e7\u00e3o e o pastor e sua esposa continuar\u00e3o a responder \u00e0s acusa\u00e7\u00f5es conforme determinado pela justi\u00e7a.<\/p>\n<p>\u201cDecorridos 145 dias desde a data da pris\u00e3o de P\u00e9ricles Cardoso de Melo (em 1\u00ba de novembro de 2023), n\u00e3o consta nos autos, at\u00e9 o momento, demonstra\u00e7\u00e3o da exist\u00eancia concreta de fatos novos ou contempor\u00e2neos a justificar a necessidade da manuten\u00e7\u00e3o de aplica\u00e7\u00e3o de medida cautelar pessoal diversa da pris\u00e3o, baseada no risco que a liberdade plena dos acusados representa para algum bem ou interesse relativo aos meios ou fins deste processo\u201d, frisou o juiz em sua decis\u00e3o.<\/p>\n<p><strong>PB Agora<\/strong><\/p>\n","protected":false},"excerpt":{"rendered":"<p><img decoding=\"async\" width=\"450\" height=\"450\" src=\"https:\/\/pbagora.s3.amazonaws.com\/2024\/02\/29105551\/pastor.webp\" class=\"attachment-large size-large wp-post-image\" alt=\"\" loading=\"lazy\"><\/p>\n<p>Nesta segunda-feira (25), o juiz Ant\u00f4nio Maroja Limeira Filho, da 2\u00aa Vara Regional Criminal de Mangabeira, decidiu revogar\u2026<\/p>\n","protected":false},"author":123457,"featured_media":0,"comment_status":"closed","ping_status":"closed","sticky":false,"template":"","format":"standard","meta":{"advgb_blocks_editor_width":"","advgb_blocks_columns_visual_guide":"","footnotes":""},"categories":[34,66,10824],"tags":[35],"class_list":["post-45900","post","type-post","status-publish","format-standard","hentry","category-g1","category-policial","category-principal3","tag-g1"],"author_meta":{"display_name":"Reda\u00e7\u00e3o","author_link":"https:\/\/sindaopcpb.org.br\/author\/redacao\/"},"featured_img":null,"coauthors":[],"tax_additional":{"categories":{"linked":["<a href=\"https:\/\/sindaopcpb.org.br\/g1\/\" class=\"advgb-post-tax-term\">G1<\/a>","<a href=\"https:\/\/sindaopcpb.org.br\/policial\/\" class=\"advgb-post-tax-term\">Policial<\/a>","<a href=\"https:\/\/sindaopcpb.org.br\/principal3\/\" class=\"advgb-post-tax-term\">Principal3<\/a>"],"unlinked":["<span class=\"advgb-post-tax-term\">G1<\/span>","<span class=\"advgb-post-tax-term\">Policial<\/span>","<span class=\"advgb-post-tax-term\">Principal3<\/span>"]},"tags":{"linked":["<a href=\"https:\/\/sindaopcpb.org.br\/principal3\/\" class=\"advgb-post-tax-term\">g1<\/a>"],"unlinked":["<span class=\"advgb-post-tax-term\">g1<\/span>"]}},"comment_count":"0","relative_dates":{"created":"Publicado 2 anos atr\u00e1s","modified":"Atualizado 2 anos atr\u00e1s"},"absolute_dates":{"created":"Publicado em 25 de mar\u00e7o de 2024","modified":"Atualizado em 25 de mar\u00e7o de 2024"},"absolute_dates_time":{"created":"Publicado em 25 de mar\u00e7o de 2024 10:37","modified":"Atualizado em 25 de mar\u00e7o de 2024 12:07"},"featured_img_caption":"","series_order":"","_links":{"self":[{"href":"https:\/\/sindaopcpb.org.br\/index.php\/wp-json\/wp\/v2\/posts\/45900","targetHints":{"allow":["GET"]}}],"collection":[{"href":"https:\/\/sindaopcpb.org.br\/index.php\/wp-json\/wp\/v2\/posts"}],"about":[{"href":"https:\/\/sindaopcpb.org.br\/index.php\/wp-json\/wp\/v2\/types\/post"}],"author":[{"embeddable":true,"href":"https:\/\/sindaopcpb.org.br\/index.php\/wp-json\/wp\/v2\/users\/123457"}],"replies":[{"embeddable":true,"href":"https:\/\/sindaopcpb.org.br\/index.php\/wp-json\/wp\/v2\/comments?post=45900"}],"version-history":[{"count":2,"href":"https:\/\/sindaopcpb.org.br\/index.php\/wp-json\/wp\/v2\/posts\/45900\/revisions"}],"predecessor-version":[{"id":45910,"href":"https:\/\/sindaopcpb.org.br\/index.php\/wp-json\/wp\/v2\/posts\/45900\/revisions\/45910"}],"wp:attachment":[{"href":"https:\/\/sindaopcpb.org.br\/index.php\/wp-json\/wp\/v2\/media?parent=45900"}],"wp:term":[{"taxonomy":"category","embeddable":true,"href":"https:\/\/sindaopcpb.org.br\/index.php\/wp-json\/wp\/v2\/categories?post=45900"},{"taxonomy":"post_tag","embeddable":true,"href":"https:\/\/sindaopcpb.org.br\/index.php\/wp-json\/wp\/v2\/tags?post=45900"}],"curies":[{"name":"wp","href":"https:\/\/api.w.org\/{rel}","templated":true}]}}