{"id":45896,"date":"2024-03-25T08:33:10","date_gmt":"2024-03-25T11:33:10","guid":{"rendered":"https:\/\/www.pbagora.com.br\/?p=818228"},"modified":"2024-03-25T08:33:10","modified_gmt":"2024-03-25T11:33:10","slug":"policia-detem-homem-com-pistola-e-municoes-em-joao-pessoa","status":"publish","type":"post","link":"https:\/\/sindaopcpb.org.br\/index.php\/2024\/03\/25\/policia-detem-homem-com-pistola-e-municoes-em-joao-pessoa\/","title":{"rendered":"Pol\u00edcia det\u00e9m homem com pistola e muni\u00e7\u00f5es em Jo\u00e3o Pessoa"},"content":{"rendered":"<p><img width=\"800\" height=\"445\" src=\"https:\/\/pbagora.s3.amazonaws.com\/2023\/12\/06163239\/bptran_ilustrativa.jpeg\" class=\"attachment-large size-large wp-post-image\" alt=\"\" style=\"margin-bottom: 20px;\" decoding=\"async\" loading=\"lazy\" srcset=\"https:\/\/pbagora.s3.amazonaws.com\/2023\/12\/06163239\/bptran_ilustrativa.jpeg 800w, https:\/\/pbagora.s3.amazonaws.com\/2023\/12\/06163239\/bptran_ilustrativa-300x167.jpeg 300w, https:\/\/pbagora.s3.amazonaws.com\/2023\/12\/06163239\/bptran_ilustrativa-150x83.jpeg 150w, https:\/\/pbagora.s3.amazonaws.com\/2023\/12\/06163239\/bptran_ilustrativa-768x427.jpeg 768w, https:\/\/pbagora.s3.amazonaws.com\/2023\/12\/06163239\/bptran_ilustrativa-380x211.jpeg 380w, https:\/\/pbagora.s3.amazonaws.com\/2023\/12\/06163239\/bptran_ilustrativa-80x46.jpeg 80w, https:\/\/pbagora.s3.amazonaws.com\/2023\/12\/06163239\/bptran_ilustrativa-760x423.jpeg 760w, https:\/\/pbagora.s3.amazonaws.com\/2023\/12\/06163239\/bptran_ilustrativa-600x334.jpeg 600w\" sizes=\"(max-width: 800px) 100vw, 800px\" \/><\/p><p>Nesse domingo (24), uma a\u00e7\u00e3o policial resultou na pris\u00e3o de um indiv\u00edduo por porte ilegal de arma de fogo.<\/p>\n<p>O fato ocorreu no bairro do Bessa, em Jo\u00e3o Pessoa e a opera\u00e7\u00e3o foi realizada durante um checkpoint conduzido por uma equipe do Batalh\u00e3o de Policiamento de Tr\u00e2nsito (Bptran).<\/p>\n<p>Durante a blitz, os policiais encontraram em posse do homem uma pistola G2C, marca Taurus, calibre 9x19mm, acompanhada por 13 muni\u00e7\u00f5es intactas. Diante da constata\u00e7\u00e3o do crime, o suspeito foi imediatamente detido e conduzido \u00e0 Central de Flagrantes, onde foram realizados os procedimentos legais pertinentes ao caso.<\/p>\n<p><strong>PB Agora<\/strong><\/p>\n","protected":false},"excerpt":{"rendered":"<p><img decoding=\"async\" width=\"800\" height=\"445\" src=\"https:\/\/pbagora.s3.amazonaws.com\/2023\/12\/06163239\/bptran_ilustrativa.jpeg\" class=\"attachment-large size-large wp-post-image\" alt=\"\" loading=\"lazy\"><\/p>\n<p>Nesse domingo (24), uma a\u00e7\u00e3o policial resultou na pris\u00e3o de um indiv\u00edduo por porte ilegal de arma de\u2026<\/p>\n","protected":false},"author":123457,"featured_media":0,"comment_status":"closed","ping_status":"closed","sticky":false,"template":"","format":"standard","meta":{"advgb_blocks_editor_width":"","advgb_blocks_columns_visual_guide":"","footnotes":""},"categories":[10826,34,66],"tags":[35],"class_list":["post-45896","post","type-post","status-publish","format-standard","hentry","category-destaque-centro-02","category-g1","category-policial","tag-g1"],"author_meta":{"display_name":"Reda\u00e7\u00e3o","author_link":"https:\/\/sindaopcpb.org.br\/author\/redacao\/"},"featured_img":null,"coauthors":[],"tax_additional":{"categories":{"linked":["<a href=\"https:\/\/sindaopcpb.org.br\/destaque-centro-02\/\" class=\"advgb-post-tax-term\">Destaque Centro 02<\/a>","<a href=\"https:\/\/sindaopcpb.org.br\/g1\/\" class=\"advgb-post-tax-term\">G1<\/a>","<a href=\"https:\/\/sindaopcpb.org.br\/policial\/\" class=\"advgb-post-tax-term\">Policial<\/a>"],"unlinked":["<span class=\"advgb-post-tax-term\">Destaque Centro 02<\/span>","<span class=\"advgb-post-tax-term\">G1<\/span>","<span class=\"advgb-post-tax-term\">Policial<\/span>"]},"tags":{"linked":["<a href=\"https:\/\/sindaopcpb.org.br\/policial\/\" class=\"advgb-post-tax-term\">g1<\/a>"],"unlinked":["<span class=\"advgb-post-tax-term\">g1<\/span>"]}},"comment_count":"0","relative_dates":{"created":"Publicado 2 anos atr\u00e1s","modified":"Atualizado 2 anos atr\u00e1s"},"absolute_dates":{"created":"Publicado em 25 de mar\u00e7o de 2024","modified":"Atualizado em 25 de mar\u00e7o de 2024"},"absolute_dates_time":{"created":"Publicado em 25 de mar\u00e7o de 2024 08:33","modified":"Atualizado em 25 de mar\u00e7o de 2024 08:33"},"featured_img_caption":"","series_order":"","_links":{"self":[{"href":"https:\/\/sindaopcpb.org.br\/index.php\/wp-json\/wp\/v2\/posts\/45896","targetHints":{"allow":["GET"]}}],"collection":[{"href":"https:\/\/sindaopcpb.org.br\/index.php\/wp-json\/wp\/v2\/posts"}],"about":[{"href":"https:\/\/sindaopcpb.org.br\/index.php\/wp-json\/wp\/v2\/types\/post"}],"author":[{"embeddable":true,"href":"https:\/\/sindaopcpb.org.br\/index.php\/wp-json\/wp\/v2\/users\/123457"}],"replies":[{"embeddable":true,"href":"https:\/\/sindaopcpb.org.br\/index.php\/wp-json\/wp\/v2\/comments?post=45896"}],"version-history":[{"count":1,"href":"https:\/\/sindaopcpb.org.br\/index.php\/wp-json\/wp\/v2\/posts\/45896\/revisions"}],"predecessor-version":[{"id":45897,"href":"https:\/\/sindaopcpb.org.br\/index.php\/wp-json\/wp\/v2\/posts\/45896\/revisions\/45897"}],"wp:attachment":[{"href":"https:\/\/sindaopcpb.org.br\/index.php\/wp-json\/wp\/v2\/media?parent=45896"}],"wp:term":[{"taxonomy":"category","embeddable":true,"href":"https:\/\/sindaopcpb.org.br\/index.php\/wp-json\/wp\/v2\/categories?post=45896"},{"taxonomy":"post_tag","embeddable":true,"href":"https:\/\/sindaopcpb.org.br\/index.php\/wp-json\/wp\/v2\/tags?post=45896"}],"curies":[{"name":"wp","href":"https:\/\/api.w.org\/{rel}","templated":true}]}}