{"id":45892,"date":"2024-03-25T08:33:18","date_gmt":"2024-03-25T11:33:18","guid":{"rendered":"https:\/\/www.pbagora.com.br\/?p=818257"},"modified":"2024-03-25T10:33:18","modified_gmt":"2024-03-25T13:33:18","slug":"crianca-e-baleada-nas-costas-enquanto-estava-nos-bracos-da-mae-em-bayeux","status":"publish","type":"post","link":"https:\/\/sindaopcpb.org.br\/index.php\/2024\/03\/25\/crianca-e-baleada-nas-costas-enquanto-estava-nos-bracos-da-mae-em-bayeux\/","title":{"rendered":"Crian\u00e7a \u00e9 baleada nas costas enquanto estava nos bra\u00e7os da m\u00e3e, em Bayeux"},"content":{"rendered":"<p><img width=\"687\" height=\"463\" src=\"https:\/\/pbagora.s3.amazonaws.com\/2023\/08\/04062632\/csm_hospital_de_trauma_joao_pessoa_verinho_paparazzo_34cb635911.jpeg\" class=\"attachment-large size-large wp-post-image\" alt=\"\" style=\"margin-bottom: 20px;\" decoding=\"async\" loading=\"lazy\" srcset=\"https:\/\/pbagora.s3.amazonaws.com\/2023\/08\/04062632\/csm_hospital_de_trauma_joao_pessoa_verinho_paparazzo_34cb635911.jpeg 687w, https:\/\/pbagora.s3.amazonaws.com\/2023\/08\/04062632\/csm_hospital_de_trauma_joao_pessoa_verinho_paparazzo_34cb635911-300x202.jpeg 300w, https:\/\/pbagora.s3.amazonaws.com\/2023\/08\/04062632\/csm_hospital_de_trauma_joao_pessoa_verinho_paparazzo_34cb635911-150x101.jpeg 150w, https:\/\/pbagora.s3.amazonaws.com\/2023\/08\/04062632\/csm_hospital_de_trauma_joao_pessoa_verinho_paparazzo_34cb635911-380x256.jpeg 380w, https:\/\/pbagora.s3.amazonaws.com\/2023\/08\/04062632\/csm_hospital_de_trauma_joao_pessoa_verinho_paparazzo_34cb635911-80x54.jpeg 80w, https:\/\/pbagora.s3.amazonaws.com\/2023\/08\/04062632\/csm_hospital_de_trauma_joao_pessoa_verinho_paparazzo_34cb635911-600x404.jpeg 600w\" sizes=\"(max-width: 687px) 100vw, 687px\" \/><\/p><p>Na noite desse domingo (24), uma crian\u00e7a de apenas 4 anos foi atingida por um disparo de arma de fogo nas costas, enquanto estava nos bra\u00e7os de sua m\u00e3e, no bairro da Imaculada, em Bayeux.<\/p>\n<p>Segundo relatos, m\u00e3e e filha estavam a caminho de uma lanchonete quando foram surpreendidas por dois homens em uma motocicleta. Sem aviso, os indiv\u00edduos abriram fogo, desferindo v\u00e1rios tiros em dire\u00e7\u00e3o a um grupo, resultando no ferimento da crian\u00e7a.<\/p>\n<p>Ap\u00f3s os disparos, a crian\u00e7a come\u00e7ou a se queixar de dores nas costas e a m\u00e3e percebeu que ela estava ferida.<\/p>\n<p>Ela foi socorrida por uma ambul\u00e2ncia do Servi\u00e7o de Atendimento M\u00f3vel de Urg\u00eancia (SAMU) e encaminhada ao Hospital de Emerg\u00eancia e Trauma de Jo\u00e3o Pessoa. De acordo com a equipe m\u00e9dica, a crian\u00e7a passou por procedimentos emergenciais e encontra-se sob os cuidados da pediatria, com seu estado cl\u00ednico atualmente est\u00e1vel.<\/p>\n<p>O caso permanece sob investiga\u00e7\u00e3o.<\/p>\n<p><strong>PB Agora<\/strong><\/p>\n","protected":false},"excerpt":{"rendered":"<p><img decoding=\"async\" width=\"687\" height=\"463\" src=\"https:\/\/pbagora.s3.amazonaws.com\/2023\/08\/04062632\/csm_hospital_de_trauma_joao_pessoa_verinho_paparazzo_34cb635911.jpeg\" class=\"attachment-large size-large wp-post-image\" alt=\"\" loading=\"lazy\"><\/p>\n<p>Na noite desse domingo (24), uma crian\u00e7a de apenas 4 anos foi atingida por um disparo de arma\u2026<\/p>\n","protected":false},"author":123457,"featured_media":0,"comment_status":"closed","ping_status":"closed","sticky":false,"template":"","format":"standard","meta":{"advgb_blocks_editor_width":"","advgb_blocks_columns_visual_guide":"","footnotes":""},"categories":[34,66,10827],"tags":[35],"class_list":["post-45892","post","type-post","status-publish","format-standard","hentry","category-g1","category-policial","category-rodape-02","tag-g1"],"author_meta":{"display_name":"Reda\u00e7\u00e3o","author_link":"https:\/\/sindaopcpb.org.br\/author\/redacao\/"},"featured_img":null,"coauthors":[],"tax_additional":{"categories":{"linked":["<a href=\"https:\/\/sindaopcpb.org.br\/g1\/\" class=\"advgb-post-tax-term\">G1<\/a>","<a href=\"https:\/\/sindaopcpb.org.br\/policial\/\" class=\"advgb-post-tax-term\">Policial<\/a>","<a href=\"https:\/\/sindaopcpb.org.br\/rodape-02\/\" class=\"advgb-post-tax-term\">Rodape 02<\/a>"],"unlinked":["<span class=\"advgb-post-tax-term\">G1<\/span>","<span class=\"advgb-post-tax-term\">Policial<\/span>","<span class=\"advgb-post-tax-term\">Rodape 02<\/span>"]},"tags":{"linked":["<a href=\"https:\/\/sindaopcpb.org.br\/rodape-02\/\" class=\"advgb-post-tax-term\">g1<\/a>"],"unlinked":["<span class=\"advgb-post-tax-term\">g1<\/span>"]}},"comment_count":"0","relative_dates":{"created":"Publicado 2 anos atr\u00e1s","modified":"Atualizado 2 anos atr\u00e1s"},"absolute_dates":{"created":"Publicado em 25 de mar\u00e7o de 2024","modified":"Atualizado em 25 de mar\u00e7o de 2024"},"absolute_dates_time":{"created":"Publicado em 25 de mar\u00e7o de 2024 08:33","modified":"Atualizado em 25 de mar\u00e7o de 2024 10:33"},"featured_img_caption":"","series_order":"","_links":{"self":[{"href":"https:\/\/sindaopcpb.org.br\/index.php\/wp-json\/wp\/v2\/posts\/45892","targetHints":{"allow":["GET"]}}],"collection":[{"href":"https:\/\/sindaopcpb.org.br\/index.php\/wp-json\/wp\/v2\/posts"}],"about":[{"href":"https:\/\/sindaopcpb.org.br\/index.php\/wp-json\/wp\/v2\/types\/post"}],"author":[{"embeddable":true,"href":"https:\/\/sindaopcpb.org.br\/index.php\/wp-json\/wp\/v2\/users\/123457"}],"replies":[{"embeddable":true,"href":"https:\/\/sindaopcpb.org.br\/index.php\/wp-json\/wp\/v2\/comments?post=45892"}],"version-history":[{"count":2,"href":"https:\/\/sindaopcpb.org.br\/index.php\/wp-json\/wp\/v2\/posts\/45892\/revisions"}],"predecessor-version":[{"id":45903,"href":"https:\/\/sindaopcpb.org.br\/index.php\/wp-json\/wp\/v2\/posts\/45892\/revisions\/45903"}],"wp:attachment":[{"href":"https:\/\/sindaopcpb.org.br\/index.php\/wp-json\/wp\/v2\/media?parent=45892"}],"wp:term":[{"taxonomy":"category","embeddable":true,"href":"https:\/\/sindaopcpb.org.br\/index.php\/wp-json\/wp\/v2\/categories?post=45892"},{"taxonomy":"post_tag","embeddable":true,"href":"https:\/\/sindaopcpb.org.br\/index.php\/wp-json\/wp\/v2\/tags?post=45892"}],"curies":[{"name":"wp","href":"https:\/\/api.w.org\/{rel}","templated":true}]}}