{"id":45867,"date":"2024-03-24T10:50:52","date_gmt":"2024-03-24T13:50:52","guid":{"rendered":"https:\/\/www.pbagora.com.br\/?p=818121"},"modified":"2024-03-24T17:50:52","modified_gmt":"2024-03-24T20:50:52","slug":"primo-da-prefeita-de-cruz-de-espirito-santo-na-paraiba-e-morto-a-tiros-gestora-se-manifesta","status":"publish","type":"post","link":"https:\/\/sindaopcpb.org.br\/index.php\/2024\/03\/24\/primo-da-prefeita-de-cruz-de-espirito-santo-na-paraiba-e-morto-a-tiros-gestora-se-manifesta\/","title":{"rendered":"Primo da prefeita de Cruz de Esp\u00edrito Santo, na Para\u00edba, \u00e9 morto a tiros; gestora se manifesta"},"content":{"rendered":"<p><img width=\"535\" height=\"482\" src=\"https:\/\/pbagora.s3.amazonaws.com\/2024\/03\/24105039\/Captura-de-tela-2024-03-24-105006.png\" class=\"attachment-large size-large wp-post-image\" alt=\"\" style=\"margin-bottom: 20px;\" decoding=\"async\" srcset=\"https:\/\/pbagora.s3.amazonaws.com\/2024\/03\/24105039\/Captura-de-tela-2024-03-24-105006.png 535w, https:\/\/pbagora.s3.amazonaws.com\/2024\/03\/24105039\/Captura-de-tela-2024-03-24-105006-300x270.png 300w, https:\/\/pbagora.s3.amazonaws.com\/2024\/03\/24105039\/Captura-de-tela-2024-03-24-105006-150x135.png 150w, https:\/\/pbagora.s3.amazonaws.com\/2024\/03\/24105039\/Captura-de-tela-2024-03-24-105006-380x342.png 380w, https:\/\/pbagora.s3.amazonaws.com\/2024\/03\/24105039\/Captura-de-tela-2024-03-24-105006-80x72.png 80w\" sizes=\"(max-width: 535px) 100vw, 535px\" \/><\/p><p>A prefeita da cidade de Cruz do Esp\u00edrito Santo, na regi\u00e3o da Zona da Mata paraibana, Aliny Cibely, conhecida como Aline Pov\u00e3o, recorreu \u00e0s redes sociais para expressar sua consterna\u00e7\u00e3o diante da tr\u00e1gica perda de um parente pr\u00f3ximo. Seu primo, identificado como Juninho, foi encontrado sem vida na manh\u00e3 de ontem, s\u00e1bado (23), v\u00edtima de disparos de arma de fogo.<\/p>\n<p>Em suas palavras de lamento, a gestora compartilhou uma reflex\u00e3o sobre os perigos das drogas: &#8220;As drogas oferecem uma sa\u00edda tempor\u00e1ria para os seus problemas, s\u00f3 que elas acabam criando problemas ainda maiores e mais dif\u00edceis de resolver. N\u00e3o permita que a droga escreva o resto da sua hist\u00f3ria!&#8221;<\/p>\n<blockquote class=\"instagram-media\" style=\"background: #FFF; border: 0; border-radius: 3px; box-shadow: 0 0 1px 0 rgba(0,0,0,0.5),0 1px 10px 0 rgba(0,0,0,0.15); margin: 1px; max-width: 540px; min-width: 326px; padding: 0; width: calc(100% - 2px);\" data-instgrm-captioned=\"\" data-instgrm-permalink=\"https:\/\/www.instagram.com\/p\/C426BLPOy5W\/?utm_source=ig_embed&amp;utm_campaign=loading\" data-instgrm-version=\"14\">\n<div style=\"padding: 16px;\">\n<p>&nbsp;<\/p>\n<div style=\"display: flex; flex-direction: row; align-items: center;\">\n<div style=\"background-color: #f4f4f4; border-radius: 50%; flex-grow: 0; height: 40px; margin-right: 14px; width: 40px;\"><\/div>\n<div style=\"display: flex; flex-direction: column; flex-grow: 1; justify-content: center;\">\n<div style=\"background-color: #f4f4f4; border-radius: 4px; flex-grow: 0; height: 14px; margin-bottom: 6px; width: 100px;\"><\/div>\n<div style=\"background-color: #f4f4f4; border-radius: 4px; flex-grow: 0; height: 14px; width: 60px;\"><\/div>\n<\/div>\n<\/div>\n<div style=\"padding: 19% 0;\"><\/div>\n<div style=\"display: block; height: 50px; margin: 0 auto 12px; width: 50px;\"><\/div>\n<div style=\"padding-top: 8px;\">\n<div style=\"color: #3897f0; font-family: Arial,sans-serif; font-size: 14px; font-style: normal; font-weight: 550; line-height: 18px;\">Ver essa foto no Instagram<\/div>\n<\/div>\n<div style=\"padding: 12.5% 0;\"><\/div>\n<div style=\"display: flex; flex-direction: row; margin-bottom: 14px; align-items: center;\">\n<div>\n<div style=\"background-color: #f4f4f4; border-radius: 50%; height: 12.5px; width: 12.5px; transform: translateX(0px) translateY(7px);\"><\/div>\n<div style=\"background-color: #f4f4f4; height: 12.5px; transform: rotate(-45deg) translateX(3px) translateY(1px); width: 12.5px; flex-grow: 0; margin-right: 14px; margin-left: 2px;\"><\/div>\n<div style=\"background-color: #f4f4f4; border-radius: 50%; height: 12.5px; width: 12.5px; transform: translateX(9px) translateY(-18px);\"><\/div>\n<\/div>\n<div style=\"margin-left: 8px;\">\n<div style=\"background-color: #f4f4f4; border-radius: 50%; flex-grow: 0; height: 20px; width: 20px;\"><\/div>\n<div style=\"width: 0; height: 0; border-top: 2px solid transparent; border-left: 6px solid #f4f4f4; border-bottom: 2px solid transparent; transform: translateX(16px) translateY(-4px) rotate(30deg);\"><\/div>\n<\/div>\n<div style=\"margin-left: auto;\">\n<div style=\"width: 0px; border-top: 8px solid #F4F4F4; border-right: 8px solid transparent; transform: translateY(16px);\"><\/div>\n<div style=\"background-color: #f4f4f4; flex-grow: 0; height: 12px; width: 16px; transform: translateY(-4px);\"><\/div>\n<div style=\"width: 0; height: 0; border-top: 8px solid #F4F4F4; border-left: 8px solid transparent; transform: translateY(-4px) translateX(8px);\"><\/div>\n<\/div>\n<\/div>\n<div style=\"display: flex; flex-direction: column; flex-grow: 1; justify-content: center; margin-bottom: 24px;\">\n<div style=\"background-color: #f4f4f4; border-radius: 4px; flex-grow: 0; height: 14px; margin-bottom: 6px; width: 224px;\"><\/div>\n<div style=\"background-color: #f4f4f4; border-radius: 4px; flex-grow: 0; height: 14px; width: 144px;\"><\/div>\n<\/div>\n<p>&nbsp;<\/p>\n<p style=\"color: #c9c8cd; font-family: Arial,sans-serif; font-size: 14px; line-height: 17px; margin-bottom: 0; margin-top: 8px; overflow: hidden; padding: 8px 0 7px; text-align: center; text-overflow: ellipsis; white-space: nowrap;\"><a style=\"color: #c9c8cd; font-family: Arial,sans-serif; font-size: 14px; font-style: normal; font-weight: normal; line-height: 17px; text-decoration: none;\" href=\"https:\/\/www.instagram.com\/p\/C426BLPOy5W\/?utm_source=ig_embed&amp;utm_campaign=loading\"  rel=\"noopener\">Uma publica\u00e7\u00e3o compartilhada por Prefeita Aliny Pova\u0303o (@alinypovao)<\/a><\/p>\n<\/div>\n<\/blockquote>\n<p><script async src=\"https:\/\/www.instagram.com\/embed.js\"><\/script><\/p>\n<p>O corpo de Juninho exibia marcas de tiros nas costas e no t\u00f3rax. Testemunhas relataram ter ouvido disparos durante a madrugada, mas o corpo s\u00f3 foi descoberto pela manh\u00e3, em um terreno na Zona Urbana do munic\u00edpio. As autoridades policiais j\u00e1 est\u00e3o conduzindo investiga\u00e7\u00f5es sobre o caso, por\u00e9m, at\u00e9 o momento, nenhum suspeito foi detido.<\/p>\n<p>&nbsp;<\/p>\n<p><em><strong>Reda\u00e7\u00e3o<\/strong><\/em><\/p>\n<p>&nbsp;<\/p>\n<p>&nbsp;<\/p>\n<p>&nbsp;<\/p>\n","protected":false},"excerpt":{"rendered":"<p><img loading=\"lazy\" decoding=\"async\" width=\"535\" height=\"482\" src=\"https:\/\/pbagora.s3.amazonaws.com\/2024\/03\/24105039\/Captura-de-tela-2024-03-24-105006.png\" class=\"attachment-large size-large wp-post-image\" alt=\"\"><\/p>\n<p>A prefeita da cidade de Cruz do Esp\u00edrito Santo, na regi\u00e3o da Zona da Mata paraibana, Aliny Cibely,\u2026<\/p>\n","protected":false},"author":123457,"featured_media":0,"comment_status":"closed","ping_status":"closed","sticky":false,"template":"","format":"standard","meta":{"advgb_blocks_editor_width":"","advgb_blocks_columns_visual_guide":"","footnotes":""},"categories":[34,66,10829],"tags":[35],"class_list":["post-45867","post","type-post","status-publish","format-standard","hentry","category-g1","category-policial","category-rodape-03","tag-g1"],"author_meta":{"display_name":"Reda\u00e7\u00e3o","author_link":"https:\/\/sindaopcpb.org.br\/author\/redacao\/"},"featured_img":null,"coauthors":[],"tax_additional":{"categories":{"linked":["<a href=\"https:\/\/sindaopcpb.org.br\/g1\/\" class=\"advgb-post-tax-term\">G1<\/a>","<a href=\"https:\/\/sindaopcpb.org.br\/policial\/\" class=\"advgb-post-tax-term\">Policial<\/a>","<a href=\"https:\/\/sindaopcpb.org.br\/rodape-03\/\" class=\"advgb-post-tax-term\">Rodape 03<\/a>"],"unlinked":["<span class=\"advgb-post-tax-term\">G1<\/span>","<span class=\"advgb-post-tax-term\">Policial<\/span>","<span class=\"advgb-post-tax-term\">Rodape 03<\/span>"]},"tags":{"linked":["<a href=\"https:\/\/sindaopcpb.org.br\/rodape-03\/\" class=\"advgb-post-tax-term\">g1<\/a>"],"unlinked":["<span class=\"advgb-post-tax-term\">g1<\/span>"]}},"comment_count":"0","relative_dates":{"created":"Publicado 2 anos atr\u00e1s","modified":"Atualizado 2 anos atr\u00e1s"},"absolute_dates":{"created":"Publicado em 24 de mar\u00e7o de 2024","modified":"Atualizado em 24 de mar\u00e7o de 2024"},"absolute_dates_time":{"created":"Publicado em 24 de mar\u00e7o de 2024 10:50","modified":"Atualizado em 24 de mar\u00e7o de 2024 17:50"},"featured_img_caption":"","series_order":"","_links":{"self":[{"href":"https:\/\/sindaopcpb.org.br\/index.php\/wp-json\/wp\/v2\/posts\/45867","targetHints":{"allow":["GET"]}}],"collection":[{"href":"https:\/\/sindaopcpb.org.br\/index.php\/wp-json\/wp\/v2\/posts"}],"about":[{"href":"https:\/\/sindaopcpb.org.br\/index.php\/wp-json\/wp\/v2\/types\/post"}],"author":[{"embeddable":true,"href":"https:\/\/sindaopcpb.org.br\/index.php\/wp-json\/wp\/v2\/users\/123457"}],"replies":[{"embeddable":true,"href":"https:\/\/sindaopcpb.org.br\/index.php\/wp-json\/wp\/v2\/comments?post=45867"}],"version-history":[{"count":3,"href":"https:\/\/sindaopcpb.org.br\/index.php\/wp-json\/wp\/v2\/posts\/45867\/revisions"}],"predecessor-version":[{"id":45880,"href":"https:\/\/sindaopcpb.org.br\/index.php\/wp-json\/wp\/v2\/posts\/45867\/revisions\/45880"}],"wp:attachment":[{"href":"https:\/\/sindaopcpb.org.br\/index.php\/wp-json\/wp\/v2\/media?parent=45867"}],"wp:term":[{"taxonomy":"category","embeddable":true,"href":"https:\/\/sindaopcpb.org.br\/index.php\/wp-json\/wp\/v2\/categories?post=45867"},{"taxonomy":"post_tag","embeddable":true,"href":"https:\/\/sindaopcpb.org.br\/index.php\/wp-json\/wp\/v2\/tags?post=45867"}],"curies":[{"name":"wp","href":"https:\/\/api.w.org\/{rel}","templated":true}]}}