{"id":45853,"date":"2024-03-23T12:46:12","date_gmt":"2024-03-23T15:46:12","guid":{"rendered":"https:\/\/www.pbagora.com.br\/?p=818016"},"modified":"2024-03-23T17:46:12","modified_gmt":"2024-03-23T20:46:12","slug":"homem-em-surto-e-detido-apos-ameacar-pessoas-com-faca-em-joao-pessoa","status":"publish","type":"post","link":"https:\/\/sindaopcpb.org.br\/index.php\/2024\/03\/23\/homem-em-surto-e-detido-apos-ameacar-pessoas-com-faca-em-joao-pessoa\/","title":{"rendered":"Homem em surto \u00e9 detido ap\u00f3s amea\u00e7ar pessoas com faca, em Jo\u00e3o Pessoa"},"content":{"rendered":"<p><img width=\"678\" height=\"452\" src=\"https:\/\/pbagora.s3.amazonaws.com\/20191031104907\/trauminha2.jpg\" class=\"attachment-large size-large wp-post-image\" alt=\"\" style=\"margin-bottom: 20px;\" decoding=\"async\" srcset=\"https:\/\/pbagora.s3.amazonaws.com\/20191031104907\/trauminha2.jpg 678w, https:\/\/pbagora.s3.amazonaws.com\/20191031104907\/trauminha2-300x200.jpg 300w, https:\/\/pbagora.s3.amazonaws.com\/20191031104907\/trauminha2-150x100.jpg 150w, https:\/\/pbagora.s3.amazonaws.com\/20191031104907\/trauminha2-80x53.jpg 80w, https:\/\/pbagora.s3.amazonaws.com\/20191031104907\/trauminha2-600x400.jpg 600w\" sizes=\"(max-width: 678px) 100vw, 678px\" \/><\/p><p>Nesse s\u00e1bado (23), um homem armado com uma faca foi detido ap\u00f3s amea\u00e7ar moradores do bairro dos Novais, na cidade de Jo\u00e3o Pessoa.<\/p>\n<p>De acordo com informa\u00e7\u00f5es fornecidas pela Pol\u00edcia Militar, o indiv\u00edduo estava percorrendo as ruas do bairro portando uma faca e fazendo amea\u00e7as aos moradores locais.<\/p>\n<p>Ap\u00f3s receberem o alerta dos moradores, os policiais conseguiram deter o suspeito. Adicionalmente, o Servi\u00e7o de Atendimento M\u00f3vel de Urg\u00eancia (SAMU) foi acionado para prestar assist\u00eancia ao homem e conduzi-lo at\u00e9 uma ala psiqui\u00e1trica do Hospital Trauminha, localizado em Mangabeira.<\/p>\n<p><strong>PB Agora<\/strong><\/p>\n","protected":false},"excerpt":{"rendered":"<p><img loading=\"lazy\" decoding=\"async\" width=\"678\" height=\"452\" src=\"https:\/\/pbagora.s3.amazonaws.com\/20191031104907\/trauminha2.jpg\" class=\"attachment-large size-large wp-post-image\" alt=\"\"><\/p>\n<p>Nesse s\u00e1bado (23), um homem armado com uma faca foi detido ap\u00f3s amea\u00e7ar moradores do bairro dos Novais,\u2026<\/p>\n","protected":false},"author":123457,"featured_media":0,"comment_status":"closed","ping_status":"closed","sticky":false,"template":"","format":"standard","meta":{"advgb_blocks_editor_width":"","advgb_blocks_columns_visual_guide":"","footnotes":""},"categories":[34,66,10827],"tags":[35],"class_list":["post-45853","post","type-post","status-publish","format-standard","hentry","category-g1","category-policial","category-rodape-02","tag-g1"],"author_meta":{"display_name":"Reda\u00e7\u00e3o","author_link":"https:\/\/sindaopcpb.org.br\/author\/redacao\/"},"featured_img":null,"coauthors":[],"tax_additional":{"categories":{"linked":["<a href=\"https:\/\/sindaopcpb.org.br\/g1\/\" class=\"advgb-post-tax-term\">G1<\/a>","<a href=\"https:\/\/sindaopcpb.org.br\/policial\/\" class=\"advgb-post-tax-term\">Policial<\/a>","<a href=\"https:\/\/sindaopcpb.org.br\/rodape-02\/\" class=\"advgb-post-tax-term\">Rodape 02<\/a>"],"unlinked":["<span class=\"advgb-post-tax-term\">G1<\/span>","<span class=\"advgb-post-tax-term\">Policial<\/span>","<span class=\"advgb-post-tax-term\">Rodape 02<\/span>"]},"tags":{"linked":["<a href=\"https:\/\/sindaopcpb.org.br\/rodape-02\/\" class=\"advgb-post-tax-term\">g1<\/a>"],"unlinked":["<span class=\"advgb-post-tax-term\">g1<\/span>"]}},"comment_count":"0","relative_dates":{"created":"Publicado 2 anos atr\u00e1s","modified":"Atualizado 2 anos atr\u00e1s"},"absolute_dates":{"created":"Publicado em 23 de mar\u00e7o de 2024","modified":"Atualizado em 23 de mar\u00e7o de 2024"},"absolute_dates_time":{"created":"Publicado em 23 de mar\u00e7o de 2024 12:46","modified":"Atualizado em 23 de mar\u00e7o de 2024 17:46"},"featured_img_caption":"","series_order":"","_links":{"self":[{"href":"https:\/\/sindaopcpb.org.br\/index.php\/wp-json\/wp\/v2\/posts\/45853","targetHints":{"allow":["GET"]}}],"collection":[{"href":"https:\/\/sindaopcpb.org.br\/index.php\/wp-json\/wp\/v2\/posts"}],"about":[{"href":"https:\/\/sindaopcpb.org.br\/index.php\/wp-json\/wp\/v2\/types\/post"}],"author":[{"embeddable":true,"href":"https:\/\/sindaopcpb.org.br\/index.php\/wp-json\/wp\/v2\/users\/123457"}],"replies":[{"embeddable":true,"href":"https:\/\/sindaopcpb.org.br\/index.php\/wp-json\/wp\/v2\/comments?post=45853"}],"version-history":[{"count":4,"href":"https:\/\/sindaopcpb.org.br\/index.php\/wp-json\/wp\/v2\/posts\/45853\/revisions"}],"predecessor-version":[{"id":45870,"href":"https:\/\/sindaopcpb.org.br\/index.php\/wp-json\/wp\/v2\/posts\/45853\/revisions\/45870"}],"wp:attachment":[{"href":"https:\/\/sindaopcpb.org.br\/index.php\/wp-json\/wp\/v2\/media?parent=45853"}],"wp:term":[{"taxonomy":"category","embeddable":true,"href":"https:\/\/sindaopcpb.org.br\/index.php\/wp-json\/wp\/v2\/categories?post=45853"},{"taxonomy":"post_tag","embeddable":true,"href":"https:\/\/sindaopcpb.org.br\/index.php\/wp-json\/wp\/v2\/tags?post=45853"}],"curies":[{"name":"wp","href":"https:\/\/api.w.org\/{rel}","templated":true}]}}