{"id":45843,"date":"2024-03-22T15:00:36","date_gmt":"2024-03-22T18:00:36","guid":{"rendered":"https:\/\/www.pbagora.com.br\/?p=817853"},"modified":"2024-03-22T17:32:36","modified_gmt":"2024-03-22T20:32:36","slug":"caminhoneiro-e-preso-por-estupro-de-menor-apos-abordagem-da-prf-na-br-101","status":"publish","type":"post","link":"https:\/\/sindaopcpb.org.br\/index.php\/2024\/03\/22\/caminhoneiro-e-preso-por-estupro-de-menor-apos-abordagem-da-prf-na-br-101\/","title":{"rendered":"Caminhoneiro \u00e9 preso por estupro de menor ap\u00f3s abordagem da PRF na BR-101"},"content":{"rendered":"<p><img width=\"687\" height=\"381\" src=\"https:\/\/pbagora.s3.amazonaws.com\/2023\/07\/04154737\/PRF-apreende-moto.jpeg\" class=\"attachment-large size-large wp-post-image\" alt=\"\" style=\"margin-bottom: 20px;\" decoding=\"async\" srcset=\"https:\/\/pbagora.s3.amazonaws.com\/2023\/07\/04154737\/PRF-apreende-moto.jpeg 687w, https:\/\/pbagora.s3.amazonaws.com\/2023\/07\/04154737\/PRF-apreende-moto-300x166.jpeg 300w, https:\/\/pbagora.s3.amazonaws.com\/2023\/07\/04154737\/PRF-apreende-moto-150x83.jpeg 150w, https:\/\/pbagora.s3.amazonaws.com\/2023\/07\/04154737\/PRF-apreende-moto-380x211.jpeg 380w, https:\/\/pbagora.s3.amazonaws.com\/2023\/07\/04154737\/PRF-apreende-moto-80x44.jpeg 80w, https:\/\/pbagora.s3.amazonaws.com\/2023\/07\/04154737\/PRF-apreende-moto-600x333.jpeg 600w\" sizes=\"(max-width: 687px) 100vw, 687px\" \/><\/p><p>Mamanguape (PB), 22\/03\/2024 \u2014 A Pol\u00edcia Rodovi\u00e1ria Federal (PRF) na Para\u00edba prendeu, na tarde da \u00faltima quinta-feira (21), um homem com mandado de pris\u00e3o em seu desfavor. O indiv\u00edduo era procurado pela pr\u00e1tica de conjun\u00e7\u00e3o carnal ou outro ato libidinoso com menor de 14 anos.<\/p>\n<p>Equipe policial realizava fiscaliza\u00e7\u00e3o de rotina na BR-101, km 31, por volta das 14h45, no litoral norte paraibano, pr\u00f3ximo \u00e0 Unidade Operacional da PRF do munic\u00edpio de Mamanguape\u2013PB, quando visualizou e abordou um caminh\u00e3o Scania\/P320 B8x2. Seguindo os protocolos padr\u00e3o, foram solicitados os documentos fiscais da carga, do ve\u00edculo e pessoais do condutor. N\u00e3o foi encontrada nenhuma irregularidade em rela\u00e7\u00e3o \u00e0 carga e ao ve\u00edculo. Contudo, ao realizarem consultas aos sistemas de seguran\u00e7a, foi localizado um mandado de pris\u00e3o em desfavor do caminhoneiro. O homem de 38 anos era procurado pela Justi\u00e7a pelo crime de estupro de vulner\u00e1vel.<\/p>\n<p>O indiv\u00edduo foi preso e encaminhado para a Delegacia de Pol\u00edcia Judici\u00e1ria do munic\u00edpio, onde ficar\u00e1 \u00e0 disposi\u00e7\u00e3o das autoridades cab\u00edveis para cumprimento da pena imposta pela Justi\u00e7a, o caminh\u00e3o foi removido para o p\u00e1tio conveniado da PRF.<\/p>\n<p>&nbsp;<\/p>\n<p><strong><em>PB Agora<\/em><\/strong><\/p>\n","protected":false},"excerpt":{"rendered":"<p><img loading=\"lazy\" decoding=\"async\" width=\"687\" height=\"381\" src=\"https:\/\/pbagora.s3.amazonaws.com\/2023\/07\/04154737\/PRF-apreende-moto.jpeg\" class=\"attachment-large size-large wp-post-image\" alt=\"\"><\/p>\n<p>Mamanguape (PB), 22\/03\/2024 \u2014 A Pol\u00edcia Rodovi\u00e1ria Federal (PRF) na Para\u00edba prendeu, na tarde da \u00faltima quinta-feira (21),\u2026<\/p>\n","protected":false},"author":123457,"featured_media":0,"comment_status":"closed","ping_status":"closed","sticky":false,"template":"","format":"standard","meta":{"advgb_blocks_editor_width":"","advgb_blocks_columns_visual_guide":"","footnotes":""},"categories":[10806,34,66],"tags":[35],"class_list":["post-45843","post","type-post","status-publish","format-standard","hentry","category-destaque-centro-03","category-g1","category-policial","tag-g1"],"author_meta":{"display_name":"Reda\u00e7\u00e3o","author_link":"https:\/\/sindaopcpb.org.br\/author\/redacao\/"},"featured_img":null,"coauthors":[],"tax_additional":{"categories":{"linked":["<a href=\"https:\/\/sindaopcpb.org.br\/destaque-centro-03\/\" class=\"advgb-post-tax-term\">Destaque Centro 03<\/a>","<a href=\"https:\/\/sindaopcpb.org.br\/g1\/\" class=\"advgb-post-tax-term\">G1<\/a>","<a href=\"https:\/\/sindaopcpb.org.br\/policial\/\" class=\"advgb-post-tax-term\">Policial<\/a>"],"unlinked":["<span class=\"advgb-post-tax-term\">Destaque Centro 03<\/span>","<span class=\"advgb-post-tax-term\">G1<\/span>","<span class=\"advgb-post-tax-term\">Policial<\/span>"]},"tags":{"linked":["<a href=\"https:\/\/sindaopcpb.org.br\/policial\/\" class=\"advgb-post-tax-term\">g1<\/a>"],"unlinked":["<span class=\"advgb-post-tax-term\">g1<\/span>"]}},"comment_count":"0","relative_dates":{"created":"Publicado 2 anos atr\u00e1s","modified":"Atualizado 2 anos atr\u00e1s"},"absolute_dates":{"created":"Publicado em 22 de mar\u00e7o de 2024","modified":"Atualizado em 22 de mar\u00e7o de 2024"},"absolute_dates_time":{"created":"Publicado em 22 de mar\u00e7o de 2024 15:00","modified":"Atualizado em 22 de mar\u00e7o de 2024 17:32"},"featured_img_caption":"","series_order":"","_links":{"self":[{"href":"https:\/\/sindaopcpb.org.br\/index.php\/wp-json\/wp\/v2\/posts\/45843","targetHints":{"allow":["GET"]}}],"collection":[{"href":"https:\/\/sindaopcpb.org.br\/index.php\/wp-json\/wp\/v2\/posts"}],"about":[{"href":"https:\/\/sindaopcpb.org.br\/index.php\/wp-json\/wp\/v2\/types\/post"}],"author":[{"embeddable":true,"href":"https:\/\/sindaopcpb.org.br\/index.php\/wp-json\/wp\/v2\/users\/123457"}],"replies":[{"embeddable":true,"href":"https:\/\/sindaopcpb.org.br\/index.php\/wp-json\/wp\/v2\/comments?post=45843"}],"version-history":[{"count":3,"href":"https:\/\/sindaopcpb.org.br\/index.php\/wp-json\/wp\/v2\/posts\/45843\/revisions"}],"predecessor-version":[{"id":45851,"href":"https:\/\/sindaopcpb.org.br\/index.php\/wp-json\/wp\/v2\/posts\/45843\/revisions\/45851"}],"wp:attachment":[{"href":"https:\/\/sindaopcpb.org.br\/index.php\/wp-json\/wp\/v2\/media?parent=45843"}],"wp:term":[{"taxonomy":"category","embeddable":true,"href":"https:\/\/sindaopcpb.org.br\/index.php\/wp-json\/wp\/v2\/categories?post=45843"},{"taxonomy":"post_tag","embeddable":true,"href":"https:\/\/sindaopcpb.org.br\/index.php\/wp-json\/wp\/v2\/tags?post=45843"}],"curies":[{"name":"wp","href":"https:\/\/api.w.org\/{rel}","templated":true}]}}