{"id":45824,"date":"2024-03-21T19:25:57","date_gmt":"2024-03-21T22:25:57","guid":{"rendered":"https:\/\/www.pbagora.com.br\/?p=817615"},"modified":"2024-03-21T19:25:57","modified_gmt":"2024-03-21T22:25:57","slug":"mentor-da-barbarie-de-queimadas-passa-mal-durante-audiencia-e-e-levado-a-hospital","status":"publish","type":"post","link":"https:\/\/sindaopcpb.org.br\/index.php\/2024\/03\/21\/mentor-da-barbarie-de-queimadas-passa-mal-durante-audiencia-e-e-levado-a-hospital\/","title":{"rendered":"Mentor da \u2018Barb\u00e1rie de Queimadas\u2019 passa mal durante audi\u00eancia e \u00e9 levado a hospital"},"content":{"rendered":"<p><img width=\"984\" height=\"653\" src=\"https:\/\/pbagora.s3.amazonaws.com\/2024\/03\/19094752\/foto-eduardo.webp\" class=\"attachment-large size-large wp-post-image\" alt=\"\" style=\"margin-bottom: 20px;\" decoding=\"async\" srcset=\"https:\/\/pbagora.s3.amazonaws.com\/2024\/03\/19094752\/foto-eduardo.webp 984w, https:\/\/pbagora.s3.amazonaws.com\/2024\/03\/19094752\/foto-eduardo-300x199.webp 300w, https:\/\/pbagora.s3.amazonaws.com\/2024\/03\/19094752\/foto-eduardo-150x100.webp 150w, https:\/\/pbagora.s3.amazonaws.com\/2024\/03\/19094752\/foto-eduardo-768x510.webp 768w, https:\/\/pbagora.s3.amazonaws.com\/2024\/03\/19094752\/foto-eduardo-380x252.webp 380w, https:\/\/pbagora.s3.amazonaws.com\/2024\/03\/19094752\/foto-eduardo-800x531.webp 800w, https:\/\/pbagora.s3.amazonaws.com\/2024\/03\/19094752\/foto-eduardo-80x53.webp 80w, https:\/\/pbagora.s3.amazonaws.com\/2024\/03\/19094752\/foto-eduardo-760x504.webp 760w, https:\/\/pbagora.s3.amazonaws.com\/2024\/03\/19094752\/foto-eduardo-600x398.webp 600w\" sizes=\"(max-width: 984px) 100vw, 984px\" \/><\/p><p>Durante Audi\u00eancia de Cust\u00f3dia Eduardo dos Santos Pereira, o mentor do caso da \u201cBarb\u00e1rie de Queimadas\u201d, passou mal. A Justi\u00e7a manteve a pris\u00e3o de Eduardo.<\/p>\n<p>Realizada nesta quinta-feira (21) na Central de Audi\u00eancia de Cust\u00f3dia de Benfica, no Rio de Janeiro, a audi\u00eancia de cust\u00f3dia precisou ser interrompida. Eduardo teria tido um mal estar e precisou ser levado a um hospital.<\/p>\n<p>Estabilizado, consciente e orientado, o preso recapturado voltou \u00e0 audi\u00eancia e e teve sua pris\u00e3o mantida pelo Tribunal de Justi\u00e7a do Rio de Janeiro.<\/p>\n<p>Eduardo continua preso no pres\u00eddio de Benfica e a Justi\u00e7a do Estado do Rio de Janeiro ainda n\u00e3o divulgou como e quando ser\u00e1 feito o translado do mentor da &#8216;B\u00e1rbarie de Queimadas&#8217; para a Para\u00edba.<\/p>\n<p>&nbsp;<\/p>\n<p><em><strong>PB Agora<\/strong><\/em><\/p>\n","protected":false},"excerpt":{"rendered":"<p><img loading=\"lazy\" decoding=\"async\" width=\"984\" height=\"653\" src=\"https:\/\/pbagora.s3.amazonaws.com\/2024\/03\/19094752\/foto-eduardo.webp\" class=\"attachment-large size-large wp-post-image\" alt=\"\"><\/p>\n<p>Durante Audi\u00eancia de Cust\u00f3dia Eduardo dos Santos Pereira, o mentor do caso da \u201cBarb\u00e1rie de Queimadas\u201d, passou mal.\u2026<\/p>\n","protected":false},"author":123457,"featured_media":0,"comment_status":"closed","ping_status":"closed","sticky":false,"template":"","format":"standard","meta":{"advgb_blocks_editor_width":"","advgb_blocks_columns_visual_guide":"","footnotes":""},"categories":[10823,34,66],"tags":[35],"class_list":["post-45824","post","type-post","status-publish","format-standard","hentry","category-destaque-centro-01","category-g1","category-policial","tag-g1"],"author_meta":{"display_name":"Reda\u00e7\u00e3o","author_link":"https:\/\/sindaopcpb.org.br\/author\/redacao\/"},"featured_img":null,"coauthors":[],"tax_additional":{"categories":{"linked":["<a href=\"https:\/\/sindaopcpb.org.br\/destaque-centro-01\/\" class=\"advgb-post-tax-term\">Destaque Centro 01<\/a>","<a href=\"https:\/\/sindaopcpb.org.br\/g1\/\" class=\"advgb-post-tax-term\">G1<\/a>","<a href=\"https:\/\/sindaopcpb.org.br\/policial\/\" class=\"advgb-post-tax-term\">Policial<\/a>"],"unlinked":["<span class=\"advgb-post-tax-term\">Destaque Centro 01<\/span>","<span class=\"advgb-post-tax-term\">G1<\/span>","<span class=\"advgb-post-tax-term\">Policial<\/span>"]},"tags":{"linked":["<a href=\"https:\/\/sindaopcpb.org.br\/policial\/\" class=\"advgb-post-tax-term\">g1<\/a>"],"unlinked":["<span class=\"advgb-post-tax-term\">g1<\/span>"]}},"comment_count":"0","relative_dates":{"created":"Publicado 2 anos atr\u00e1s","modified":"Atualizado 2 anos atr\u00e1s"},"absolute_dates":{"created":"Publicado em 21 de mar\u00e7o de 2024","modified":"Atualizado em 21 de mar\u00e7o de 2024"},"absolute_dates_time":{"created":"Publicado em 21 de mar\u00e7o de 2024 19:25","modified":"Atualizado em 21 de mar\u00e7o de 2024 19:25"},"featured_img_caption":"","series_order":"","_links":{"self":[{"href":"https:\/\/sindaopcpb.org.br\/index.php\/wp-json\/wp\/v2\/posts\/45824","targetHints":{"allow":["GET"]}}],"collection":[{"href":"https:\/\/sindaopcpb.org.br\/index.php\/wp-json\/wp\/v2\/posts"}],"about":[{"href":"https:\/\/sindaopcpb.org.br\/index.php\/wp-json\/wp\/v2\/types\/post"}],"author":[{"embeddable":true,"href":"https:\/\/sindaopcpb.org.br\/index.php\/wp-json\/wp\/v2\/users\/123457"}],"replies":[{"embeddable":true,"href":"https:\/\/sindaopcpb.org.br\/index.php\/wp-json\/wp\/v2\/comments?post=45824"}],"version-history":[{"count":2,"href":"https:\/\/sindaopcpb.org.br\/index.php\/wp-json\/wp\/v2\/posts\/45824\/revisions"}],"predecessor-version":[{"id":45832,"href":"https:\/\/sindaopcpb.org.br\/index.php\/wp-json\/wp\/v2\/posts\/45824\/revisions\/45832"}],"wp:attachment":[{"href":"https:\/\/sindaopcpb.org.br\/index.php\/wp-json\/wp\/v2\/media?parent=45824"}],"wp:term":[{"taxonomy":"category","embeddable":true,"href":"https:\/\/sindaopcpb.org.br\/index.php\/wp-json\/wp\/v2\/categories?post=45824"},{"taxonomy":"post_tag","embeddable":true,"href":"https:\/\/sindaopcpb.org.br\/index.php\/wp-json\/wp\/v2\/tags?post=45824"}],"curies":[{"name":"wp","href":"https:\/\/api.w.org\/{rel}","templated":true}]}}