{"id":45812,"date":"2024-03-21T14:00:44","date_gmt":"2024-03-21T17:00:44","guid":{"rendered":"https:\/\/www.pbagora.com.br\/?p=817537"},"modified":"2024-03-21T14:00:44","modified_gmt":"2024-03-21T17:00:44","slug":"operacao-integrada-prende-grupo-criminoso-por-ameacar-e-expulsar-moradores-de-comunidade-em-pitimbu-pb","status":"publish","type":"post","link":"https:\/\/sindaopcpb.org.br\/index.php\/2024\/03\/21\/operacao-integrada-prende-grupo-criminoso-por-ameacar-e-expulsar-moradores-de-comunidade-em-pitimbu-pb\/","title":{"rendered":"Opera\u00e7\u00e3o integrada prende grupo criminoso por amea\u00e7ar e expulsar moradores de comunidade em Pitimbu, PB"},"content":{"rendered":"<p><img width=\"548\" height=\"376\" src=\"https:\/\/pbagora.s3.amazonaws.com\/2024\/03\/21132409\/Captura-de-tela-2024-03-21-132339.png\" class=\"attachment-large size-large wp-post-image\" alt=\"\" style=\"margin-bottom: 20px;\" decoding=\"async\" srcset=\"https:\/\/pbagora.s3.amazonaws.com\/2024\/03\/21132409\/Captura-de-tela-2024-03-21-132339.png 548w, https:\/\/pbagora.s3.amazonaws.com\/2024\/03\/21132409\/Captura-de-tela-2024-03-21-132339-300x206.png 300w, https:\/\/pbagora.s3.amazonaws.com\/2024\/03\/21132409\/Captura-de-tela-2024-03-21-132339-150x103.png 150w, https:\/\/pbagora.s3.amazonaws.com\/2024\/03\/21132409\/Captura-de-tela-2024-03-21-132339-380x261.png 380w, https:\/\/pbagora.s3.amazonaws.com\/2024\/03\/21132409\/Captura-de-tela-2024-03-21-132339-80x55.png 80w\" sizes=\"(max-width: 548px) 100vw, 548px\" \/><\/p><p>Seis pessoas foram presas nesta quinta-feira (21) durante uma opera\u00e7\u00e3o integrada das pol\u00edcias Civil e Militar na cidade de Pitimbu, na Para\u00edba. O grupo criminoso, investigado h\u00e1 cerca de seis meses, \u00e9 acusado de amea\u00e7ar e expulsar moradores de uma comunidade local. Al\u00e9m das deten\u00e7\u00f5es, foram apreendidas armas e drogas durante a a\u00e7\u00e3o.<\/p>\n<p>Segundo informa\u00e7\u00f5es da Pol\u00edcia Civil, os criminosos t\u00eam envolvimento com o tr\u00e1fico de drogas e o com\u00e9rcio ilegal de armas na regi\u00e3o. Uma das estrat\u00e9gias adotadas pelo grupo era a expuls\u00e3o de moradores da comunidade, chegando at\u00e9 mesmo a coagir fam\u00edlias inteiras. O delegado Hass, que participou da opera\u00e7\u00e3o, destacou que, quando a coa\u00e7\u00e3o n\u00e3o funcionava, os criminosos recorriam \u00e0 viol\u00eancia, incluindo agress\u00f5es e homic\u00eddios.<\/p>\n<p>Ao todo, foram cumpridos 11 mandados de busca e apreens\u00e3o, resultando na apreens\u00e3o de armas, drogas e outros materiais il\u00edcitos.<\/p>\n<p>A a\u00e7\u00e3o policial representa um importante avan\u00e7o na luta contra o crime organizado na regi\u00e3o, proporcionando mais seguran\u00e7a e tranquilidade para os moradores da comunidade afetada. As investiga\u00e7\u00f5es continuam para identificar outros envolvidos e desarticular completamente a atua\u00e7\u00e3o criminosa na \u00e1rea.<\/p>\n","protected":false},"excerpt":{"rendered":"<p><img loading=\"lazy\" decoding=\"async\" width=\"548\" height=\"376\" src=\"https:\/\/pbagora.s3.amazonaws.com\/2024\/03\/21132409\/Captura-de-tela-2024-03-21-132339.png\" class=\"attachment-large size-large wp-post-image\" alt=\"\"><\/p>\n<p>Seis pessoas foram presas nesta quinta-feira (21) durante uma opera\u00e7\u00e3o integrada das pol\u00edcias Civil e Militar na cidade\u2026<\/p>\n","protected":false},"author":123457,"featured_media":0,"comment_status":"closed","ping_status":"closed","sticky":false,"template":"","format":"standard","meta":{"advgb_blocks_editor_width":"","advgb_blocks_columns_visual_guide":"","footnotes":""},"categories":[10806,34,66],"tags":[35],"class_list":["post-45812","post","type-post","status-publish","format-standard","hentry","category-destaque-centro-03","category-g1","category-policial","tag-g1"],"author_meta":{"display_name":"Reda\u00e7\u00e3o","author_link":"https:\/\/sindaopcpb.org.br\/author\/redacao\/"},"featured_img":null,"coauthors":[],"tax_additional":{"categories":{"linked":["<a href=\"https:\/\/sindaopcpb.org.br\/destaque-centro-03\/\" class=\"advgb-post-tax-term\">Destaque Centro 03<\/a>","<a href=\"https:\/\/sindaopcpb.org.br\/g1\/\" class=\"advgb-post-tax-term\">G1<\/a>","<a href=\"https:\/\/sindaopcpb.org.br\/policial\/\" class=\"advgb-post-tax-term\">Policial<\/a>"],"unlinked":["<span class=\"advgb-post-tax-term\">Destaque Centro 03<\/span>","<span class=\"advgb-post-tax-term\">G1<\/span>","<span class=\"advgb-post-tax-term\">Policial<\/span>"]},"tags":{"linked":["<a href=\"https:\/\/sindaopcpb.org.br\/policial\/\" class=\"advgb-post-tax-term\">g1<\/a>"],"unlinked":["<span class=\"advgb-post-tax-term\">g1<\/span>"]}},"comment_count":"0","relative_dates":{"created":"Publicado 2 anos atr\u00e1s","modified":"Atualizado 2 anos atr\u00e1s"},"absolute_dates":{"created":"Publicado em 21 de mar\u00e7o de 2024","modified":"Atualizado em 21 de mar\u00e7o de 2024"},"absolute_dates_time":{"created":"Publicado em 21 de mar\u00e7o de 2024 14:00","modified":"Atualizado em 21 de mar\u00e7o de 2024 14:00"},"featured_img_caption":"","series_order":"","_links":{"self":[{"href":"https:\/\/sindaopcpb.org.br\/index.php\/wp-json\/wp\/v2\/posts\/45812","targetHints":{"allow":["GET"]}}],"collection":[{"href":"https:\/\/sindaopcpb.org.br\/index.php\/wp-json\/wp\/v2\/posts"}],"about":[{"href":"https:\/\/sindaopcpb.org.br\/index.php\/wp-json\/wp\/v2\/types\/post"}],"author":[{"embeddable":true,"href":"https:\/\/sindaopcpb.org.br\/index.php\/wp-json\/wp\/v2\/users\/123457"}],"replies":[{"embeddable":true,"href":"https:\/\/sindaopcpb.org.br\/index.php\/wp-json\/wp\/v2\/comments?post=45812"}],"version-history":[{"count":2,"href":"https:\/\/sindaopcpb.org.br\/index.php\/wp-json\/wp\/v2\/posts\/45812\/revisions"}],"predecessor-version":[{"id":45820,"href":"https:\/\/sindaopcpb.org.br\/index.php\/wp-json\/wp\/v2\/posts\/45812\/revisions\/45820"}],"wp:attachment":[{"href":"https:\/\/sindaopcpb.org.br\/index.php\/wp-json\/wp\/v2\/media?parent=45812"}],"wp:term":[{"taxonomy":"category","embeddable":true,"href":"https:\/\/sindaopcpb.org.br\/index.php\/wp-json\/wp\/v2\/categories?post=45812"},{"taxonomy":"post_tag","embeddable":true,"href":"https:\/\/sindaopcpb.org.br\/index.php\/wp-json\/wp\/v2\/tags?post=45812"}],"curies":[{"name":"wp","href":"https:\/\/api.w.org\/{rel}","templated":true}]}}