{"id":45607,"date":"2024-03-15T06:37:03","date_gmt":"2024-03-15T09:37:03","guid":{"rendered":"https:\/\/www.pbagora.com.br\/?p=815798"},"modified":"2024-03-15T06:37:03","modified_gmt":"2024-03-15T09:37:03","slug":"motociclista-morre-apos-acidente-grave-na-br-230-na-entrada-de-campina","status":"publish","type":"post","link":"https:\/\/sindaopcpb.org.br\/index.php\/2024\/03\/15\/motociclista-morre-apos-acidente-grave-na-br-230-na-entrada-de-campina\/","title":{"rendered":"Motociclista morre ap\u00f3s acidente grave na BR-230, na entrada de Campina"},"content":{"rendered":"<p><img width=\"1024\" height=\"768\" src=\"https:\/\/pbagora.s3.amazonaws.com\/2022\/04\/01155339\/prf-recupera-moto-1024x768.jpeg\" class=\"attachment-large size-large wp-post-image\" alt=\"\" style=\"margin-bottom: 20px;\" decoding=\"async\" srcset=\"https:\/\/pbagora.s3.amazonaws.com\/2022\/04\/01155339\/prf-recupera-moto-1024x768.jpeg 1024w, https:\/\/pbagora.s3.amazonaws.com\/2022\/04\/01155339\/prf-recupera-moto-300x225.jpeg 300w, https:\/\/pbagora.s3.amazonaws.com\/2022\/04\/01155339\/prf-recupera-moto-150x113.jpeg 150w, https:\/\/pbagora.s3.amazonaws.com\/2022\/04\/01155339\/prf-recupera-moto-768x576.jpeg 768w, https:\/\/pbagora.s3.amazonaws.com\/2022\/04\/01155339\/prf-recupera-moto-200x150.jpeg 200w, https:\/\/pbagora.s3.amazonaws.com\/2022\/04\/01155339\/prf-recupera-moto-260x195.jpeg 260w, https:\/\/pbagora.s3.amazonaws.com\/2022\/04\/01155339\/prf-recupera-moto-380x285.jpeg 380w, https:\/\/pbagora.s3.amazonaws.com\/2022\/04\/01155339\/prf-recupera-moto-800x600.jpeg 800w, https:\/\/pbagora.s3.amazonaws.com\/2022\/04\/01155339\/prf-recupera-moto-80x60.jpeg 80w, https:\/\/pbagora.s3.amazonaws.com\/2022\/04\/01155339\/prf-recupera-moto-600x450.jpeg 600w, https:\/\/pbagora.s3.amazonaws.com\/2022\/04\/01155339\/prf-recupera-moto-520x390.jpeg 520w, https:\/\/pbagora.s3.amazonaws.com\/2022\/04\/01155339\/prf-recupera-moto-760x570.jpeg 760w, https:\/\/pbagora.s3.amazonaws.com\/2022\/04\/01155339\/prf-recupera-moto.jpeg 1152w\" sizes=\"(max-width: 1024px) 100vw, 1024px\" \/><\/p><p>Um motociclista chegou ao \u00f3bito, em incidente registrado na manh\u00e3 de ontem (14), na BR-230, no trecho da entrada de Campina Grande.<\/p>\n<p>A Pol\u00edcia Rodovi\u00e1ria Federal (PRF) e o N\u00facleo de Medicina e Odontologia Legal (Numol) esteve no local.<\/p>\n<p>De acordo com as primeiras informa\u00e7\u00f5es da PRF, a v\u00edtima teria colidido com o para-choque de um caminh\u00e3o. O homem, v\u00edtima do acidente \u00e9 um homem de 41 anos.<\/p>\n<p>Reda\u00e7\u00e3o<\/p>\n","protected":false},"excerpt":{"rendered":"<p><img loading=\"lazy\" decoding=\"async\" width=\"1024\" height=\"768\" src=\"https:\/\/pbagora.s3.amazonaws.com\/2022\/04\/01155339\/prf-recupera-moto-1024x768.jpeg\" class=\"attachment-large size-large wp-post-image\" alt=\"\"><\/p>\n<p>Um motociclista chegou ao \u00f3bito, em incidente registrado na manh\u00e3 de ontem (14), na BR-230, no trecho da\u2026<\/p>\n","protected":false},"author":123457,"featured_media":0,"comment_status":"closed","ping_status":"closed","sticky":false,"template":"","format":"standard","meta":{"advgb_blocks_editor_width":"","advgb_blocks_columns_visual_guide":"","footnotes":""},"categories":[10806,34,66],"tags":[35],"class_list":["post-45607","post","type-post","status-publish","format-standard","hentry","category-destaque-centro-03","category-g1","category-policial","tag-g1"],"author_meta":{"display_name":"Reda\u00e7\u00e3o","author_link":"https:\/\/sindaopcpb.org.br\/author\/redacao\/"},"featured_img":null,"coauthors":[],"tax_additional":{"categories":{"linked":["<a href=\"https:\/\/sindaopcpb.org.br\/destaque-centro-03\/\" class=\"advgb-post-tax-term\">Destaque Centro 03<\/a>","<a href=\"https:\/\/sindaopcpb.org.br\/g1\/\" class=\"advgb-post-tax-term\">G1<\/a>","<a href=\"https:\/\/sindaopcpb.org.br\/policial\/\" class=\"advgb-post-tax-term\">Policial<\/a>"],"unlinked":["<span class=\"advgb-post-tax-term\">Destaque Centro 03<\/span>","<span class=\"advgb-post-tax-term\">G1<\/span>","<span class=\"advgb-post-tax-term\">Policial<\/span>"]},"tags":{"linked":["<a href=\"https:\/\/sindaopcpb.org.br\/policial\/\" class=\"advgb-post-tax-term\">g1<\/a>"],"unlinked":["<span class=\"advgb-post-tax-term\">g1<\/span>"]}},"comment_count":"0","relative_dates":{"created":"Publicado 2 anos atr\u00e1s","modified":"Atualizado 2 anos atr\u00e1s"},"absolute_dates":{"created":"Publicado em 15 de mar\u00e7o de 2024","modified":"Atualizado em 15 de mar\u00e7o de 2024"},"absolute_dates_time":{"created":"Publicado em 15 de mar\u00e7o de 2024 06:37","modified":"Atualizado em 15 de mar\u00e7o de 2024 06:37"},"featured_img_caption":"","series_order":"","_links":{"self":[{"href":"https:\/\/sindaopcpb.org.br\/index.php\/wp-json\/wp\/v2\/posts\/45607","targetHints":{"allow":["GET"]}}],"collection":[{"href":"https:\/\/sindaopcpb.org.br\/index.php\/wp-json\/wp\/v2\/posts"}],"about":[{"href":"https:\/\/sindaopcpb.org.br\/index.php\/wp-json\/wp\/v2\/types\/post"}],"author":[{"embeddable":true,"href":"https:\/\/sindaopcpb.org.br\/index.php\/wp-json\/wp\/v2\/users\/123457"}],"replies":[{"embeddable":true,"href":"https:\/\/sindaopcpb.org.br\/index.php\/wp-json\/wp\/v2\/comments?post=45607"}],"version-history":[{"count":2,"href":"https:\/\/sindaopcpb.org.br\/index.php\/wp-json\/wp\/v2\/posts\/45607\/revisions"}],"predecessor-version":[{"id":45615,"href":"https:\/\/sindaopcpb.org.br\/index.php\/wp-json\/wp\/v2\/posts\/45607\/revisions\/45615"}],"wp:attachment":[{"href":"https:\/\/sindaopcpb.org.br\/index.php\/wp-json\/wp\/v2\/media?parent=45607"}],"wp:term":[{"taxonomy":"category","embeddable":true,"href":"https:\/\/sindaopcpb.org.br\/index.php\/wp-json\/wp\/v2\/categories?post=45607"},{"taxonomy":"post_tag","embeddable":true,"href":"https:\/\/sindaopcpb.org.br\/index.php\/wp-json\/wp\/v2\/tags?post=45607"}],"curies":[{"name":"wp","href":"https:\/\/api.w.org\/{rel}","templated":true}]}}