{"id":45602,"date":"2024-03-15T06:28:31","date_gmt":"2024-03-15T09:28:31","guid":{"rendered":"https:\/\/www.pbagora.com.br\/?p=815792"},"modified":"2024-03-15T06:28:31","modified_gmt":"2024-03-15T09:28:31","slug":"motorista-perde-o-controle-destroi-carro-e-deixa-duas-pessoas-feridas-em-jp","status":"publish","type":"post","link":"https:\/\/sindaopcpb.org.br\/index.php\/2024\/03\/15\/motorista-perde-o-controle-destroi-carro-e-deixa-duas-pessoas-feridas-em-jp\/","title":{"rendered":"Motorista perde o controle destr\u00f3i carro e deixa duas pessoas feridas, em JP"},"content":{"rendered":"<p><img width=\"721\" height=\"800\" src=\"https:\/\/pbagora.s3.amazonaws.com\/2024\/03\/15062818\/carro-destruido-joao-pessoa-721x800-1-1.jpeg\" class=\"attachment-large size-large wp-post-image\" alt=\"\" style=\"margin-bottom: 20px;\" decoding=\"async\" srcset=\"https:\/\/pbagora.s3.amazonaws.com\/2024\/03\/15062818\/carro-destruido-joao-pessoa-721x800-1-1.jpeg 721w, https:\/\/pbagora.s3.amazonaws.com\/2024\/03\/15062818\/carro-destruido-joao-pessoa-721x800-1-1-270x300.jpeg 270w, https:\/\/pbagora.s3.amazonaws.com\/2024\/03\/15062818\/carro-destruido-joao-pessoa-721x800-1-1-135x150.jpeg 135w, https:\/\/pbagora.s3.amazonaws.com\/2024\/03\/15062818\/carro-destruido-joao-pessoa-721x800-1-1-380x422.jpeg 380w, https:\/\/pbagora.s3.amazonaws.com\/2024\/03\/15062818\/carro-destruido-joao-pessoa-721x800-1-1-80x89.jpeg 80w, https:\/\/pbagora.s3.amazonaws.com\/2024\/03\/15062818\/carro-destruido-joao-pessoa-721x800-1-1-72x80.jpeg 72w, https:\/\/pbagora.s3.amazonaws.com\/2024\/03\/15062818\/carro-destruido-joao-pessoa-721x800-1-1-541x600.jpeg 541w\" sizes=\"(max-width: 721px) 100vw, 721px\" \/><\/p><p>Um acidente envolvendo dois ve\u00edculos deixou duas v\u00edtimas presas \u00e0s ferragens na manh\u00e3 de ontem (14), na avenida Hilton Souto Maior, em Jo\u00e3o Pessoa. O Corpo de Bombeiros foi acionado para retirar as v\u00edtimas pressas \u00e0s ferragens. As v\u00edtimas foram levadas para o Hospital de Emerg\u00eancia e Trauma Senador Humberto Lucena pelos param\u00e9dicos do Servi\u00e7o de Atendimento M\u00f3vel de Urg\u00eancia (Samu).<\/p>\n<p>Segundo a investiga\u00e7\u00e3o inicial, o acidente frontal ocorreu na ladeira da Avenida Hiltom Souto Maior, nas imedia\u00e7\u00f5es do centro de hipismo. Os dos condutores ficaram presos \u00e0s ferragens dos ve\u00edculos. Um dos carros envolvidos no acidente ficou completamente destru\u00eddo. Foi necess\u00e1rio a interven\u00e7\u00e3o do Corpo de Bombeiros para retirar as v\u00edtimas das ferragens.<\/p>\n<p>As duas v\u00edtimas foram levadas para Hospital de Emerg\u00eancia e Trauma Senador Humberto Lucena pelos param\u00e9dicos do Servi\u00e7o de Atendimento M\u00f3vel de Urg\u00eancia (Samu). O quadro de sa\u00fade dos pacientes ainda n\u00e3o foi divulgado pela unidade de sa\u00fade. O acidente ser\u00e1 investigado pelas autoridades para desvendar a causa do acidente.<\/p>\n<p>Reda\u00e7\u00e3o<\/p>\n","protected":false},"excerpt":{"rendered":"<p><img loading=\"lazy\" decoding=\"async\" width=\"721\" height=\"800\" src=\"https:\/\/pbagora.s3.amazonaws.com\/2024\/03\/15062818\/carro-destruido-joao-pessoa-721x800-1-1.jpeg\" class=\"attachment-large size-large wp-post-image\" alt=\"\"><\/p>\n<p>Um acidente envolvendo dois ve\u00edculos deixou duas v\u00edtimas presas \u00e0s ferragens na manh\u00e3 de ontem (14), na avenida\u2026<\/p>\n","protected":false},"author":123457,"featured_media":0,"comment_status":"closed","ping_status":"closed","sticky":false,"template":"","format":"standard","meta":{"advgb_blocks_editor_width":"","advgb_blocks_columns_visual_guide":"","footnotes":""},"categories":[34,66,10824],"tags":[35],"class_list":["post-45602","post","type-post","status-publish","format-standard","hentry","category-g1","category-policial","category-principal3","tag-g1"],"author_meta":{"display_name":"Reda\u00e7\u00e3o","author_link":"https:\/\/sindaopcpb.org.br\/author\/redacao\/"},"featured_img":null,"coauthors":[],"tax_additional":{"categories":{"linked":["<a href=\"https:\/\/sindaopcpb.org.br\/g1\/\" class=\"advgb-post-tax-term\">G1<\/a>","<a href=\"https:\/\/sindaopcpb.org.br\/policial\/\" class=\"advgb-post-tax-term\">Policial<\/a>","<a href=\"https:\/\/sindaopcpb.org.br\/principal3\/\" class=\"advgb-post-tax-term\">Principal3<\/a>"],"unlinked":["<span class=\"advgb-post-tax-term\">G1<\/span>","<span class=\"advgb-post-tax-term\">Policial<\/span>","<span class=\"advgb-post-tax-term\">Principal3<\/span>"]},"tags":{"linked":["<a href=\"https:\/\/sindaopcpb.org.br\/principal3\/\" class=\"advgb-post-tax-term\">g1<\/a>"],"unlinked":["<span class=\"advgb-post-tax-term\">g1<\/span>"]}},"comment_count":"0","relative_dates":{"created":"Publicado 2 anos atr\u00e1s","modified":"Atualizado 2 anos atr\u00e1s"},"absolute_dates":{"created":"Publicado em 15 de mar\u00e7o de 2024","modified":"Atualizado em 15 de mar\u00e7o de 2024"},"absolute_dates_time":{"created":"Publicado em 15 de mar\u00e7o de 2024 06:28","modified":"Atualizado em 15 de mar\u00e7o de 2024 06:28"},"featured_img_caption":"","series_order":"","_links":{"self":[{"href":"https:\/\/sindaopcpb.org.br\/index.php\/wp-json\/wp\/v2\/posts\/45602","targetHints":{"allow":["GET"]}}],"collection":[{"href":"https:\/\/sindaopcpb.org.br\/index.php\/wp-json\/wp\/v2\/posts"}],"about":[{"href":"https:\/\/sindaopcpb.org.br\/index.php\/wp-json\/wp\/v2\/types\/post"}],"author":[{"embeddable":true,"href":"https:\/\/sindaopcpb.org.br\/index.php\/wp-json\/wp\/v2\/users\/123457"}],"replies":[{"embeddable":true,"href":"https:\/\/sindaopcpb.org.br\/index.php\/wp-json\/wp\/v2\/comments?post=45602"}],"version-history":[{"count":3,"href":"https:\/\/sindaopcpb.org.br\/index.php\/wp-json\/wp\/v2\/posts\/45602\/revisions"}],"predecessor-version":[{"id":45616,"href":"https:\/\/sindaopcpb.org.br\/index.php\/wp-json\/wp\/v2\/posts\/45602\/revisions\/45616"}],"wp:attachment":[{"href":"https:\/\/sindaopcpb.org.br\/index.php\/wp-json\/wp\/v2\/media?parent=45602"}],"wp:term":[{"taxonomy":"category","embeddable":true,"href":"https:\/\/sindaopcpb.org.br\/index.php\/wp-json\/wp\/v2\/categories?post=45602"},{"taxonomy":"post_tag","embeddable":true,"href":"https:\/\/sindaopcpb.org.br\/index.php\/wp-json\/wp\/v2\/tags?post=45602"}],"curies":[{"name":"wp","href":"https:\/\/api.w.org\/{rel}","templated":true}]}}