{"id":45596,"date":"2024-03-14T19:20:18","date_gmt":"2024-03-14T22:20:18","guid":{"rendered":"https:\/\/www.pbagora.com.br\/?p=815770"},"modified":"2024-03-14T20:20:18","modified_gmt":"2024-03-14T23:20:18","slug":"policia-localiza-e-prende-sete-homens-suspeitos-de-espancarem-policial-a-paisana-em-campina-grande","status":"publish","type":"post","link":"https:\/\/sindaopcpb.org.br\/index.php\/2024\/03\/14\/policia-localiza-e-prende-sete-homens-suspeitos-de-espancarem-policial-a-paisana-em-campina-grande\/","title":{"rendered":"Pol\u00edcia localiza e prende sete homens suspeitos de espancarem policial \u00e0 paisana em CG"},"content":{"rendered":"<p><img width=\"427\" height=\"319\" src=\"https:\/\/pbagora.s3.amazonaws.com\/2024\/03\/13150411\/acao.png\" class=\"attachment-large size-large wp-post-image\" alt=\"\" style=\"margin-bottom: 20px;\" decoding=\"async\" loading=\"lazy\" srcset=\"https:\/\/pbagora.s3.amazonaws.com\/2024\/03\/13150411\/acao.png 427w, https:\/\/pbagora.s3.amazonaws.com\/2024\/03\/13150411\/acao-300x224.png 300w, https:\/\/pbagora.s3.amazonaws.com\/2024\/03\/13150411\/acao-150x112.png 150w, https:\/\/pbagora.s3.amazonaws.com\/2024\/03\/13150411\/acao-200x150.png 200w, https:\/\/pbagora.s3.amazonaws.com\/2024\/03\/13150411\/acao-260x195.png 260w, https:\/\/pbagora.s3.amazonaws.com\/2024\/03\/13150411\/acao-380x284.png 380w, https:\/\/pbagora.s3.amazonaws.com\/2024\/03\/13150411\/acao-80x60.png 80w\" sizes=\"(max-width: 427px) 100vw, 427px\" \/><\/p><p>No final da tarde desta quinta-feira (14), a Pol\u00edcia Civil registrou a pris\u00e3o de sete homens suspeitos de espancarem um policial \u00e0 paisana no Centro de Campina Grande nesta quarta-feira (13).<\/p>\n<p>De acordo com a Pol\u00edcia Civil, logo ap\u00f3s o registro da ocorr\u00eancia foram iniciadas as investiga\u00e7\u00f5es com o intuito de identificar e localizar os integrantes do grupo. Seis deles foram capturados pela Pol\u00edcia Militar e um pela Pol\u00edcia Civil.<\/p>\n<p>Ainda segundo informa\u00e7\u00f5es da pol\u00edcia, uma oitava pessoa tamb\u00e9m foi detida. Embora tamb\u00e9m apare\u00e7a nas imagens, o suspeito n\u00e3o\u00a0foi flagrado agredindo o policial. Entretanto, contra ele, constava um Mandado de Pris\u00e3o.<\/p>\n<p><strong>Entenda:<\/strong><br \/>\n<strong><a class=\"row-title\" href=\"https:\/\/www.pbagora.com.br\/wp-admin\/post.php?post=815393&amp;action=edit\" aria-label=\"\u201cGuarda Civil de Campina Grande evita linchamento e poss\u00edvel morte de policial \u00e0 paisana no Centro\u201d (Editar)\">Guarda Civil de Campina Grande evita linchamento e poss\u00edvel morte de policial \u00e0 paisana no Centro<\/a><\/strong><\/p>\n<p><strong>Confira v\u00eddeo:<\/strong><\/p>\n<blockquote class=\"instagram-media\" style=\"background: #FFF; border: 0; border-radius: 3px; box-shadow: 0 0 1px 0 rgba(0,0,0,0.5),0 1px 10px 0 rgba(0,0,0,0.15); margin: 1px; max-width: 540px; min-width: 326px; padding: 0; width: calc(100% - 2px);\" data-instgrm-captioned=\"\" data-instgrm-permalink=\"https:\/\/www.instagram.com\/reel\/C4gmdsigLsm\/?utm_source=ig_embed&amp;utm_campaign=loading\" data-instgrm-version=\"14\">\n<div style=\"padding: 16px;\">\n<p>&nbsp;<\/p>\n<div style=\"display: flex; flex-direction: row; align-items: center;\">\n<div style=\"background-color: #f4f4f4; border-radius: 50%; flex-grow: 0; height: 40px; margin-right: 14px; width: 40px;\"><\/div>\n<div style=\"display: flex; flex-direction: column; flex-grow: 1; justify-content: center;\">\n<div style=\"background-color: #f4f4f4; border-radius: 4px; flex-grow: 0; height: 14px; margin-bottom: 6px; width: 100px;\"><\/div>\n<div style=\"background-color: #f4f4f4; border-radius: 4px; flex-grow: 0; height: 14px; width: 60px;\"><\/div>\n<\/div>\n<\/div>\n<div style=\"padding: 19% 0;\"><\/div>\n<div style=\"display: block; height: 50px; margin: 0 auto 12px; width: 50px;\"><\/div>\n<div style=\"padding-top: 8px;\">\n<div style=\"color: #3897f0; font-family: Arial,sans-serif; font-size: 14px; font-style: normal; font-weight: 550; line-height: 18px;\">Ver essa foto no Instagram<\/div>\n<\/div>\n<div style=\"padding: 12.5% 0;\"><\/div>\n<div style=\"display: flex; flex-direction: row; margin-bottom: 14px; align-items: center;\">\n<div>\n<div style=\"background-color: #f4f4f4; border-radius: 50%; height: 12.5px; width: 12.5px; transform: translateX(0px) translateY(7px);\"><\/div>\n<div style=\"background-color: #f4f4f4; height: 12.5px; transform: rotate(-45deg) translateX(3px) translateY(1px); width: 12.5px; flex-grow: 0; margin-right: 14px; margin-left: 2px;\"><\/div>\n<div style=\"background-color: #f4f4f4; border-radius: 50%; height: 12.5px; width: 12.5px; transform: translateX(9px) translateY(-18px);\"><\/div>\n<\/div>\n<div style=\"margin-left: 8px;\">\n<div style=\"background-color: #f4f4f4; border-radius: 50%; flex-grow: 0; height: 20px; width: 20px;\"><\/div>\n<div style=\"width: 0; height: 0; border-top: 2px solid transparent; border-left: 6px solid #f4f4f4; border-bottom: 2px solid transparent; transform: translateX(16px) translateY(-4px) rotate(30deg);\"><\/div>\n<\/div>\n<div style=\"margin-left: auto;\">\n<div style=\"width: 0px; border-top: 8px solid #F4F4F4; border-right: 8px solid transparent; transform: translateY(16px);\"><\/div>\n<div style=\"background-color: #f4f4f4; flex-grow: 0; height: 12px; width: 16px; transform: translateY(-4px);\"><\/div>\n<div style=\"width: 0; height: 0; border-top: 8px solid #F4F4F4; border-left: 8px solid transparent; transform: translateY(-4px) translateX(8px);\"><\/div>\n<\/div>\n<\/div>\n<div style=\"display: flex; flex-direction: column; flex-grow: 1; justify-content: center; margin-bottom: 24px;\">\n<div style=\"background-color: #f4f4f4; border-radius: 4px; flex-grow: 0; height: 14px; margin-bottom: 6px; width: 224px;\"><\/div>\n<div style=\"background-color: #f4f4f4; border-radius: 4px; flex-grow: 0; height: 14px; width: 144px;\"><\/div>\n<\/div>\n<p>&nbsp;<\/p>\n<p style=\"color: #c9c8cd; font-family: Arial,sans-serif; font-size: 14px; line-height: 17px; margin-bottom: 0; margin-top: 8px; overflow: hidden; padding: 8px 0 7px; text-align: center; text-overflow: ellipsis; white-space: nowrap;\"><a style=\"color: #c9c8cd; font-family: Arial,sans-serif; font-size: 14px; font-style: normal; font-weight: normal; line-height: 17px; text-decoration: none;\" href=\"https:\/\/www.instagram.com\/reel\/C4gmdsigLsm\/?utm_source=ig_embed&amp;utm_campaign=loading\"  rel=\"noopener\">Uma publica\u00e7\u00e3o compartilhada por Vinicius Veras (@vinicius_qap1)<\/a><\/p>\n<\/div>\n<\/blockquote>\n<p><script async src=\"https:\/\/www.instagram.com\/embed.js\"><\/script><\/p>\n<p>&nbsp;<\/p>\n<p><em><strong>PB Agora<\/strong><\/em><\/p>\n","protected":false},"excerpt":{"rendered":"<p><img decoding=\"async\" width=\"427\" height=\"319\" src=\"https:\/\/pbagora.s3.amazonaws.com\/2024\/03\/13150411\/acao.png\" class=\"attachment-large size-large wp-post-image\" alt=\"\" loading=\"lazy\"><\/p>\n<p>No final da tarde desta quinta-feira (14), a Pol\u00edcia Civil registrou a pris\u00e3o de sete homens suspeitos de\u2026<\/p>\n","protected":false},"author":123457,"featured_media":0,"comment_status":"closed","ping_status":"closed","sticky":false,"template":"","format":"standard","meta":{"advgb_blocks_editor_width":"","advgb_blocks_columns_visual_guide":"","footnotes":""},"categories":[10826,34,66],"tags":[35],"class_list":["post-45596","post","type-post","status-publish","format-standard","hentry","category-destaque-centro-02","category-g1","category-policial","tag-g1"],"author_meta":{"display_name":"Reda\u00e7\u00e3o","author_link":"https:\/\/sindaopcpb.org.br\/author\/redacao\/"},"featured_img":null,"coauthors":[],"tax_additional":{"categories":{"linked":["<a href=\"https:\/\/sindaopcpb.org.br\/destaque-centro-02\/\" class=\"advgb-post-tax-term\">Destaque Centro 02<\/a>","<a href=\"https:\/\/sindaopcpb.org.br\/g1\/\" class=\"advgb-post-tax-term\">G1<\/a>","<a href=\"https:\/\/sindaopcpb.org.br\/policial\/\" class=\"advgb-post-tax-term\">Policial<\/a>"],"unlinked":["<span class=\"advgb-post-tax-term\">Destaque Centro 02<\/span>","<span class=\"advgb-post-tax-term\">G1<\/span>","<span class=\"advgb-post-tax-term\">Policial<\/span>"]},"tags":{"linked":["<a href=\"https:\/\/sindaopcpb.org.br\/policial\/\" class=\"advgb-post-tax-term\">g1<\/a>"],"unlinked":["<span class=\"advgb-post-tax-term\">g1<\/span>"]}},"comment_count":"0","relative_dates":{"created":"Publicado 2 anos atr\u00e1s","modified":"Atualizado 2 anos atr\u00e1s"},"absolute_dates":{"created":"Publicado em 14 de mar\u00e7o de 2024","modified":"Atualizado em 14 de mar\u00e7o de 2024"},"absolute_dates_time":{"created":"Publicado em 14 de mar\u00e7o de 2024 19:20","modified":"Atualizado em 14 de mar\u00e7o de 2024 20:20"},"featured_img_caption":"","series_order":"","_links":{"self":[{"href":"https:\/\/sindaopcpb.org.br\/index.php\/wp-json\/wp\/v2\/posts\/45596","targetHints":{"allow":["GET"]}}],"collection":[{"href":"https:\/\/sindaopcpb.org.br\/index.php\/wp-json\/wp\/v2\/posts"}],"about":[{"href":"https:\/\/sindaopcpb.org.br\/index.php\/wp-json\/wp\/v2\/types\/post"}],"author":[{"embeddable":true,"href":"https:\/\/sindaopcpb.org.br\/index.php\/wp-json\/wp\/v2\/users\/123457"}],"replies":[{"embeddable":true,"href":"https:\/\/sindaopcpb.org.br\/index.php\/wp-json\/wp\/v2\/comments?post=45596"}],"version-history":[{"count":3,"href":"https:\/\/sindaopcpb.org.br\/index.php\/wp-json\/wp\/v2\/posts\/45596\/revisions"}],"predecessor-version":[{"id":45611,"href":"https:\/\/sindaopcpb.org.br\/index.php\/wp-json\/wp\/v2\/posts\/45596\/revisions\/45611"}],"wp:attachment":[{"href":"https:\/\/sindaopcpb.org.br\/index.php\/wp-json\/wp\/v2\/media?parent=45596"}],"wp:term":[{"taxonomy":"category","embeddable":true,"href":"https:\/\/sindaopcpb.org.br\/index.php\/wp-json\/wp\/v2\/categories?post=45596"},{"taxonomy":"post_tag","embeddable":true,"href":"https:\/\/sindaopcpb.org.br\/index.php\/wp-json\/wp\/v2\/tags?post=45596"}],"curies":[{"name":"wp","href":"https:\/\/api.w.org\/{rel}","templated":true}]}}