{"id":45493,"date":"2024-03-11T19:35:31","date_gmt":"2024-03-11T22:35:31","guid":{"rendered":"https:\/\/www.pbagora.com.br\/?p=814546"},"modified":"2024-03-11T19:35:31","modified_gmt":"2024-03-11T22:35:31","slug":"descriminalizacao-da-maconha-60g-extrapola-toda-e-qualquer-razoabilidade-afirma-delegado","status":"publish","type":"post","link":"https:\/\/sindaopcpb.org.br\/index.php\/2024\/03\/11\/descriminalizacao-da-maconha-60g-extrapola-toda-e-qualquer-razoabilidade-afirma-delegado\/","title":{"rendered":"Descriminaliza\u00e7\u00e3o da maconha: \u201c60g extrapola toda e qualquer razoabilidade\u201d, afirma delegado"},"content":{"rendered":"<p><img width=\"512\" height=\"340\" src=\"https:\/\/pbagora.s3.amazonaws.com\/2024\/03\/10091207\/maconha.jpg\" class=\"attachment-large size-large wp-post-image\" alt=\"\" style=\"margin-bottom: 20px;\" decoding=\"async\" loading=\"lazy\" srcset=\"https:\/\/pbagora.s3.amazonaws.com\/2024\/03\/10091207\/maconha.jpg 512w, https:\/\/pbagora.s3.amazonaws.com\/2024\/03\/10091207\/maconha-300x199.jpg 300w, https:\/\/pbagora.s3.amazonaws.com\/2024\/03\/10091207\/maconha-150x100.jpg 150w, https:\/\/pbagora.s3.amazonaws.com\/2024\/03\/10091207\/maconha-380x252.jpg 380w, https:\/\/pbagora.s3.amazonaws.com\/2024\/03\/10091207\/maconha-80x53.jpg 80w\" sizes=\"(max-width: 512px) 100vw, 512px\" \/><\/p><p>Ainda n\u00e3o tem data prevista para o retorno do julgamento no Supremo Tribunal Federal que discute se o porte de maconha para consumo pr\u00f3prio pode ou n\u00e3o ser considerado crime. O julgamento da \u00faltima quarta-feira (7) foi suspenso depois que o ministro Dias Toffoli pediu vista do processo.<\/p>\n<p>O artigo 28 da Lei de Drogas pune quem \u201cadquirir, guardar, tiver em dep\u00f3sito, transportar ou trouxer consigo, para consumo pessoal, drogas sem autoriza\u00e7\u00e3o\u201d. E \u00e9 justamente isso que est\u00e1 sendo decidido no STF, com o julgamento do Recurso Extraordin\u00e1rio 635.659. A vota\u00e7\u00e3o parou com 5 votos a 3 pela descriminaliza\u00e7\u00e3o. Quatro dos cinco ministros que votaram a favor, at\u00e9 agora, entendem que 60 gramas de maconha deve ser o peso considerado limite para o porte.<\/p>\n<h2 id=\"na-pratica-o-que-sao-60-gramas-de-maconha\">Na pr\u00e1tica, o que s\u00e3o 60 gramas de maconha?<\/h2>\n<p>Um cigarro industrializado pesa, em m\u00e9dia, 1,2g. Considerando o peso do tabaco, do papel que envolve e do filtro. Dentro desses valores, para 60 gramas de erva \u00a0\u2014 ter\u00edamos de forma comparativa \u2014 50 cigarros. Esta seria a quantidade m\u00e9dia de cigarros produzida com 60 gramas de maconha.<\/p>\n<p><img  decoding=\"async\"  src=\"https:\/\/s3-sa-east-1.amazonaws.com\/agencia-radio-arb\/5735\/content_WhatsApp_Image_2024-03-08_at_12.40.35.jpeg\"  alt=\"\" ><\/p>\n<p>O limite considerado porte, segundo o que est\u00e1 em vota\u00e7\u00e3o no STF, seria correspondente a um pires cheio de temperos secos, por exemplo.<\/p>\n<p><img  decoding=\"async\"  src=\"https:\/\/s3-sa-east-1.amazonaws.com\/agencia-radio-arb\/5736\/content_WhatsApp_Image_2024-03-08_at_12.40.33.jpeg\"  alt=\"\" ><\/p>\n<p>Segundo o presidente da Associa\u00e7\u00e3o dos Delegados de Pol\u00edcia do Estado de SP, Andr\u00e9 Santos Pereira, a maconha costuma ser vendida em trouxas ou cigarros e o pre\u00e7o varia muito. \u201cTanto de acordo com o produto vendido, quanto com o local e para as pessoas com quem ele \u00e9 comercializado.\u201d<\/p>\n<p>Mas, em m\u00e9dia, segundo o delegado, \u201cuma trouxinha ou cigarro de maconha, pode variar entre R$ 10 e R$ 50.\u201d<\/p>\n<h2 id=\"mas-o-que-muda-com-a-decisao\">Mas o que muda com a decis\u00e3o<\/h2>\n<p>Atualmente, se uma pessoa flagrada portando maconha ela \u00e9 autuada, \u00e9 levada para delegacia. A lei n\u00e3o prev\u00ea pena restritiva de liberdade \u2014 apenas de direito \u2014 como explica o delegado Andr\u00e9 Pereira.<\/p>\n<p>\u201cAquele que pratica essa conduta n\u00e3o ser\u00e1 preso. Ele sofrer\u00e1 uma pena de advert\u00eancia, \u00a0de presta\u00e7\u00e3o de servi\u00e7os \u00e0 comunidade ou de comparecimento a um programa ou curso educativo. N\u00e3o tem pena de pris\u00e3o\u201d.<\/p>\n<p>Mas para o delegado Andr\u00e9, esse peso \u2014 60 gramas \u2014 n\u00e3o \u00e9 razo\u00e1vel. \u201cMesmo que se estabele\u00e7a uma quantidade espec\u00edfica, e que me parece que 60g\u00a0extrapola toda e qualquer razoabilidade, j\u00e1 que teremos um indiv\u00edduo fumando uma carteira de cigarros ou mais\u201d.<\/p>\n<p>Atualmente, existem crit\u00e9rios que diferenciam um usu\u00e1rio de um traficante, que v\u00e3o al\u00e9m da quantidade de droga portada. S\u00e3o eles:<\/p>\n<ul>\n<li>natureza da droga;<\/li>\n<li>circunst\u00e2ncias em que a pessoa foi flagrada;<\/li>\n<li>condi\u00e7\u00f5es sociais e pessoais do indiv\u00edduo que est\u00e1 sendo investigado, como antecedentes criminais.<\/li>\n<\/ul>\n<p>O crit\u00e9rio da fixa\u00e7\u00e3o da quantidade \u00e9 perigoso, na avalia\u00e7\u00e3o do delegado Andr\u00e9 Pereira.<\/p>\n<p>\u201cA partir do momento que o STF se posicionar para dizer que a conduta n\u00e3o ser mais crime a partir de determinada quantidade fixa \u2014 deixando de considerar esses outros crit\u00e9rios \u2014 a gente passa a ter uma lacuna jur\u00eddica\u201d.<\/p>\n<p>N\u00e3o sendo mais poss\u00edvel determinar situa\u00e7\u00f5es de tr\u00e1fico \u2014 de acordo com as circunst\u00e2ncias \u2014 uma vez que o crit\u00e9rio da quantidade ser\u00e1 preponderante.<\/p>\n<h2 id=\"a-lei-nao-muda\">A lei n\u00e3o muda<\/h2>\n<p>Vale lembrar que o que est\u00e1 em julgamento no STF \u00e9 um Recurso extraordin\u00e1rio, que n\u00e3o muda a lei de drogas vigente hoje. O advogado especialista em tribunais Superiores, Vitor Covolato, esclarece.<\/p>\n<p>\u201cO Supremo n\u00e3o est\u00e1 julgando a legaliza\u00e7\u00e3o da maconha, n\u00e3o est\u00e1 julgando a descriminaliza\u00e7\u00e3o da maconha, ele s\u00f3 est\u00e1 dizendo que n\u00e3o \u00a0\u00e9 crime voc\u00ea portar maconha para uso pr\u00f3prio\u201d.<\/p>\n<p>O advogado explica que o que est\u00e1 em julgamento \u00e9 sobre a constitucionalidade do artigo 28 da lei de Drogas que traz algumas penalidades para quem portar maconha para uso pr\u00f3prio.<\/p>\n<p>Fonte: <a href=\"https:\/\/brasil61.com\/n\/descriminalizacao-da-maconha-60g-extrapola-toda-e-qualquer-razoabilidade-afirma-delegado-bras2411189?email=redacao@pbagora.com.br&amp;utm_source=newsletter&amp;utm_medium=newsletter&amp;utm_campaign=newsletter\"  rel=\"noopener\">Brasil 61<\/a><\/p>\n","protected":false},"excerpt":{"rendered":"<p><img loading=\"lazy\" decoding=\"async\" width=\"512\" height=\"340\" src=\"https:\/\/pbagora.s3.amazonaws.com\/2024\/03\/10091207\/maconha.jpg\" class=\"attachment-large size-large wp-post-image\" alt=\"\"><\/p>\n<p>Ainda n\u00e3o tem data prevista para o retorno do julgamento no Supremo Tribunal Federal que discute se o\u2026<\/p>\n","protected":false},"author":123457,"featured_media":0,"comment_status":"closed","ping_status":"closed","sticky":false,"template":"","format":"standard","meta":{"advgb_blocks_editor_width":"","advgb_blocks_columns_visual_guide":"","footnotes":""},"categories":[10826,34,66],"tags":[35],"class_list":["post-45493","post","type-post","status-publish","format-standard","hentry","category-destaque-centro-02","category-g1","category-policial","tag-g1"],"author_meta":{"display_name":"Reda\u00e7\u00e3o","author_link":"https:\/\/sindaopcpb.org.br\/author\/redacao\/"},"featured_img":null,"coauthors":[],"tax_additional":{"categories":{"linked":["<a href=\"https:\/\/sindaopcpb.org.br\/destaque-centro-02\/\" class=\"advgb-post-tax-term\">Destaque Centro 02<\/a>","<a href=\"https:\/\/sindaopcpb.org.br\/g1\/\" class=\"advgb-post-tax-term\">G1<\/a>","<a href=\"https:\/\/sindaopcpb.org.br\/policial\/\" class=\"advgb-post-tax-term\">Policial<\/a>"],"unlinked":["<span class=\"advgb-post-tax-term\">Destaque Centro 02<\/span>","<span class=\"advgb-post-tax-term\">G1<\/span>","<span class=\"advgb-post-tax-term\">Policial<\/span>"]},"tags":{"linked":["<a href=\"https:\/\/sindaopcpb.org.br\/policial\/\" class=\"advgb-post-tax-term\">g1<\/a>"],"unlinked":["<span class=\"advgb-post-tax-term\">g1<\/span>"]}},"comment_count":"0","relative_dates":{"created":"Publicado 2 anos atr\u00e1s","modified":"Atualizado 2 anos atr\u00e1s"},"absolute_dates":{"created":"Publicado em 11 de mar\u00e7o de 2024","modified":"Atualizado em 11 de mar\u00e7o de 2024"},"absolute_dates_time":{"created":"Publicado em 11 de mar\u00e7o de 2024 19:35","modified":"Atualizado em 11 de mar\u00e7o de 2024 19:35"},"featured_img_caption":"","series_order":"","_links":{"self":[{"href":"https:\/\/sindaopcpb.org.br\/index.php\/wp-json\/wp\/v2\/posts\/45493","targetHints":{"allow":["GET"]}}],"collection":[{"href":"https:\/\/sindaopcpb.org.br\/index.php\/wp-json\/wp\/v2\/posts"}],"about":[{"href":"https:\/\/sindaopcpb.org.br\/index.php\/wp-json\/wp\/v2\/types\/post"}],"author":[{"embeddable":true,"href":"https:\/\/sindaopcpb.org.br\/index.php\/wp-json\/wp\/v2\/users\/123457"}],"replies":[{"embeddable":true,"href":"https:\/\/sindaopcpb.org.br\/index.php\/wp-json\/wp\/v2\/comments?post=45493"}],"version-history":[{"count":2,"href":"https:\/\/sindaopcpb.org.br\/index.php\/wp-json\/wp\/v2\/posts\/45493\/revisions"}],"predecessor-version":[{"id":45503,"href":"https:\/\/sindaopcpb.org.br\/index.php\/wp-json\/wp\/v2\/posts\/45493\/revisions\/45503"}],"wp:attachment":[{"href":"https:\/\/sindaopcpb.org.br\/index.php\/wp-json\/wp\/v2\/media?parent=45493"}],"wp:term":[{"taxonomy":"category","embeddable":true,"href":"https:\/\/sindaopcpb.org.br\/index.php\/wp-json\/wp\/v2\/categories?post=45493"},{"taxonomy":"post_tag","embeddable":true,"href":"https:\/\/sindaopcpb.org.br\/index.php\/wp-json\/wp\/v2\/tags?post=45493"}],"curies":[{"name":"wp","href":"https:\/\/api.w.org\/{rel}","templated":true}]}}