{"id":45487,"date":"2024-03-11T17:45:26","date_gmt":"2024-03-11T20:45:26","guid":{"rendered":"https:\/\/www.pbagora.com.br\/?p=814906"},"modified":"2024-03-11T17:45:26","modified_gmt":"2024-03-11T20:45:26","slug":"em-uma-semana-policia-militar-apreende-mais-de-40-armas-de-fogo-na-paraiba","status":"publish","type":"post","link":"https:\/\/sindaopcpb.org.br\/index.php\/2024\/03\/11\/em-uma-semana-policia-militar-apreende-mais-de-40-armas-de-fogo-na-paraiba\/","title":{"rendered":"Em uma semana, Pol\u00edcia Militar apreende mais de 40 armas de fogo na Para\u00edba"},"content":{"rendered":"<p><img width=\"1024\" height=\"634\" src=\"https:\/\/pbagora.s3.amazonaws.com\/2024\/03\/11162252\/conde_sexta-1024x634.jpeg\" class=\"attachment-large size-large wp-post-image\" alt=\"\" style=\"margin-bottom: 20px;\" decoding=\"async\" srcset=\"https:\/\/pbagora.s3.amazonaws.com\/2024\/03\/11162252\/conde_sexta-1024x634.jpeg 1024w, https:\/\/pbagora.s3.amazonaws.com\/2024\/03\/11162252\/conde_sexta-300x186.jpeg 300w, https:\/\/pbagora.s3.amazonaws.com\/2024\/03\/11162252\/conde_sexta-150x93.jpeg 150w, https:\/\/pbagora.s3.amazonaws.com\/2024\/03\/11162252\/conde_sexta-768x475.jpeg 768w, https:\/\/pbagora.s3.amazonaws.com\/2024\/03\/11162252\/conde_sexta-380x235.jpeg 380w, https:\/\/pbagora.s3.amazonaws.com\/2024\/03\/11162252\/conde_sexta-800x495.jpeg 800w, https:\/\/pbagora.s3.amazonaws.com\/2024\/03\/11162252\/conde_sexta-1160x718.jpeg 1160w, https:\/\/pbagora.s3.amazonaws.com\/2024\/03\/11162252\/conde_sexta-80x50.jpeg 80w, https:\/\/pbagora.s3.amazonaws.com\/2024\/03\/11162252\/conde_sexta-760x470.jpeg 760w, https:\/\/pbagora.s3.amazonaws.com\/2024\/03\/11162252\/conde_sexta-600x371.jpeg 600w, https:\/\/pbagora.s3.amazonaws.com\/2024\/03\/11162252\/conde_sexta.jpeg 1280w\" sizes=\"(max-width: 1024px) 100vw, 1024px\" \/><\/p><p>Quarenta e tr\u00eas armas de fogo foram apreendidas pela Pol\u00edcia Militar na \u00faltima semana, entre os dias 04 e 10 de mar\u00e7o, na Para\u00edba. O dado \u00e9 do Estado-Maior Estrat\u00e9gico (EME), que analisou os \u00faltimos sete dias de a\u00e7\u00f5es da corpora\u00e7\u00e3o.<\/p>\n<p>Ainda de acordo com o Estado-Maior Estrat\u00e9gico, o n\u00famero de armas de fogo apreendidas nesta \u00faltima semana subiu 10% em rela\u00e7\u00e3o \u00e0 semana anterior (de 26\/02 \u00e0 03\/03), quando 39 armas foram apreendidas. Drogas, mandados de pris\u00e3o e pessoas conduzidas tamb\u00e9m aumentaram em 100%, 65% e 26%, respectivamente.<\/p>\n<p>Entre os n\u00fameros avaliados, 313 pessoas foram conduzidas para as delegacias, apontadas pela participa\u00e7\u00e3o em diversos delitos. Nove adolescentes que cometeram atos infracionais tamb\u00e9m foram apreendidos.<\/p>\n<p>De acordo com o levantamento feito pela PMPB, 51 mandados de pris\u00e3o foram cumpridos, entre eles mais de 30 contra acusados que haviam praticado crimes contra mulheres. Eles foram presos na Opera\u00e7\u00e3o \u201c8 de Mar\u00e7o\u201d, na \u00faltima sexta-feira.<\/p>\n<figure id=\"attachment_814910\" aria-describedby=\"caption-attachment-814910\" style=\"width: 1024px\" class=\"wp-caption alignleft\"><img  decoding=\"async\"  class=\"wp-image-814910 size-large\"  src=\"https:\/\/pbagora.s3.amazonaws.com\/2024\/03\/11162300\/bayeux_fds-1024x731.jpg\"  alt=\"\"  width=\"1024\"  height=\"731\"  srcset=\"https:\/\/pbagora.s3.amazonaws.com\/2024\/03\/11162300\/bayeux_fds-1024x731.jpg 1024w, https:\/\/pbagora.s3.amazonaws.com\/2024\/03\/11162300\/bayeux_fds-300x214.jpg 300w, https:\/\/pbagora.s3.amazonaws.com\/2024\/03\/11162300\/bayeux_fds-150x107.jpg 150w, https:\/\/pbagora.s3.amazonaws.com\/2024\/03\/11162300\/bayeux_fds-768x548.jpg 768w, https:\/\/pbagora.s3.amazonaws.com\/2024\/03\/11162300\/bayeux_fds-380x271.jpg 380w, https:\/\/pbagora.s3.amazonaws.com\/2024\/03\/11162300\/bayeux_fds-800x571.jpg 800w, https:\/\/pbagora.s3.amazonaws.com\/2024\/03\/11162300\/bayeux_fds-1160x828.jpg 1160w, https:\/\/pbagora.s3.amazonaws.com\/2024\/03\/11162300\/bayeux_fds-80x58.jpg 80w, https:\/\/pbagora.s3.amazonaws.com\/2024\/03\/11162300\/bayeux_fds-760x543.jpg 760w, https:\/\/pbagora.s3.amazonaws.com\/2024\/03\/11162300\/bayeux_fds-600x429.jpg 600w, https:\/\/pbagora.s3.amazonaws.com\/2024\/03\/11162300\/bayeux_fds.jpg 1200w\"  sizes=\"(max-width: 1024px) 100vw, 1024px\" ><figcaption id=\"caption-attachment-814910\" class=\"wp-caption-text\">Foto PMPB \/ divulga\u00e7\u00e3o<\/figcaption><\/figure>\n<p>As a\u00e7\u00f5es da PM tamb\u00e9m resultaram em quase 10 quilos de drogas apreendidas, e quase 250 por\u00e7\u00f5es de entorpecentes retiradas das ruas.<\/p>\n<p>foram recuperados 39 ve\u00edculos que haviam sido roubados ou furtados. Mais de 7 mil ve\u00edculos, entre carros e motocicletas, foram fiscalizados em a\u00e7\u00f5es no tr\u00e2nsito, check points e barreiras policiais. Destes, 848 ve\u00edculos foram autuados e 184 removidos por irregularidades no C\u00f3digo de Tr\u00e2nsito Brasileiro.<\/p>\n<p>Ainda no per\u00edodo analisado, a PM atendeu a 1.069 chamados de ocorr\u00eancias efetuadas atrav\u00e9s do n\u00famero \u2018190\u2019, com foco em 114 cidades.<\/p>\n<p>&nbsp;<\/p>\n<p><em><strong>Secom-PB<\/strong><\/em><\/p>\n","protected":false},"excerpt":{"rendered":"<p><img loading=\"lazy\" decoding=\"async\" width=\"1024\" height=\"634\" src=\"https:\/\/pbagora.s3.amazonaws.com\/2024\/03\/11162252\/conde_sexta-1024x634.jpeg\" class=\"attachment-large size-large wp-post-image\" alt=\"\"><\/p>\n<p>Quarenta e tr\u00eas armas de fogo foram apreendidas pela Pol\u00edcia Militar na \u00faltima semana, entre os dias 04\u2026<\/p>\n","protected":false},"author":123457,"featured_media":0,"comment_status":"closed","ping_status":"closed","sticky":false,"template":"","format":"standard","meta":{"advgb_blocks_editor_width":"","advgb_blocks_columns_visual_guide":"","footnotes":""},"categories":[10823,34,66],"tags":[35],"class_list":["post-45487","post","type-post","status-publish","format-standard","hentry","category-destaque-centro-01","category-g1","category-policial","tag-g1"],"author_meta":{"display_name":"Reda\u00e7\u00e3o","author_link":"https:\/\/sindaopcpb.org.br\/author\/redacao\/"},"featured_img":null,"coauthors":[],"tax_additional":{"categories":{"linked":["<a href=\"https:\/\/sindaopcpb.org.br\/destaque-centro-01\/\" class=\"advgb-post-tax-term\">Destaque Centro 01<\/a>","<a href=\"https:\/\/sindaopcpb.org.br\/g1\/\" class=\"advgb-post-tax-term\">G1<\/a>","<a href=\"https:\/\/sindaopcpb.org.br\/policial\/\" class=\"advgb-post-tax-term\">Policial<\/a>"],"unlinked":["<span class=\"advgb-post-tax-term\">Destaque Centro 01<\/span>","<span class=\"advgb-post-tax-term\">G1<\/span>","<span class=\"advgb-post-tax-term\">Policial<\/span>"]},"tags":{"linked":["<a href=\"https:\/\/sindaopcpb.org.br\/policial\/\" class=\"advgb-post-tax-term\">g1<\/a>"],"unlinked":["<span class=\"advgb-post-tax-term\">g1<\/span>"]}},"comment_count":"0","relative_dates":{"created":"Publicado 2 anos atr\u00e1s","modified":"Atualizado 2 anos atr\u00e1s"},"absolute_dates":{"created":"Publicado em 11 de mar\u00e7o de 2024","modified":"Atualizado em 11 de mar\u00e7o de 2024"},"absolute_dates_time":{"created":"Publicado em 11 de mar\u00e7o de 2024 17:45","modified":"Atualizado em 11 de mar\u00e7o de 2024 17:45"},"featured_img_caption":"","series_order":"","_links":{"self":[{"href":"https:\/\/sindaopcpb.org.br\/index.php\/wp-json\/wp\/v2\/posts\/45487","targetHints":{"allow":["GET"]}}],"collection":[{"href":"https:\/\/sindaopcpb.org.br\/index.php\/wp-json\/wp\/v2\/posts"}],"about":[{"href":"https:\/\/sindaopcpb.org.br\/index.php\/wp-json\/wp\/v2\/types\/post"}],"author":[{"embeddable":true,"href":"https:\/\/sindaopcpb.org.br\/index.php\/wp-json\/wp\/v2\/users\/123457"}],"replies":[{"embeddable":true,"href":"https:\/\/sindaopcpb.org.br\/index.php\/wp-json\/wp\/v2\/comments?post=45487"}],"version-history":[{"count":2,"href":"https:\/\/sindaopcpb.org.br\/index.php\/wp-json\/wp\/v2\/posts\/45487\/revisions"}],"predecessor-version":[{"id":45495,"href":"https:\/\/sindaopcpb.org.br\/index.php\/wp-json\/wp\/v2\/posts\/45487\/revisions\/45495"}],"wp:attachment":[{"href":"https:\/\/sindaopcpb.org.br\/index.php\/wp-json\/wp\/v2\/media?parent=45487"}],"wp:term":[{"taxonomy":"category","embeddable":true,"href":"https:\/\/sindaopcpb.org.br\/index.php\/wp-json\/wp\/v2\/categories?post=45487"},{"taxonomy":"post_tag","embeddable":true,"href":"https:\/\/sindaopcpb.org.br\/index.php\/wp-json\/wp\/v2\/tags?post=45487"}],"curies":[{"name":"wp","href":"https:\/\/api.w.org\/{rel}","templated":true}]}}