{"id":45483,"date":"2024-03-11T13:29:41","date_gmt":"2024-03-11T16:29:41","guid":{"rendered":"https:\/\/www.pbagora.com.br\/?p=814841"},"modified":"2024-03-11T13:29:41","modified_gmt":"2024-03-11T16:29:41","slug":"prf-na-paraiba-recupera-tres-veiculos-roubados-e-flagra-condutor-alcoolizado-entre-sexta-e-domingo","status":"publish","type":"post","link":"https:\/\/sindaopcpb.org.br\/index.php\/2024\/03\/11\/prf-na-paraiba-recupera-tres-veiculos-roubados-e-flagra-condutor-alcoolizado-entre-sexta-e-domingo\/","title":{"rendered":"PRF na Para\u00edba recupera tr\u00eas ve\u00edculos roubados e flagra condutor alcoolizado entre sexta e domingo"},"content":{"rendered":"<p><img width=\"1024\" height=\"1024\" src=\"https:\/\/pbagora.s3.amazonaws.com\/2024\/03\/11132754\/c6c27784-e4b5-4141-9dc5-1e108731d3bc-1024x1024.jpeg\" class=\"attachment-large size-large wp-post-image\" alt=\"\" style=\"margin-bottom: 20px;\" decoding=\"async\" srcset=\"https:\/\/pbagora.s3.amazonaws.com\/2024\/03\/11132754\/c6c27784-e4b5-4141-9dc5-1e108731d3bc-1024x1024.jpeg 1024w, https:\/\/pbagora.s3.amazonaws.com\/2024\/03\/11132754\/c6c27784-e4b5-4141-9dc5-1e108731d3bc-300x300.jpeg 300w, https:\/\/pbagora.s3.amazonaws.com\/2024\/03\/11132754\/c6c27784-e4b5-4141-9dc5-1e108731d3bc-150x150.jpeg 150w, https:\/\/pbagora.s3.amazonaws.com\/2024\/03\/11132754\/c6c27784-e4b5-4141-9dc5-1e108731d3bc-768x768.jpeg 768w, https:\/\/pbagora.s3.amazonaws.com\/2024\/03\/11132754\/c6c27784-e4b5-4141-9dc5-1e108731d3bc-80x80.jpeg 80w, https:\/\/pbagora.s3.amazonaws.com\/2024\/03\/11132754\/c6c27784-e4b5-4141-9dc5-1e108731d3bc-110x110.jpeg 110w, https:\/\/pbagora.s3.amazonaws.com\/2024\/03\/11132754\/c6c27784-e4b5-4141-9dc5-1e108731d3bc-380x380.jpeg 380w, https:\/\/pbagora.s3.amazonaws.com\/2024\/03\/11132754\/c6c27784-e4b5-4141-9dc5-1e108731d3bc-800x800.jpeg 800w, https:\/\/pbagora.s3.amazonaws.com\/2024\/03\/11132754\/c6c27784-e4b5-4141-9dc5-1e108731d3bc-160x160.jpeg 160w, https:\/\/pbagora.s3.amazonaws.com\/2024\/03\/11132754\/c6c27784-e4b5-4141-9dc5-1e108731d3bc-760x760.jpeg 760w, https:\/\/pbagora.s3.amazonaws.com\/2024\/03\/11132754\/c6c27784-e4b5-4141-9dc5-1e108731d3bc-600x600.jpeg 600w, https:\/\/pbagora.s3.amazonaws.com\/2024\/03\/11132754\/c6c27784-e4b5-4141-9dc5-1e108731d3bc.jpeg 1080w\" sizes=\"(max-width: 1024px) 100vw, 1024px\" \/><\/p><p data-sourcepos=\"1:1-1:308\">A Pol\u00edcia Rodovi\u00e1ria Federal (PRF) na Para\u00edba intensificou suas a\u00e7\u00f5es de fiscaliza\u00e7\u00e3o durante o final de semana, recuperando tr\u00eas ve\u00edculos com registro de roubo\/furto e autuando um condutor por embriaguez ao volante. As opera\u00e7\u00f5es aconteceram em diferentes munic\u00edpios do estado, entre os dias 8 e 10 de mar\u00e7o.<\/p>\n<p data-sourcepos=\"3:1-3:207\">Em Capim, na BR 101, na sexta-feira (08), um VW Saveiro carregado com pneus automotivos foi apreendido. O ve\u00edculo, conduzido por um servidor p\u00fablico de 39 anos, apresentava registro de furto em Minas Gerais.<\/p>\n<p data-sourcepos=\"5:1-5:197\">No s\u00e1bado (09), na BR 104, um Jeep\/Compass foi abordado em Queimadas. O ve\u00edculo, conduzido por um homem de 30 anos, constava na lista de carros furtados de uma locadora em Recife-PE no ano passado.<\/p>\n<p data-sourcepos=\"7:1-7:203\">Minutos depois, na BR 230, em Cruz do Esp\u00edrito Santo, um Fiat Uno foi abordado. A condutora, de 38 anos, n\u00e3o portava documentos e o ve\u00edculo apresentava restri\u00e7\u00e3o de roubo\/furto desde fevereiro deste ano.<\/p>\n<p data-sourcepos=\"9:1-9:208\">Em Santa Rita, no domingo (10), um motociclista de 40 anos foi flagrado dirigindo em zigue-zague na BR 101. O teste de alcoolemia comprovou a embriaguez do condutor, que foi autuado e encaminhado \u00e0 delegacia.<\/p>\n<p data-sourcepos=\"11:1-11:215\">A PRF destaca que as a\u00e7\u00f5es de fiscaliza\u00e7\u00e3o s\u00e3o constantes e visam garantir a seguran\u00e7a vi\u00e1ria e a ordem p\u00fablica nas rodovias federais. Todos os ve\u00edculos recuperados ser\u00e3o devolvidos aos seus leg\u00edtimos propriet\u00e1rios.<\/p>\n","protected":false},"excerpt":{"rendered":"<p><img loading=\"lazy\" decoding=\"async\" width=\"1024\" height=\"1024\" src=\"https:\/\/pbagora.s3.amazonaws.com\/2024\/03\/11132754\/c6c27784-e4b5-4141-9dc5-1e108731d3bc-1024x1024.jpeg\" class=\"attachment-large size-large wp-post-image\" alt=\"\"><\/p>\n<p>A Pol\u00edcia Rodovi\u00e1ria Federal (PRF) na Para\u00edba intensificou suas a\u00e7\u00f5es de fiscaliza\u00e7\u00e3o durante o final de semana, recuperando\u2026<\/p>\n","protected":false},"author":123458,"featured_media":0,"comment_status":"closed","ping_status":"closed","sticky":false,"template":"","format":"standard","meta":{"advgb_blocks_editor_width":"","advgb_blocks_columns_visual_guide":"","footnotes":""},"categories":[10823,34,66],"tags":[35],"class_list":["post-45483","post","type-post","status-publish","format-standard","hentry","category-destaque-centro-01","category-g1","category-policial","tag-g1"],"author_meta":{"display_name":"Feliphe Rojas","author_link":"https:\/\/sindaopcpb.org.br\/author\/feliphe-rojas\/"},"featured_img":null,"coauthors":[],"tax_additional":{"categories":{"linked":["<a href=\"https:\/\/sindaopcpb.org.br\/destaque-centro-01\/\" class=\"advgb-post-tax-term\">Destaque Centro 01<\/a>","<a href=\"https:\/\/sindaopcpb.org.br\/g1\/\" class=\"advgb-post-tax-term\">G1<\/a>","<a href=\"https:\/\/sindaopcpb.org.br\/policial\/\" class=\"advgb-post-tax-term\">Policial<\/a>"],"unlinked":["<span class=\"advgb-post-tax-term\">Destaque Centro 01<\/span>","<span class=\"advgb-post-tax-term\">G1<\/span>","<span class=\"advgb-post-tax-term\">Policial<\/span>"]},"tags":{"linked":["<a href=\"https:\/\/sindaopcpb.org.br\/policial\/\" class=\"advgb-post-tax-term\">g1<\/a>"],"unlinked":["<span class=\"advgb-post-tax-term\">g1<\/span>"]}},"comment_count":"0","relative_dates":{"created":"Publicado 2 anos atr\u00e1s","modified":"Atualizado 2 anos atr\u00e1s"},"absolute_dates":{"created":"Publicado em 11 de mar\u00e7o de 2024","modified":"Atualizado em 11 de mar\u00e7o de 2024"},"absolute_dates_time":{"created":"Publicado em 11 de mar\u00e7o de 2024 13:29","modified":"Atualizado em 11 de mar\u00e7o de 2024 13:29"},"featured_img_caption":"","series_order":"","_links":{"self":[{"href":"https:\/\/sindaopcpb.org.br\/index.php\/wp-json\/wp\/v2\/posts\/45483","targetHints":{"allow":["GET"]}}],"collection":[{"href":"https:\/\/sindaopcpb.org.br\/index.php\/wp-json\/wp\/v2\/posts"}],"about":[{"href":"https:\/\/sindaopcpb.org.br\/index.php\/wp-json\/wp\/v2\/types\/post"}],"author":[{"embeddable":true,"href":"https:\/\/sindaopcpb.org.br\/index.php\/wp-json\/wp\/v2\/users\/123458"}],"replies":[{"embeddable":true,"href":"https:\/\/sindaopcpb.org.br\/index.php\/wp-json\/wp\/v2\/comments?post=45483"}],"version-history":[{"count":2,"href":"https:\/\/sindaopcpb.org.br\/index.php\/wp-json\/wp\/v2\/posts\/45483\/revisions"}],"predecessor-version":[{"id":45489,"href":"https:\/\/sindaopcpb.org.br\/index.php\/wp-json\/wp\/v2\/posts\/45483\/revisions\/45489"}],"wp:attachment":[{"href":"https:\/\/sindaopcpb.org.br\/index.php\/wp-json\/wp\/v2\/media?parent=45483"}],"wp:term":[{"taxonomy":"category","embeddable":true,"href":"https:\/\/sindaopcpb.org.br\/index.php\/wp-json\/wp\/v2\/categories?post=45483"},{"taxonomy":"post_tag","embeddable":true,"href":"https:\/\/sindaopcpb.org.br\/index.php\/wp-json\/wp\/v2\/tags?post=45483"}],"curies":[{"name":"wp","href":"https:\/\/api.w.org\/{rel}","templated":true}]}}