{"id":44056,"date":"2024-01-26T16:07:46","date_gmt":"2024-01-26T19:07:46","guid":{"rendered":"https:\/\/www.pbagora.com.br\/?p=804943"},"modified":"2024-01-26T16:07:46","modified_gmt":"2024-01-26T19:07:46","slug":"homem-e-ferido-por-disparos-em-tentativa-de-assalto-a-caminho-do-trabalho-na-grande-jp","status":"publish","type":"post","link":"https:\/\/sindaopcpb.org.br\/index.php\/2024\/01\/26\/homem-e-ferido-por-disparos-em-tentativa-de-assalto-a-caminho-do-trabalho-na-grande-jp\/","title":{"rendered":"Homem \u00e9 ferido por disparos em tentativa de assalto a caminho do trabalho na Grande JP"},"content":{"rendered":"<p><img width=\"876\" height=\"585\" src=\"https:\/\/pbagora.s3.amazonaws.com\/2023\/06\/28062445\/viatura_policia_civil_pb_foto_ascom_pcpb.jpg\" class=\"attachment-large size-large wp-post-image\" alt=\"\" style=\"margin-bottom: 20px;\" decoding=\"async\" srcset=\"https:\/\/pbagora.s3.amazonaws.com\/2023\/06\/28062445\/viatura_policia_civil_pb_foto_ascom_pcpb.jpg 876w, https:\/\/pbagora.s3.amazonaws.com\/2023\/06\/28062445\/viatura_policia_civil_pb_foto_ascom_pcpb-300x200.jpg 300w, https:\/\/pbagora.s3.amazonaws.com\/2023\/06\/28062445\/viatura_policia_civil_pb_foto_ascom_pcpb-150x100.jpg 150w, https:\/\/pbagora.s3.amazonaws.com\/2023\/06\/28062445\/viatura_policia_civil_pb_foto_ascom_pcpb-768x513.jpg 768w, https:\/\/pbagora.s3.amazonaws.com\/2023\/06\/28062445\/viatura_policia_civil_pb_foto_ascom_pcpb-380x254.jpg 380w, https:\/\/pbagora.s3.amazonaws.com\/2023\/06\/28062445\/viatura_policia_civil_pb_foto_ascom_pcpb-800x534.jpg 800w, https:\/\/pbagora.s3.amazonaws.com\/2023\/06\/28062445\/viatura_policia_civil_pb_foto_ascom_pcpb-80x53.jpg 80w, https:\/\/pbagora.s3.amazonaws.com\/2023\/06\/28062445\/viatura_policia_civil_pb_foto_ascom_pcpb-760x508.jpg 760w, https:\/\/pbagora.s3.amazonaws.com\/2023\/06\/28062445\/viatura_policia_civil_pb_foto_ascom_pcpb-600x401.jpg 600w\" sizes=\"(max-width: 876px) 100vw, 876px\" \/><\/p><p>Um homem de 46 anos foi alvejado por tiros enquanto se dirigia ao trabalho. O fato ocorreu nas primeiras horas da manh\u00e3 desta sexta-feira (26), em Santa Rita, regi\u00e3o metropolitana de Jo\u00e3o Pessoa.<\/p>\n<p>De acordo com relatos da fam\u00edlia, a v\u00edtima seguia sua rotina habitual, indo da resid\u00eancia at\u00e9 o ponto de \u00f4nibus, quando foi abordada por indiv\u00edduos armados por volta das 4h30. Ap\u00f3s roubar pertences pessoais, os suspeitos ordenaram que ele fugisse. Ao se virar, o trabalhador foi atingido por disparos nas costas e no bra\u00e7o.<\/p>\n<p>Equipes do Servi\u00e7o de Atendimento M\u00f3vel de Urg\u00eancia (Samu) foram acionadas e o homem foi levado ao Hospital de Emerg\u00eancia e Trauma de Jo\u00e3o Pessoa. Segundo informa\u00e7\u00f5es do boletim m\u00e9dico, seu estado de sa\u00fade \u00e9 considerado grave.<\/p>\n<p><em><strong>PB Agora<\/strong><\/em><\/p>\n","protected":false},"excerpt":{"rendered":"<p><img loading=\"lazy\" decoding=\"async\" width=\"876\" height=\"585\" src=\"https:\/\/pbagora.s3.amazonaws.com\/2023\/06\/28062445\/viatura_policia_civil_pb_foto_ascom_pcpb.jpg\" class=\"attachment-large size-large wp-post-image\" alt=\"\"><\/p>\n<p>Um homem de 46 anos foi alvejado por tiros enquanto se dirigia ao trabalho. O fato ocorreu nas\u2026<\/p>\n","protected":false},"author":123457,"featured_media":0,"comment_status":"closed","ping_status":"closed","sticky":false,"template":"","format":"standard","meta":{"advgb_blocks_editor_width":"","advgb_blocks_columns_visual_guide":"","footnotes":""},"categories":[10826,34,66],"tags":[35],"class_list":["post-44056","post","type-post","status-publish","format-standard","hentry","category-destaque-centro-02","category-g1","category-policial","tag-g1"],"author_meta":{"display_name":"Reda\u00e7\u00e3o","author_link":"https:\/\/sindaopcpb.org.br\/author\/redacao\/"},"featured_img":null,"coauthors":[],"tax_additional":{"categories":{"linked":["<a href=\"https:\/\/sindaopcpb.org.br\/destaque-centro-02\/\" class=\"advgb-post-tax-term\">Destaque Centro 02<\/a>","<a href=\"https:\/\/sindaopcpb.org.br\/g1\/\" class=\"advgb-post-tax-term\">G1<\/a>","<a href=\"https:\/\/sindaopcpb.org.br\/policial\/\" class=\"advgb-post-tax-term\">Policial<\/a>"],"unlinked":["<span class=\"advgb-post-tax-term\">Destaque Centro 02<\/span>","<span class=\"advgb-post-tax-term\">G1<\/span>","<span class=\"advgb-post-tax-term\">Policial<\/span>"]},"tags":{"linked":["<a href=\"https:\/\/sindaopcpb.org.br\/policial\/\" class=\"advgb-post-tax-term\">g1<\/a>"],"unlinked":["<span class=\"advgb-post-tax-term\">g1<\/span>"]}},"comment_count":"0","relative_dates":{"created":"Publicado 3 anos atr\u00e1s","modified":"Atualizado 3 anos atr\u00e1s"},"absolute_dates":{"created":"Publicado em 26 de janeiro de 2024","modified":"Atualizado em 26 de janeiro de 2024"},"absolute_dates_time":{"created":"Publicado em 26 de janeiro de 2024 16:07","modified":"Atualizado em 26 de janeiro de 2024 16:07"},"featured_img_caption":"","series_order":"","_links":{"self":[{"href":"https:\/\/sindaopcpb.org.br\/index.php\/wp-json\/wp\/v2\/posts\/44056","targetHints":{"allow":["GET"]}}],"collection":[{"href":"https:\/\/sindaopcpb.org.br\/index.php\/wp-json\/wp\/v2\/posts"}],"about":[{"href":"https:\/\/sindaopcpb.org.br\/index.php\/wp-json\/wp\/v2\/types\/post"}],"author":[{"embeddable":true,"href":"https:\/\/sindaopcpb.org.br\/index.php\/wp-json\/wp\/v2\/users\/123457"}],"replies":[{"embeddable":true,"href":"https:\/\/sindaopcpb.org.br\/index.php\/wp-json\/wp\/v2\/comments?post=44056"}],"version-history":[{"count":3,"href":"https:\/\/sindaopcpb.org.br\/index.php\/wp-json\/wp\/v2\/posts\/44056\/revisions"}],"predecessor-version":[{"id":44073,"href":"https:\/\/sindaopcpb.org.br\/index.php\/wp-json\/wp\/v2\/posts\/44056\/revisions\/44073"}],"wp:attachment":[{"href":"https:\/\/sindaopcpb.org.br\/index.php\/wp-json\/wp\/v2\/media?parent=44056"}],"wp:term":[{"taxonomy":"category","embeddable":true,"href":"https:\/\/sindaopcpb.org.br\/index.php\/wp-json\/wp\/v2\/categories?post=44056"},{"taxonomy":"post_tag","embeddable":true,"href":"https:\/\/sindaopcpb.org.br\/index.php\/wp-json\/wp\/v2\/tags?post=44056"}],"curies":[{"name":"wp","href":"https:\/\/api.w.org\/{rel}","templated":true}]}}