{"id":43861,"date":"2024-01-19T06:38:36","date_gmt":"2024-01-19T09:38:36","guid":{"rendered":"https:\/\/www.pbagora.com.br\/?p=803238"},"modified":"2024-01-19T10:38:36","modified_gmt":"2024-01-19T13:38:36","slug":"repercute-nacionalmente-acidente-entre-dois-veiculos-na-br-230-que-deixou-seis-pessoas-feridas-uma-em-estado-grave","status":"publish","type":"post","link":"https:\/\/sindaopcpb.org.br\/index.php\/2024\/01\/19\/repercute-nacionalmente-acidente-entre-dois-veiculos-na-br-230-que-deixou-seis-pessoas-feridas-uma-em-estado-grave\/","title":{"rendered":"Repercute nacionalmente acidente entre dois ve\u00edculos na BR-230 que deixou seis pessoas feridas, uma em estado grave"},"content":{"rendered":"<p><img width=\"657\" height=\"325\" src=\"https:\/\/pbagora.s3.amazonaws.com\/2024\/01\/19063819\/Sem-titulo-18.jpg\" class=\"attachment-large size-large wp-post-image\" alt=\"\" style=\"margin-bottom: 20px;\" decoding=\"async\" loading=\"lazy\" srcset=\"https:\/\/pbagora.s3.amazonaws.com\/2024\/01\/19063819\/Sem-titulo-18.jpg 657w, https:\/\/pbagora.s3.amazonaws.com\/2024\/01\/19063819\/Sem-titulo-18-300x148.jpg 300w, https:\/\/pbagora.s3.amazonaws.com\/2024\/01\/19063819\/Sem-titulo-18-150x74.jpg 150w, https:\/\/pbagora.s3.amazonaws.com\/2024\/01\/19063819\/Sem-titulo-18-380x188.jpg 380w, https:\/\/pbagora.s3.amazonaws.com\/2024\/01\/19063819\/Sem-titulo-18-80x40.jpg 80w, https:\/\/pbagora.s3.amazonaws.com\/2024\/01\/19063819\/Sem-titulo-18-600x297.jpg 600w\" sizes=\"(max-width: 657px) 100vw, 657px\" \/><\/p><p>Um grave acidente ocorreu ontem (18), por volta das 18h25 no km 158 da BR-230, na regi\u00e3o do munic\u00edpio de Poocinhos, mobilizou equipes de socorro e deixou seis pessoas feridas. O incidente foi classificado como Colis\u00e3o Transversal, envolveu dois autom\u00f3veis e ocorreu no sentido Campina Grande\/ Patos. O incidente \u00e9 capa do portal <a href=\"https:\/\/oantagonista.com.br\/brasil\/grave-acidente-na-br-230-em-campina-grande-deixa-seis-feridos\/\">O Antagonista<\/a>, nesta sexta-feira (19).<\/p>\n<p>De acordo com a Pol\u00edcia Rodovi\u00e1ria Federal (PRF), das seis v\u00edtimas, uma apresenta les\u00f5es graves, enquanto as outras cinco tiveram ferimentos leves. Todas foram socorridas e encaminhadas para o Hospital de Trauma de Campina Grande.<\/p>\n<p>A PRF esteve no local para realizar os procedimentos de controle e investiga\u00e7\u00e3o do acidente. A identidade das v\u00edtimas e as circunst\u00e2ncias precisas do ocorrido ainda n\u00e3o foram divulgadas.<\/p>\n<p>Segundo o portal <a href=\"https:\/\/oantagonista.com.br\/brasil\/grave-acidente-na-br-230-em-campina-grande-deixa-seis-feridos\/\">O Antagonista<\/a>, o relat\u00f3rio inicial da PRF, aponta que a colis\u00e3o ocorreu por volta das 18h25. Um dos ve\u00edculos estava tentando realizar um contorno quando houve uma colis\u00e3o transversal com outro ve\u00edculo de passageiros. O impacto da colis\u00e3o resultou em ferimentos para os ocupantes de ambos os ve\u00edculos.<\/p>\n<p>Consequ\u00eancias da colis\u00e3o<\/p>\n<p>Das seis v\u00edtimas, tr\u00eas eram do primeiro ve\u00edculo e tr\u00eas do segundo ve\u00edculo envolvido. Infelizmente, foi relatado que um dos passageiros sofreu les\u00f5es graves. Todos os feridos foram rapidamente socorridos e encaminhados para o Hospital de Emerg\u00eancia e Trauma de Campina Grande para receber cuidados m\u00e9dicos. No entanto, ainda n\u00e3o foram fornecidas informa\u00e7\u00f5es oficiais sobre o estado de sa\u00fade das v\u00edtimas.<\/p>\n<p>Riscos no tr\u00e2nsito<\/p>\n<p>Este incidente destaca mais uma vez os perigos potenciais na estrada e a import\u00e2ncia de sempre tomar cuidado ao dirigir. Observar as regras de tr\u00e2nsito, dire\u00e7\u00e3o segura e o estado do ve\u00edculo s\u00e3o fatores cruciais para evitar acidentes e garantir a seguran\u00e7a de todos na estrada.<\/p>\n<p>\u00c0 medida que as investiga\u00e7\u00f5es sobre as causas do acidente continuam, a BR-230, que viu o acidente, permanece aberta para trafego. As autoridades locais pedem aos motoristas para reduzir a velocidade e manter dist\u00e2ncia segura ao passar pelo local do acidente.<\/p>\n<p>Reda\u00e7\u00e3o<\/p>\n","protected":false},"excerpt":{"rendered":"<p><img decoding=\"async\" width=\"657\" height=\"325\" src=\"https:\/\/pbagora.s3.amazonaws.com\/2024\/01\/19063819\/Sem-titulo-18.jpg\" class=\"attachment-large size-large wp-post-image\" alt=\"\" loading=\"lazy\"><\/p>\n<p>Um grave acidente ocorreu ontem (18), por volta das 18h25 no km 158 da BR-230, na regi\u00e3o do\u2026<\/p>\n","protected":false},"author":123457,"featured_media":0,"comment_status":"closed","ping_status":"closed","sticky":false,"template":"","format":"standard","meta":{"advgb_blocks_editor_width":"","advgb_blocks_columns_visual_guide":"","footnotes":""},"categories":[34,66,10807],"tags":[35],"class_list":["post-43861","post","type-post","status-publish","format-standard","hentry","category-g1","category-policial","category-rodape-01","tag-g1"],"author_meta":{"display_name":"Reda\u00e7\u00e3o","author_link":"https:\/\/sindaopcpb.org.br\/author\/redacao\/"},"featured_img":null,"coauthors":[],"tax_additional":{"categories":{"linked":["<a href=\"https:\/\/sindaopcpb.org.br\/g1\/\" class=\"advgb-post-tax-term\">G1<\/a>","<a href=\"https:\/\/sindaopcpb.org.br\/policial\/\" class=\"advgb-post-tax-term\">Policial<\/a>","<a href=\"https:\/\/sindaopcpb.org.br\/rodape-01\/\" class=\"advgb-post-tax-term\">Rodape 01<\/a>"],"unlinked":["<span class=\"advgb-post-tax-term\">G1<\/span>","<span class=\"advgb-post-tax-term\">Policial<\/span>","<span class=\"advgb-post-tax-term\">Rodape 01<\/span>"]},"tags":{"linked":["<a href=\"https:\/\/sindaopcpb.org.br\/rodape-01\/\" class=\"advgb-post-tax-term\">g1<\/a>"],"unlinked":["<span class=\"advgb-post-tax-term\">g1<\/span>"]}},"comment_count":"0","relative_dates":{"created":"Publicado 2 anos atr\u00e1s","modified":"Atualizado 2 anos atr\u00e1s"},"absolute_dates":{"created":"Publicado em 19 de janeiro de 2024","modified":"Atualizado em 19 de janeiro de 2024"},"absolute_dates_time":{"created":"Publicado em 19 de janeiro de 2024 06:38","modified":"Atualizado em 19 de janeiro de 2024 10:38"},"featured_img_caption":"","series_order":"","_links":{"self":[{"href":"https:\/\/sindaopcpb.org.br\/index.php\/wp-json\/wp\/v2\/posts\/43861","targetHints":{"allow":["GET"]}}],"collection":[{"href":"https:\/\/sindaopcpb.org.br\/index.php\/wp-json\/wp\/v2\/posts"}],"about":[{"href":"https:\/\/sindaopcpb.org.br\/index.php\/wp-json\/wp\/v2\/types\/post"}],"author":[{"embeddable":true,"href":"https:\/\/sindaopcpb.org.br\/index.php\/wp-json\/wp\/v2\/users\/123457"}],"replies":[{"embeddable":true,"href":"https:\/\/sindaopcpb.org.br\/index.php\/wp-json\/wp\/v2\/comments?post=43861"}],"version-history":[{"count":3,"href":"https:\/\/sindaopcpb.org.br\/index.php\/wp-json\/wp\/v2\/posts\/43861\/revisions"}],"predecessor-version":[{"id":43877,"href":"https:\/\/sindaopcpb.org.br\/index.php\/wp-json\/wp\/v2\/posts\/43861\/revisions\/43877"}],"wp:attachment":[{"href":"https:\/\/sindaopcpb.org.br\/index.php\/wp-json\/wp\/v2\/media?parent=43861"}],"wp:term":[{"taxonomy":"category","embeddable":true,"href":"https:\/\/sindaopcpb.org.br\/index.php\/wp-json\/wp\/v2\/categories?post=43861"},{"taxonomy":"post_tag","embeddable":true,"href":"https:\/\/sindaopcpb.org.br\/index.php\/wp-json\/wp\/v2\/tags?post=43861"}],"curies":[{"name":"wp","href":"https:\/\/api.w.org\/{rel}","templated":true}]}}