{"id":43818,"date":"2024-01-17T11:15:43","date_gmt":"2024-01-17T14:15:43","guid":{"rendered":"https:\/\/www.pbagora.com.br\/?p=802846"},"modified":"2024-01-17T15:42:43","modified_gmt":"2024-01-17T18:42:43","slug":"carro-de-vereador-de-cabedelo-e-alvejado-a-tiros-durante-tentativa-de-assalto","status":"publish","type":"post","link":"https:\/\/sindaopcpb.org.br\/index.php\/2024\/01\/17\/carro-de-vereador-de-cabedelo-e-alvejado-a-tiros-durante-tentativa-de-assalto\/","title":{"rendered":"Carro de vereador de Cabedelo \u00e9 alvejado a tiros durante tentativa de assalto"},"content":{"rendered":"<p><img width=\"750\" height=\"784\" src=\"https:\/\/pbagora.s3.amazonaws.com\/2024\/01\/17105308\/WhatsApp-Image-2024-01-17-at-08.06.16.jpeg\" class=\"attachment-large size-large wp-post-image\" alt=\"\" style=\"margin-bottom: 20px;\" decoding=\"async\" srcset=\"https:\/\/pbagora.s3.amazonaws.com\/2024\/01\/17105308\/WhatsApp-Image-2024-01-17-at-08.06.16.jpeg 750w, https:\/\/pbagora.s3.amazonaws.com\/2024\/01\/17105308\/WhatsApp-Image-2024-01-17-at-08.06.16-287x300.jpeg 287w, https:\/\/pbagora.s3.amazonaws.com\/2024\/01\/17105308\/WhatsApp-Image-2024-01-17-at-08.06.16-143x150.jpeg 143w, https:\/\/pbagora.s3.amazonaws.com\/2024\/01\/17105308\/WhatsApp-Image-2024-01-17-at-08.06.16-380x397.jpeg 380w, https:\/\/pbagora.s3.amazonaws.com\/2024\/01\/17105308\/WhatsApp-Image-2024-01-17-at-08.06.16-80x84.jpeg 80w, https:\/\/pbagora.s3.amazonaws.com\/2024\/01\/17105308\/WhatsApp-Image-2024-01-17-at-08.06.16-77x80.jpeg 77w, https:\/\/pbagora.s3.amazonaws.com\/2024\/01\/17105308\/WhatsApp-Image-2024-01-17-at-08.06.16-574x600.jpeg 574w\" sizes=\"(max-width: 750px) 100vw, 750px\" \/><\/p><p>Na noite desta ter\u00e7a-feira (16), o carro do vereador de Cabedelo, J\u00fanior Paulo, foi alvo de tiros durante uma aparente tentativa de assalto no bairro Jardim Manguinhos. A esposa do parlamentar estava presente no ve\u00edculo no momento do incidente.<\/p>\n<p>A major Viviane, da Pol\u00edcia Militar, esclareceu que, felizmente, n\u00e3o houve feridos e que a situa\u00e7\u00e3o n\u00e3o foi caracterizada como um atentado direcionado ao vereador. Conforme detalhado pela major, J\u00fanior Paulo n\u00e3o estava no carro durante o ocorrido, sendo sua esposa a condutora do ve\u00edculo.<\/p>\n<p>O incidente ocorreu enquanto o carro do vereador transitava pelo bairro, tornando-se alvo de criminosos. A pol\u00edcia suspeita fortemente que se tratou de uma tentativa de assalto, visto que o ve\u00edculo foi atingido por um tiro. Ainda assim, a esposa do vereador saiu ilesa do epis\u00f3dio. As autoridades continuam investigando o caso para identificar e capturar os respons\u00e1veis pelo ataque.<\/p>\n","protected":false},"excerpt":{"rendered":"<p><img loading=\"lazy\" decoding=\"async\" width=\"750\" height=\"784\" src=\"https:\/\/pbagora.s3.amazonaws.com\/2024\/01\/17105308\/WhatsApp-Image-2024-01-17-at-08.06.16.jpeg\" class=\"attachment-large size-large wp-post-image\" alt=\"\"><\/p>\n<p>Na noite desta ter\u00e7a-feira (16), o carro do vereador de Cabedelo, J\u00fanior Paulo, foi alvo de tiros durante\u2026<\/p>\n","protected":false},"author":123458,"featured_media":0,"comment_status":"closed","ping_status":"closed","sticky":false,"template":"","format":"standard","meta":{"advgb_blocks_editor_width":"","advgb_blocks_columns_visual_guide":"","footnotes":""},"categories":[10826,34,66],"tags":[35],"class_list":["post-43818","post","type-post","status-publish","format-standard","hentry","category-destaque-centro-02","category-g1","category-policial","tag-g1"],"author_meta":{"display_name":"Feliphe Rojas","author_link":"https:\/\/sindaopcpb.org.br\/author\/feliphe-rojas\/"},"featured_img":null,"coauthors":[],"tax_additional":{"categories":{"linked":["<a href=\"https:\/\/sindaopcpb.org.br\/destaque-centro-02\/\" class=\"advgb-post-tax-term\">Destaque Centro 02<\/a>","<a href=\"https:\/\/sindaopcpb.org.br\/g1\/\" class=\"advgb-post-tax-term\">G1<\/a>","<a href=\"https:\/\/sindaopcpb.org.br\/policial\/\" class=\"advgb-post-tax-term\">Policial<\/a>"],"unlinked":["<span class=\"advgb-post-tax-term\">Destaque Centro 02<\/span>","<span class=\"advgb-post-tax-term\">G1<\/span>","<span class=\"advgb-post-tax-term\">Policial<\/span>"]},"tags":{"linked":["<a href=\"https:\/\/sindaopcpb.org.br\/policial\/\" class=\"advgb-post-tax-term\">g1<\/a>"],"unlinked":["<span class=\"advgb-post-tax-term\">g1<\/span>"]}},"comment_count":"0","relative_dates":{"created":"Publicado 2 anos atr\u00e1s","modified":"Atualizado 2 anos atr\u00e1s"},"absolute_dates":{"created":"Publicado em 17 de janeiro de 2024","modified":"Atualizado em 17 de janeiro de 2024"},"absolute_dates_time":{"created":"Publicado em 17 de janeiro de 2024 11:15","modified":"Atualizado em 17 de janeiro de 2024 15:42"},"featured_img_caption":"","series_order":"","_links":{"self":[{"href":"https:\/\/sindaopcpb.org.br\/index.php\/wp-json\/wp\/v2\/posts\/43818","targetHints":{"allow":["GET"]}}],"collection":[{"href":"https:\/\/sindaopcpb.org.br\/index.php\/wp-json\/wp\/v2\/posts"}],"about":[{"href":"https:\/\/sindaopcpb.org.br\/index.php\/wp-json\/wp\/v2\/types\/post"}],"author":[{"embeddable":true,"href":"https:\/\/sindaopcpb.org.br\/index.php\/wp-json\/wp\/v2\/users\/123458"}],"replies":[{"embeddable":true,"href":"https:\/\/sindaopcpb.org.br\/index.php\/wp-json\/wp\/v2\/comments?post=43818"}],"version-history":[{"count":3,"href":"https:\/\/sindaopcpb.org.br\/index.php\/wp-json\/wp\/v2\/posts\/43818\/revisions"}],"predecessor-version":[{"id":43829,"href":"https:\/\/sindaopcpb.org.br\/index.php\/wp-json\/wp\/v2\/posts\/43818\/revisions\/43829"}],"wp:attachment":[{"href":"https:\/\/sindaopcpb.org.br\/index.php\/wp-json\/wp\/v2\/media?parent=43818"}],"wp:term":[{"taxonomy":"category","embeddable":true,"href":"https:\/\/sindaopcpb.org.br\/index.php\/wp-json\/wp\/v2\/categories?post=43818"},{"taxonomy":"post_tag","embeddable":true,"href":"https:\/\/sindaopcpb.org.br\/index.php\/wp-json\/wp\/v2\/tags?post=43818"}],"curies":[{"name":"wp","href":"https:\/\/api.w.org\/{rel}","templated":true}]}}