{"id":43756,"date":"2024-01-15T11:27:03","date_gmt":"2024-01-15T14:27:03","guid":{"rendered":"https:\/\/www.pbagora.com.br\/?p=802403"},"modified":"2024-01-15T13:08:03","modified_gmt":"2024-01-15T16:08:03","slug":"pm-fecha-rinha-de-galos-no-interior-da-pb-detem-responsavel-e-aplica-multa-de-r-7-mil","status":"publish","type":"post","link":"https:\/\/sindaopcpb.org.br\/index.php\/2024\/01\/15\/pm-fecha-rinha-de-galos-no-interior-da-pb-detem-responsavel-e-aplica-multa-de-r-7-mil\/","title":{"rendered":"PM fecha rinha de galos no interior da PB, det\u00e9m respons\u00e1vel e aplica multa de R$ 7 mil"},"content":{"rendered":"<p><img width=\"800\" height=\"532\" src=\"https:\/\/pbagora.s3.amazonaws.com\/2024\/01\/15112653\/Rinha-de-Galos-matinhas-policia-militar-ambiental-paraiba-foto-divulgacao.webp\" class=\"attachment-large size-large wp-post-image\" alt=\"\" style=\"margin-bottom: 20px;\" decoding=\"async\" loading=\"lazy\" srcset=\"https:\/\/pbagora.s3.amazonaws.com\/2024\/01\/15112653\/Rinha-de-Galos-matinhas-policia-militar-ambiental-paraiba-foto-divulgacao.webp 800w, https:\/\/pbagora.s3.amazonaws.com\/2024\/01\/15112653\/Rinha-de-Galos-matinhas-policia-militar-ambiental-paraiba-foto-divulgacao-300x200.webp 300w, https:\/\/pbagora.s3.amazonaws.com\/2024\/01\/15112653\/Rinha-de-Galos-matinhas-policia-militar-ambiental-paraiba-foto-divulgacao-150x100.webp 150w, https:\/\/pbagora.s3.amazonaws.com\/2024\/01\/15112653\/Rinha-de-Galos-matinhas-policia-militar-ambiental-paraiba-foto-divulgacao-768x511.webp 768w, https:\/\/pbagora.s3.amazonaws.com\/2024\/01\/15112653\/Rinha-de-Galos-matinhas-policia-militar-ambiental-paraiba-foto-divulgacao-380x253.webp 380w, https:\/\/pbagora.s3.amazonaws.com\/2024\/01\/15112653\/Rinha-de-Galos-matinhas-policia-militar-ambiental-paraiba-foto-divulgacao-80x53.webp 80w, https:\/\/pbagora.s3.amazonaws.com\/2024\/01\/15112653\/Rinha-de-Galos-matinhas-policia-militar-ambiental-paraiba-foto-divulgacao-760x505.webp 760w, https:\/\/pbagora.s3.amazonaws.com\/2024\/01\/15112653\/Rinha-de-Galos-matinhas-policia-militar-ambiental-paraiba-foto-divulgacao-600x399.webp 600w\" sizes=\"(max-width: 800px) 100vw, 800px\" \/><\/p><p>A Pol\u00edcia Militar de Meio Ambiente da Para\u00edba encerrou, nesse domingo (14), uma rinha de galos e encaminhou um homem \u00e0 delegacia na cidade de Matinhas, situada no Agreste do estado.<\/p>\n<p>Segundo informa\u00e7\u00f5es do Batalh\u00e3o de Pol\u00edcia Ambiental da Para\u00edba, os animais estavam localizados em uma \u00e1rea rural do munic\u00edpio de Matinhas, apresentando ferimentos e mutila\u00e7\u00f5es. No local, foram encontrados todos os equipamentos necess\u00e1rios para a montagem de uma estrutura destinada a rinhas.<\/p>\n<p>Conforme relato da ocorr\u00eancia, o respons\u00e1vel pela atividade il\u00edcita foi detido e conduzido \u00e0 delegacia de Esperan\u00e7a, onde foi aplicada uma multa no valor de R$ 7 mil.<\/p>\n<p><strong>PB Agora<\/strong><\/p>\n","protected":false},"excerpt":{"rendered":"<p><img loading=\"lazy\" decoding=\"async\" width=\"800\" height=\"532\" src=\"https:\/\/pbagora.s3.amazonaws.com\/2024\/01\/15112653\/Rinha-de-Galos-matinhas-policia-militar-ambiental-paraiba-foto-divulgacao.webp\" class=\"attachment-large size-large wp-post-image\" alt=\"\"><\/p>\n<p>A Pol\u00edcia Militar de Meio Ambiente da Para\u00edba encerrou, nesse domingo (14), uma rinha de galos e encaminhou\u2026<\/p>\n","protected":false},"author":123457,"featured_media":0,"comment_status":"closed","ping_status":"closed","sticky":false,"template":"","format":"standard","meta":{"advgb_blocks_editor_width":"","advgb_blocks_columns_visual_guide":"","footnotes":""},"categories":[10826,34,66],"tags":[35],"class_list":["post-43756","post","type-post","status-publish","format-standard","hentry","category-destaque-centro-02","category-g1","category-policial","tag-g1"],"author_meta":{"display_name":"Reda\u00e7\u00e3o","author_link":"https:\/\/sindaopcpb.org.br\/author\/redacao\/"},"featured_img":null,"coauthors":[],"tax_additional":{"categories":{"linked":["<a href=\"https:\/\/sindaopcpb.org.br\/destaque-centro-02\/\" class=\"advgb-post-tax-term\">Destaque Centro 02<\/a>","<a href=\"https:\/\/sindaopcpb.org.br\/g1\/\" class=\"advgb-post-tax-term\">G1<\/a>","<a href=\"https:\/\/sindaopcpb.org.br\/policial\/\" class=\"advgb-post-tax-term\">Policial<\/a>"],"unlinked":["<span class=\"advgb-post-tax-term\">Destaque Centro 02<\/span>","<span class=\"advgb-post-tax-term\">G1<\/span>","<span class=\"advgb-post-tax-term\">Policial<\/span>"]},"tags":{"linked":["<a href=\"https:\/\/sindaopcpb.org.br\/policial\/\" class=\"advgb-post-tax-term\">g1<\/a>"],"unlinked":["<span class=\"advgb-post-tax-term\">g1<\/span>"]}},"comment_count":"0","relative_dates":{"created":"Publicado 2 anos atr\u00e1s","modified":"Atualizado 2 anos atr\u00e1s"},"absolute_dates":{"created":"Publicado em 15 de janeiro de 2024","modified":"Atualizado em 15 de janeiro de 2024"},"absolute_dates_time":{"created":"Publicado em 15 de janeiro de 2024 11:27","modified":"Atualizado em 15 de janeiro de 2024 13:08"},"featured_img_caption":"","series_order":"","_links":{"self":[{"href":"https:\/\/sindaopcpb.org.br\/index.php\/wp-json\/wp\/v2\/posts\/43756","targetHints":{"allow":["GET"]}}],"collection":[{"href":"https:\/\/sindaopcpb.org.br\/index.php\/wp-json\/wp\/v2\/posts"}],"about":[{"href":"https:\/\/sindaopcpb.org.br\/index.php\/wp-json\/wp\/v2\/types\/post"}],"author":[{"embeddable":true,"href":"https:\/\/sindaopcpb.org.br\/index.php\/wp-json\/wp\/v2\/users\/123457"}],"replies":[{"embeddable":true,"href":"https:\/\/sindaopcpb.org.br\/index.php\/wp-json\/wp\/v2\/comments?post=43756"}],"version-history":[{"count":2,"href":"https:\/\/sindaopcpb.org.br\/index.php\/wp-json\/wp\/v2\/posts\/43756\/revisions"}],"predecessor-version":[{"id":43762,"href":"https:\/\/sindaopcpb.org.br\/index.php\/wp-json\/wp\/v2\/posts\/43756\/revisions\/43762"}],"wp:attachment":[{"href":"https:\/\/sindaopcpb.org.br\/index.php\/wp-json\/wp\/v2\/media?parent=43756"}],"wp:term":[{"taxonomy":"category","embeddable":true,"href":"https:\/\/sindaopcpb.org.br\/index.php\/wp-json\/wp\/v2\/categories?post=43756"},{"taxonomy":"post_tag","embeddable":true,"href":"https:\/\/sindaopcpb.org.br\/index.php\/wp-json\/wp\/v2\/tags?post=43756"}],"curies":[{"name":"wp","href":"https:\/\/api.w.org\/{rel}","templated":true}]}}