{"id":43734,"date":"2024-01-15T05:56:03","date_gmt":"2024-01-15T08:56:03","guid":{"rendered":"https:\/\/www.pbagora.com.br\/?p=802314"},"modified":"2024-01-15T09:15:03","modified_gmt":"2024-01-15T12:15:03","slug":"caminhonete-capota-apos-colidir-com-carro-no-bairro-da-ilha-do-bispo-em-joao-pessoa","status":"publish","type":"post","link":"https:\/\/sindaopcpb.org.br\/index.php\/2024\/01\/15\/caminhonete-capota-apos-colidir-com-carro-no-bairro-da-ilha-do-bispo-em-joao-pessoa\/","title":{"rendered":"Caminhonete capota ap\u00f3s colidir com carro no bairro da Ilha do Bispo, em Jo\u00e3o Pessoa"},"content":{"rendered":"<p><img width=\"829\" height=\"398\" src=\"https:\/\/pbagora.s3.amazonaws.com\/2024\/01\/15055554\/Sem-titulo-6.jpg\" class=\"attachment-large size-large wp-post-image\" alt=\"\" style=\"margin-bottom: 20px;\" decoding=\"async\" loading=\"lazy\" srcset=\"https:\/\/pbagora.s3.amazonaws.com\/2024\/01\/15055554\/Sem-titulo-6.jpg 829w, https:\/\/pbagora.s3.amazonaws.com\/2024\/01\/15055554\/Sem-titulo-6-300x144.jpg 300w, https:\/\/pbagora.s3.amazonaws.com\/2024\/01\/15055554\/Sem-titulo-6-150x72.jpg 150w, https:\/\/pbagora.s3.amazonaws.com\/2024\/01\/15055554\/Sem-titulo-6-768x369.jpg 768w, https:\/\/pbagora.s3.amazonaws.com\/2024\/01\/15055554\/Sem-titulo-6-380x182.jpg 380w, https:\/\/pbagora.s3.amazonaws.com\/2024\/01\/15055554\/Sem-titulo-6-800x384.jpg 800w, https:\/\/pbagora.s3.amazonaws.com\/2024\/01\/15055554\/Sem-titulo-6-80x38.jpg 80w, https:\/\/pbagora.s3.amazonaws.com\/2024\/01\/15055554\/Sem-titulo-6-760x365.jpg 760w, https:\/\/pbagora.s3.amazonaws.com\/2024\/01\/15055554\/Sem-titulo-6-600x288.jpg 600w\" sizes=\"(max-width: 829px) 100vw, 829px\" \/><\/p><p>Uma caminhonete perdeu o controle e capotou ap\u00f3s colidir com um outro carro, ontem (14), no bairro da Ilha do Bispo, em Jo\u00e3o Pessoa. Ningu\u00e9m ficou ferido.<\/p>\n<p>Segundo a motorista da caminhonete, a firmou aos \u00f3rg\u00e3os de transito, um outro carro que estava no cruzamento n\u00e3o respeitou a sinaliza\u00e7\u00e3o e atravessou, causando o acidente.<\/p>\n<p>Ap\u00f3s a colis\u00e3o, a motorista perdeu o controle da caminhonete e capotou, parando no acostamento.<\/p>\n<p>Reda\u00e7\u00e3o<\/p>\n","protected":false},"excerpt":{"rendered":"<p><img decoding=\"async\" width=\"829\" height=\"398\" src=\"https:\/\/pbagora.s3.amazonaws.com\/2024\/01\/15055554\/Sem-titulo-6.jpg\" class=\"attachment-large size-large wp-post-image\" alt=\"\" loading=\"lazy\"><\/p>\n<p>Uma caminhonete perdeu o controle e capotou ap\u00f3s colidir com um outro carro, ontem (14), no bairro da\u2026<\/p>\n","protected":false},"author":123457,"featured_media":0,"comment_status":"closed","ping_status":"closed","sticky":false,"template":"","format":"standard","meta":{"advgb_blocks_editor_width":"","advgb_blocks_columns_visual_guide":"","footnotes":""},"categories":[34,66,10807],"tags":[35],"class_list":["post-43734","post","type-post","status-publish","format-standard","hentry","category-g1","category-policial","category-rodape-01","tag-g1"],"author_meta":{"display_name":"Reda\u00e7\u00e3o","author_link":"https:\/\/sindaopcpb.org.br\/author\/redacao\/"},"featured_img":null,"coauthors":[],"tax_additional":{"categories":{"linked":["<a href=\"https:\/\/sindaopcpb.org.br\/g1\/\" class=\"advgb-post-tax-term\">G1<\/a>","<a href=\"https:\/\/sindaopcpb.org.br\/policial\/\" class=\"advgb-post-tax-term\">Policial<\/a>","<a href=\"https:\/\/sindaopcpb.org.br\/rodape-01\/\" class=\"advgb-post-tax-term\">Rodape 01<\/a>"],"unlinked":["<span class=\"advgb-post-tax-term\">G1<\/span>","<span class=\"advgb-post-tax-term\">Policial<\/span>","<span class=\"advgb-post-tax-term\">Rodape 01<\/span>"]},"tags":{"linked":["<a href=\"https:\/\/sindaopcpb.org.br\/rodape-01\/\" class=\"advgb-post-tax-term\">g1<\/a>"],"unlinked":["<span class=\"advgb-post-tax-term\">g1<\/span>"]}},"comment_count":"0","relative_dates":{"created":"Publicado 2 anos atr\u00e1s","modified":"Atualizado 2 anos atr\u00e1s"},"absolute_dates":{"created":"Publicado em 15 de janeiro de 2024","modified":"Atualizado em 15 de janeiro de 2024"},"absolute_dates_time":{"created":"Publicado em 15 de janeiro de 2024 05:56","modified":"Atualizado em 15 de janeiro de 2024 09:15"},"featured_img_caption":"","series_order":"","_links":{"self":[{"href":"https:\/\/sindaopcpb.org.br\/index.php\/wp-json\/wp\/v2\/posts\/43734","targetHints":{"allow":["GET"]}}],"collection":[{"href":"https:\/\/sindaopcpb.org.br\/index.php\/wp-json\/wp\/v2\/posts"}],"about":[{"href":"https:\/\/sindaopcpb.org.br\/index.php\/wp-json\/wp\/v2\/types\/post"}],"author":[{"embeddable":true,"href":"https:\/\/sindaopcpb.org.br\/index.php\/wp-json\/wp\/v2\/users\/123457"}],"replies":[{"embeddable":true,"href":"https:\/\/sindaopcpb.org.br\/index.php\/wp-json\/wp\/v2\/comments?post=43734"}],"version-history":[{"count":3,"href":"https:\/\/sindaopcpb.org.br\/index.php\/wp-json\/wp\/v2\/posts\/43734\/revisions"}],"predecessor-version":[{"id":43749,"href":"https:\/\/sindaopcpb.org.br\/index.php\/wp-json\/wp\/v2\/posts\/43734\/revisions\/43749"}],"wp:attachment":[{"href":"https:\/\/sindaopcpb.org.br\/index.php\/wp-json\/wp\/v2\/media?parent=43734"}],"wp:term":[{"taxonomy":"category","embeddable":true,"href":"https:\/\/sindaopcpb.org.br\/index.php\/wp-json\/wp\/v2\/categories?post=43734"},{"taxonomy":"post_tag","embeddable":true,"href":"https:\/\/sindaopcpb.org.br\/index.php\/wp-json\/wp\/v2\/tags?post=43734"}],"curies":[{"name":"wp","href":"https:\/\/api.w.org\/{rel}","templated":true}]}}