{"id":43724,"date":"2024-01-14T10:45:46","date_gmt":"2024-01-14T13:45:46","guid":{"rendered":"https:\/\/www.pbagora.com.br\/?p=802263"},"modified":"2024-01-14T10:45:46","modified_gmt":"2024-01-14T13:45:46","slug":"homem-e-preso-com-duas-pistolas-e-municao-em-lucena-litoral-norte-da-pb","status":"publish","type":"post","link":"https:\/\/sindaopcpb.org.br\/index.php\/2024\/01\/14\/homem-e-preso-com-duas-pistolas-e-municao-em-lucena-litoral-norte-da-pb\/","title":{"rendered":"Homem \u00e9 preso com duas pistolas e muni\u00e7\u00e3o em Lucena, Litoral Norte da PB"},"content":{"rendered":"<p><img width=\"819\" height=\"655\" src=\"https:\/\/pbagora.s3.amazonaws.com\/2024\/01\/14103506\/ARMA.jpg\" class=\"attachment-large size-large wp-post-image\" alt=\"\" style=\"margin-bottom: 20px;\" decoding=\"async\" srcset=\"https:\/\/pbagora.s3.amazonaws.com\/2024\/01\/14103506\/ARMA.jpg 819w, https:\/\/pbagora.s3.amazonaws.com\/2024\/01\/14103506\/ARMA-300x240.jpg 300w, https:\/\/pbagora.s3.amazonaws.com\/2024\/01\/14103506\/ARMA-150x120.jpg 150w, https:\/\/pbagora.s3.amazonaws.com\/2024\/01\/14103506\/ARMA-768x614.jpg 768w, https:\/\/pbagora.s3.amazonaws.com\/2024\/01\/14103506\/ARMA-380x304.jpg 380w, https:\/\/pbagora.s3.amazonaws.com\/2024\/01\/14103506\/ARMA-800x640.jpg 800w, https:\/\/pbagora.s3.amazonaws.com\/2024\/01\/14103506\/ARMA-80x64.jpg 80w, https:\/\/pbagora.s3.amazonaws.com\/2024\/01\/14103506\/ARMA-760x608.jpg 760w, https:\/\/pbagora.s3.amazonaws.com\/2024\/01\/14103506\/ARMA-600x480.jpg 600w\" sizes=\"(max-width: 819px) 100vw, 819px\" \/><\/p><p>Policiais militares do Batalh\u00e3o Especializado em Policiamento Tur\u00edstico (BEPTur) prenderam, na noite desse s\u00e1bado (13), um suspeito que portava duas armas de fogo no munic\u00edpio de Lucena.<\/p>\n<p>A pris\u00e3o do suspeito ocorreu durante a Opera\u00e7\u00e3o Cidade Segura na PB-025, onde, na realiza\u00e7\u00e3o de abordagem a ve\u00edculo, os policiais encontraram duas pistolas calibre 9mm, 6 carregadores e 92 muni\u00e7\u00f5es.<\/p>\n<p>O suspeito, juntamente com o material apreendido, foi apresentado na Delegacia de Santa Rita.<\/p>\n<p>&nbsp;<\/p>\n<p><em><strong>Ascom\/PMPB<\/strong><\/em><\/p>\n","protected":false},"excerpt":{"rendered":"<p><img loading=\"lazy\" decoding=\"async\" width=\"819\" height=\"655\" src=\"https:\/\/pbagora.s3.amazonaws.com\/2024\/01\/14103506\/ARMA.jpg\" class=\"attachment-large size-large wp-post-image\" alt=\"\"><\/p>\n<p>Policiais militares do Batalh\u00e3o Especializado em Policiamento Tur\u00edstico (BEPTur) prenderam, na noite desse s\u00e1bado (13), um suspeito que\u2026<\/p>\n","protected":false},"author":123457,"featured_media":0,"comment_status":"closed","ping_status":"closed","sticky":false,"template":"","format":"standard","meta":{"advgb_blocks_editor_width":"","advgb_blocks_columns_visual_guide":"","footnotes":""},"categories":[10823,34,66],"tags":[35],"class_list":["post-43724","post","type-post","status-publish","format-standard","hentry","category-destaque-centro-01","category-g1","category-policial","tag-g1"],"author_meta":{"display_name":"Reda\u00e7\u00e3o","author_link":"https:\/\/sindaopcpb.org.br\/author\/redacao\/"},"featured_img":null,"coauthors":[],"tax_additional":{"categories":{"linked":["<a href=\"https:\/\/sindaopcpb.org.br\/destaque-centro-01\/\" class=\"advgb-post-tax-term\">Destaque Centro 01<\/a>","<a href=\"https:\/\/sindaopcpb.org.br\/g1\/\" class=\"advgb-post-tax-term\">G1<\/a>","<a href=\"https:\/\/sindaopcpb.org.br\/policial\/\" class=\"advgb-post-tax-term\">Policial<\/a>"],"unlinked":["<span class=\"advgb-post-tax-term\">Destaque Centro 01<\/span>","<span class=\"advgb-post-tax-term\">G1<\/span>","<span class=\"advgb-post-tax-term\">Policial<\/span>"]},"tags":{"linked":["<a href=\"https:\/\/sindaopcpb.org.br\/policial\/\" class=\"advgb-post-tax-term\">g1<\/a>"],"unlinked":["<span class=\"advgb-post-tax-term\">g1<\/span>"]}},"comment_count":"0","relative_dates":{"created":"Publicado 2 anos atr\u00e1s","modified":"Atualizado 2 anos atr\u00e1s"},"absolute_dates":{"created":"Publicado em 14 de janeiro de 2024","modified":"Atualizado em 14 de janeiro de 2024"},"absolute_dates_time":{"created":"Publicado em 14 de janeiro de 2024 10:45","modified":"Atualizado em 14 de janeiro de 2024 10:45"},"featured_img_caption":"","series_order":"","_links":{"self":[{"href":"https:\/\/sindaopcpb.org.br\/index.php\/wp-json\/wp\/v2\/posts\/43724","targetHints":{"allow":["GET"]}}],"collection":[{"href":"https:\/\/sindaopcpb.org.br\/index.php\/wp-json\/wp\/v2\/posts"}],"about":[{"href":"https:\/\/sindaopcpb.org.br\/index.php\/wp-json\/wp\/v2\/types\/post"}],"author":[{"embeddable":true,"href":"https:\/\/sindaopcpb.org.br\/index.php\/wp-json\/wp\/v2\/users\/123457"}],"replies":[{"embeddable":true,"href":"https:\/\/sindaopcpb.org.br\/index.php\/wp-json\/wp\/v2\/comments?post=43724"}],"version-history":[{"count":2,"href":"https:\/\/sindaopcpb.org.br\/index.php\/wp-json\/wp\/v2\/posts\/43724\/revisions"}],"predecessor-version":[{"id":43731,"href":"https:\/\/sindaopcpb.org.br\/index.php\/wp-json\/wp\/v2\/posts\/43724\/revisions\/43731"}],"wp:attachment":[{"href":"https:\/\/sindaopcpb.org.br\/index.php\/wp-json\/wp\/v2\/media?parent=43724"}],"wp:term":[{"taxonomy":"category","embeddable":true,"href":"https:\/\/sindaopcpb.org.br\/index.php\/wp-json\/wp\/v2\/categories?post=43724"},{"taxonomy":"post_tag","embeddable":true,"href":"https:\/\/sindaopcpb.org.br\/index.php\/wp-json\/wp\/v2\/tags?post=43724"}],"curies":[{"name":"wp","href":"https:\/\/api.w.org\/{rel}","templated":true}]}}