{"id":43721,"date":"2024-01-14T08:15:28","date_gmt":"2024-01-14T11:15:28","guid":{"rendered":"https:\/\/www.pbagora.com.br\/?p=802242"},"modified":"2024-01-14T13:05:28","modified_gmt":"2024-01-14T16:05:28","slug":"corpo-de-mayara-barros-assassinada-em-shopping-de-joao-pessoa-chega-neste-domingo-no-espirito-santo","status":"publish","type":"post","link":"https:\/\/sindaopcpb.org.br\/index.php\/2024\/01\/14\/corpo-de-mayara-barros-assassinada-em-shopping-de-joao-pessoa-chega-neste-domingo-no-espirito-santo\/","title":{"rendered":"Corpo de Mayara Barros, assassinada em shopping de Jo\u00e3o Pessoa, chega neste domingo no Esp\u00edrito Santo"},"content":{"rendered":"<p><img width=\"984\" height=\"984\" src=\"https:\/\/pbagora.s3.amazonaws.com\/2024\/01\/12170713\/mayara.jpg\" class=\"attachment-large size-large wp-post-image\" alt=\"\" style=\"margin-bottom: 20px;\" decoding=\"async\" srcset=\"https:\/\/pbagora.s3.amazonaws.com\/2024\/01\/12170713\/mayara.jpg 984w, https:\/\/pbagora.s3.amazonaws.com\/2024\/01\/12170713\/mayara-300x300.jpg 300w, https:\/\/pbagora.s3.amazonaws.com\/2024\/01\/12170713\/mayara-150x150.jpg 150w, https:\/\/pbagora.s3.amazonaws.com\/2024\/01\/12170713\/mayara-768x768.jpg 768w, https:\/\/pbagora.s3.amazonaws.com\/2024\/01\/12170713\/mayara-80x80.jpg 80w, https:\/\/pbagora.s3.amazonaws.com\/2024\/01\/12170713\/mayara-110x110.jpg 110w, https:\/\/pbagora.s3.amazonaws.com\/2024\/01\/12170713\/mayara-380x380.jpg 380w, https:\/\/pbagora.s3.amazonaws.com\/2024\/01\/12170713\/mayara-800x800.jpg 800w, https:\/\/pbagora.s3.amazonaws.com\/2024\/01\/12170713\/mayara-160x160.jpg 160w, https:\/\/pbagora.s3.amazonaws.com\/2024\/01\/12170713\/mayara-760x760.jpg 760w, https:\/\/pbagora.s3.amazonaws.com\/2024\/01\/12170713\/mayara-600x600.jpg 600w\" sizes=\"(max-width: 984px) 100vw, 984px\" \/><\/p><p>O corpo de Mayara Val\u00e9ria de Barros Ramalho Leite, de 36 anos, v\u00edtima de um ataque a tiros dentro do Shopping Mangabeira na \u00faltima sexta-feira (12), tem previs\u00e3o de chegar neste domingo (14) no estado do Esp\u00edrito Santo.<\/p>\n<p>Na terra natal de Mayara, o corpo ser\u00e1 conduzido\u00a0at\u00e9 o munic\u00edpio de Vila Velha, onde ser\u00e1 sepultado.<\/p>\n<p><strong>Leia:<\/strong><br \/>\n<strong><a href=\"https:\/\/www.pbagora.com.br\/noticia\/policial\/entenda-o-passo-a-passo-do-crime-que-resultou-na-morte-de-uma-mulher-por-motivo-banal-em-um-shopping-da-capital-nesta-sexta-feira\/\">Entenda o passo a passo do crime que resultou na morte de uma mulher em um shopping da Capital, nesta sexta<\/a><\/strong><\/p>\n<p>Mayara foi atingida por tr\u00eas disparos de arma de fogo enquanto trabalhava como gerente de um restaurante no Shopping Mangabeira. Os tiros foram disparados por Luiz Carlos Rodrigues, 48 anos, que foi preso.<\/p>\n<p><img  decoding=\"async\"  class=\"alignleft size-medium wp-image-802041\"  src=\"https:\/\/pbagora.s3.amazonaws.com\/2024\/01\/12140730\/bandido1-300x252.png\"  alt=\"\"  width=\"300\"  height=\"252\"  srcset=\"https:\/\/pbagora.s3.amazonaws.com\/2024\/01\/12140730\/bandido1-300x252.png 300w, https:\/\/pbagora.s3.amazonaws.com\/2024\/01\/12140730\/bandido1-150x126.png 150w, https:\/\/pbagora.s3.amazonaws.com\/2024\/01\/12140730\/bandido1-380x319.png 380w, https:\/\/pbagora.s3.amazonaws.com\/2024\/01\/12140730\/bandido1-80x67.png 80w, https:\/\/pbagora.s3.amazonaws.com\/2024\/01\/12140730\/bandido1.png 452w\"  sizes=\"(max-width: 300px) 100vw, 300px\" >Na delegacia, o acusado teria dito que foi at\u00e9 o restaurante com o intuito de se vingar, j\u00e1 que, segundo ele, teria sido \u201cmenosprezado\u201d durante entrevista de emprego para uma vaga no estabelecimento.<\/p>\n<p><strong>Veja tamb\u00e9m:<\/strong><br \/>\n<strong><a href=\"https:\/\/www.pbagora.com.br\/noticia\/policial\/em-audiencia-de-custodia-justica-mantem-prisao-de-homem-acusado-de-matar-gerente-de-restaurante-em-shopping-de-joao-pessoa\/\">Em audi\u00eancia de cust\u00f3dia, Justi\u00e7a mant\u00e9m pris\u00e3o de homem acusado de matar gerente de restaurante em shopping de JP<\/a><\/strong><\/p>\n<p>O agressor deve ser indiciado por homic\u00eddio, com agravante de motivo f\u00fatil, al\u00e9m de tentativa de homic\u00eddio contra policiais e posse ilegal de arma de fogo. O acusado aguarda agora audi\u00eancia de cust\u00f3dia.<\/p>\n<p>&nbsp;<\/p>\n<p><em><strong>PB Agora<\/strong><\/em><\/p>\n","protected":false},"excerpt":{"rendered":"<p><img loading=\"lazy\" decoding=\"async\" width=\"984\" height=\"984\" src=\"https:\/\/pbagora.s3.amazonaws.com\/2024\/01\/12170713\/mayara.jpg\" class=\"attachment-large size-large wp-post-image\" alt=\"\"><\/p>\n<p>O corpo de Mayara Val\u00e9ria de Barros Ramalho Leite, de 36 anos, v\u00edtima de um ataque a tiros\u2026<\/p>\n","protected":false},"author":123457,"featured_media":0,"comment_status":"closed","ping_status":"closed","sticky":false,"template":"","format":"standard","meta":{"advgb_blocks_editor_width":"","advgb_blocks_columns_visual_guide":"","footnotes":""},"categories":[34,66,10824],"tags":[35],"class_list":["post-43721","post","type-post","status-publish","format-standard","hentry","category-g1","category-policial","category-principal3","tag-g1"],"author_meta":{"display_name":"Reda\u00e7\u00e3o","author_link":"https:\/\/sindaopcpb.org.br\/author\/redacao\/"},"featured_img":null,"coauthors":[],"tax_additional":{"categories":{"linked":["<a href=\"https:\/\/sindaopcpb.org.br\/g1\/\" class=\"advgb-post-tax-term\">G1<\/a>","<a href=\"https:\/\/sindaopcpb.org.br\/policial\/\" class=\"advgb-post-tax-term\">Policial<\/a>","<a href=\"https:\/\/sindaopcpb.org.br\/principal3\/\" class=\"advgb-post-tax-term\">Principal3<\/a>"],"unlinked":["<span class=\"advgb-post-tax-term\">G1<\/span>","<span class=\"advgb-post-tax-term\">Policial<\/span>","<span class=\"advgb-post-tax-term\">Principal3<\/span>"]},"tags":{"linked":["<a href=\"https:\/\/sindaopcpb.org.br\/principal3\/\" class=\"advgb-post-tax-term\">g1<\/a>"],"unlinked":["<span class=\"advgb-post-tax-term\">g1<\/span>"]}},"comment_count":"0","relative_dates":{"created":"Publicado 2 anos atr\u00e1s","modified":"Atualizado 2 anos atr\u00e1s"},"absolute_dates":{"created":"Publicado em 14 de janeiro de 2024","modified":"Atualizado em 14 de janeiro de 2024"},"absolute_dates_time":{"created":"Publicado em 14 de janeiro de 2024 08:15","modified":"Atualizado em 14 de janeiro de 2024 13:05"},"featured_img_caption":"","series_order":"","_links":{"self":[{"href":"https:\/\/sindaopcpb.org.br\/index.php\/wp-json\/wp\/v2\/posts\/43721","targetHints":{"allow":["GET"]}}],"collection":[{"href":"https:\/\/sindaopcpb.org.br\/index.php\/wp-json\/wp\/v2\/posts"}],"about":[{"href":"https:\/\/sindaopcpb.org.br\/index.php\/wp-json\/wp\/v2\/types\/post"}],"author":[{"embeddable":true,"href":"https:\/\/sindaopcpb.org.br\/index.php\/wp-json\/wp\/v2\/users\/123457"}],"replies":[{"embeddable":true,"href":"https:\/\/sindaopcpb.org.br\/index.php\/wp-json\/wp\/v2\/comments?post=43721"}],"version-history":[{"count":4,"href":"https:\/\/sindaopcpb.org.br\/index.php\/wp-json\/wp\/v2\/posts\/43721\/revisions"}],"predecessor-version":[{"id":43737,"href":"https:\/\/sindaopcpb.org.br\/index.php\/wp-json\/wp\/v2\/posts\/43721\/revisions\/43737"}],"wp:attachment":[{"href":"https:\/\/sindaopcpb.org.br\/index.php\/wp-json\/wp\/v2\/media?parent=43721"}],"wp:term":[{"taxonomy":"category","embeddable":true,"href":"https:\/\/sindaopcpb.org.br\/index.php\/wp-json\/wp\/v2\/categories?post=43721"},{"taxonomy":"post_tag","embeddable":true,"href":"https:\/\/sindaopcpb.org.br\/index.php\/wp-json\/wp\/v2\/tags?post=43721"}],"curies":[{"name":"wp","href":"https:\/\/api.w.org\/{rel}","templated":true}]}}