{"id":43705,"date":"2024-01-13T13:10:02","date_gmt":"2024-01-13T16:10:02","guid":{"rendered":"https:\/\/www.pbagora.com.br\/?p=802197"},"modified":"2024-01-13T13:10:02","modified_gmt":"2024-01-13T16:10:02","slug":"dupla-e-presa-com-moto-roubada-portando-droga-e-arma-de-fogo-na-capital","status":"publish","type":"post","link":"https:\/\/sindaopcpb.org.br\/index.php\/2024\/01\/13\/dupla-e-presa-com-moto-roubada-portando-droga-e-arma-de-fogo-na-capital\/","title":{"rendered":"Dupla \u00e9 presa com moto roubada, portando droga e arma de fogo na Capital"},"content":{"rendered":"<p><img width=\"1024\" height=\"576\" src=\"https:\/\/pbagora.s3.amazonaws.com\/2024\/01\/13122629\/DROGA-2.jpg\" class=\"attachment-large size-large wp-post-image\" alt=\"\" style=\"margin-bottom: 20px;\" decoding=\"async\" loading=\"lazy\" srcset=\"https:\/\/pbagora.s3.amazonaws.com\/2024\/01\/13122629\/DROGA-2.jpg 1024w, https:\/\/pbagora.s3.amazonaws.com\/2024\/01\/13122629\/DROGA-2-300x169.jpg 300w, https:\/\/pbagora.s3.amazonaws.com\/2024\/01\/13122629\/DROGA-2-150x84.jpg 150w, https:\/\/pbagora.s3.amazonaws.com\/2024\/01\/13122629\/DROGA-2-768x432.jpg 768w, https:\/\/pbagora.s3.amazonaws.com\/2024\/01\/13122629\/DROGA-2-380x214.jpg 380w, https:\/\/pbagora.s3.amazonaws.com\/2024\/01\/13122629\/DROGA-2-800x450.jpg 800w, https:\/\/pbagora.s3.amazonaws.com\/2024\/01\/13122629\/DROGA-2-80x46.jpg 80w, https:\/\/pbagora.s3.amazonaws.com\/2024\/01\/13122629\/DROGA-2-760x428.jpg 760w, https:\/\/pbagora.s3.amazonaws.com\/2024\/01\/13122629\/DROGA-2-600x338.jpg 600w\" sizes=\"(max-width: 1024px) 100vw, 1024px\" \/><\/p><figure id=\"attachment_802200\" aria-describedby=\"caption-attachment-802200\" style=\"width: 144px\" class=\"wp-caption alignleft\"><img  loading=\"lazy\"  decoding=\"async\"  class=\"wp-image-802200 size-thumbnail\"  src=\"https:\/\/pbagora.s3.amazonaws.com\/2024\/01\/13122619\/moto-roubada-144x150.jpg\"  alt=\"\"  width=\"144\"  height=\"150\"  srcset=\"https:\/\/pbagora.s3.amazonaws.com\/2024\/01\/13122619\/moto-roubada-144x150.jpg 144w, https:\/\/pbagora.s3.amazonaws.com\/2024\/01\/13122619\/moto-roubada-288x300.jpg 288w, https:\/\/pbagora.s3.amazonaws.com\/2024\/01\/13122619\/moto-roubada-768x801.jpg 768w, https:\/\/pbagora.s3.amazonaws.com\/2024\/01\/13122619\/moto-roubada-380x396.jpg 380w, https:\/\/pbagora.s3.amazonaws.com\/2024\/01\/13122619\/moto-roubada-800x834.jpg 800w, https:\/\/pbagora.s3.amazonaws.com\/2024\/01\/13122619\/moto-roubada-80x83.jpg 80w, https:\/\/pbagora.s3.amazonaws.com\/2024\/01\/13122619\/moto-roubada-77x80.jpg 77w, https:\/\/pbagora.s3.amazonaws.com\/2024\/01\/13122619\/moto-roubada-760x793.jpg 760w, https:\/\/pbagora.s3.amazonaws.com\/2024\/01\/13122619\/moto-roubada-575x600.jpg 575w, https:\/\/pbagora.s3.amazonaws.com\/2024\/01\/13122619\/moto-roubada.jpg 982w\"  sizes=\"(max-width: 144px) 100vw, 144px\" ><figcaption id=\"caption-attachment-802200\" class=\"wp-caption-text\">Foto: Ascom \/ PMPB<\/figcaption><\/figure>\n<p>Policiais militares do 1\u00ba BPM prenderam, nessa sexta-feira (12), dois homens que estavam portando arma de fogo, drogas e uma motocicleta roubada na comunidade Cangote do Urubu, no Distrito Mec\u00e2nico de Jo\u00e3o Pessoa.<\/p>\n<p>A pris\u00e3o ocorreu durante rondas em uma localidade conhecida pela PM como ponto de tr\u00e1fico de drogas.<\/p>\n<p>Com os suspeitos, foram encontrados um rev\u00f3lver calibre<\/p>\n<figure id=\"attachment_802201\" aria-describedby=\"caption-attachment-802201\" style=\"width: 300px\" class=\"wp-caption alignright\"><img  loading=\"lazy\"  decoding=\"async\"  class=\"size-medium wp-image-802201\"  src=\"https:\/\/pbagora.s3.amazonaws.com\/2024\/01\/13122624\/arma-de-fogo-300x214.jpg\"  alt=\"\"  width=\"300\"  height=\"214\"  srcset=\"https:\/\/pbagora.s3.amazonaws.com\/2024\/01\/13122624\/arma-de-fogo-300x214.jpg 300w, https:\/\/pbagora.s3.amazonaws.com\/2024\/01\/13122624\/arma-de-fogo-150x107.jpg 150w, https:\/\/pbagora.s3.amazonaws.com\/2024\/01\/13122624\/arma-de-fogo-380x271.jpg 380w, https:\/\/pbagora.s3.amazonaws.com\/2024\/01\/13122624\/arma-de-fogo-80x58.jpg 80w, https:\/\/pbagora.s3.amazonaws.com\/2024\/01\/13122624\/arma-de-fogo-600x428.jpg 600w, https:\/\/pbagora.s3.amazonaws.com\/2024\/01\/13122624\/arma-de-fogo.jpg 720w\"  sizes=\"(max-width: 300px) 100vw, 300px\" ><figcaption id=\"caption-attachment-802201\" class=\"wp-caption-text\">Foto: Ascom \/ PMPB<\/figcaption><\/figure>\n<p>38, 6 muni\u00e7\u00f5es, 14 por\u00e7\u00f5es de drogas, dinheiro e uma motocicleta com restri\u00e7\u00e3o de roubo. O material apreendido e os suspeitos foram apresentados na Central de Pol\u00edcia.<\/p>\n<p>&nbsp;<\/p>\n<p><em><strong>Secom-PB<\/strong><\/em><\/p>\n","protected":false},"excerpt":{"rendered":"<p><img decoding=\"async\" width=\"1024\" height=\"576\" src=\"https:\/\/pbagora.s3.amazonaws.com\/2024\/01\/13122629\/DROGA-2.jpg\" class=\"attachment-large size-large wp-post-image\" alt=\"\" loading=\"lazy\"><\/p>\n<p>Policiais militares do 1\u00ba BPM prenderam, nessa sexta-feira (12), dois homens que estavam portando arma de fogo, drogas\u2026<\/p>\n","protected":false},"author":123457,"featured_media":0,"comment_status":"closed","ping_status":"closed","sticky":false,"template":"","format":"standard","meta":{"advgb_blocks_editor_width":"","advgb_blocks_columns_visual_guide":"","footnotes":""},"categories":[10826,34,66],"tags":[35],"class_list":["post-43705","post","type-post","status-publish","format-standard","hentry","category-destaque-centro-02","category-g1","category-policial","tag-g1"],"author_meta":{"display_name":"Reda\u00e7\u00e3o","author_link":"https:\/\/sindaopcpb.org.br\/author\/redacao\/"},"featured_img":null,"coauthors":[],"tax_additional":{"categories":{"linked":["<a href=\"https:\/\/sindaopcpb.org.br\/destaque-centro-02\/\" class=\"advgb-post-tax-term\">Destaque Centro 02<\/a>","<a href=\"https:\/\/sindaopcpb.org.br\/g1\/\" class=\"advgb-post-tax-term\">G1<\/a>","<a href=\"https:\/\/sindaopcpb.org.br\/policial\/\" class=\"advgb-post-tax-term\">Policial<\/a>"],"unlinked":["<span class=\"advgb-post-tax-term\">Destaque Centro 02<\/span>","<span class=\"advgb-post-tax-term\">G1<\/span>","<span class=\"advgb-post-tax-term\">Policial<\/span>"]},"tags":{"linked":["<a href=\"https:\/\/sindaopcpb.org.br\/policial\/\" class=\"advgb-post-tax-term\">g1<\/a>"],"unlinked":["<span class=\"advgb-post-tax-term\">g1<\/span>"]}},"comment_count":"0","relative_dates":{"created":"Publicado 2 anos atr\u00e1s","modified":"Atualizado 2 anos atr\u00e1s"},"absolute_dates":{"created":"Publicado em 13 de janeiro de 2024","modified":"Atualizado em 13 de janeiro de 2024"},"absolute_dates_time":{"created":"Publicado em 13 de janeiro de 2024 13:10","modified":"Atualizado em 13 de janeiro de 2024 13:10"},"featured_img_caption":"","series_order":"","_links":{"self":[{"href":"https:\/\/sindaopcpb.org.br\/index.php\/wp-json\/wp\/v2\/posts\/43705","targetHints":{"allow":["GET"]}}],"collection":[{"href":"https:\/\/sindaopcpb.org.br\/index.php\/wp-json\/wp\/v2\/posts"}],"about":[{"href":"https:\/\/sindaopcpb.org.br\/index.php\/wp-json\/wp\/v2\/types\/post"}],"author":[{"embeddable":true,"href":"https:\/\/sindaopcpb.org.br\/index.php\/wp-json\/wp\/v2\/users\/123457"}],"replies":[{"embeddable":true,"href":"https:\/\/sindaopcpb.org.br\/index.php\/wp-json\/wp\/v2\/comments?post=43705"}],"version-history":[{"count":1,"href":"https:\/\/sindaopcpb.org.br\/index.php\/wp-json\/wp\/v2\/posts\/43705\/revisions"}],"predecessor-version":[{"id":43706,"href":"https:\/\/sindaopcpb.org.br\/index.php\/wp-json\/wp\/v2\/posts\/43705\/revisions\/43706"}],"wp:attachment":[{"href":"https:\/\/sindaopcpb.org.br\/index.php\/wp-json\/wp\/v2\/media?parent=43705"}],"wp:term":[{"taxonomy":"category","embeddable":true,"href":"https:\/\/sindaopcpb.org.br\/index.php\/wp-json\/wp\/v2\/categories?post=43705"},{"taxonomy":"post_tag","embeddable":true,"href":"https:\/\/sindaopcpb.org.br\/index.php\/wp-json\/wp\/v2\/tags?post=43705"}],"curies":[{"name":"wp","href":"https:\/\/api.w.org\/{rel}","templated":true}]}}