{"id":43701,"date":"2024-01-13T13:15:03","date_gmt":"2024-01-13T16:15:03","guid":{"rendered":"https:\/\/www.pbagora.com.br\/?p=802204"},"modified":"2024-01-13T13:15:03","modified_gmt":"2024-01-13T16:15:03","slug":"policia-apreende-pistola-e-prende-suspeito-de-violencia-contra-mulher-em-santa-rita","status":"publish","type":"post","link":"https:\/\/sindaopcpb.org.br\/index.php\/2024\/01\/13\/policia-apreende-pistola-e-prende-suspeito-de-violencia-contra-mulher-em-santa-rita\/","title":{"rendered":"Pol\u00edcia apreende pistola e prende suspeito de viol\u00eancia contra mulher em Santa Rita"},"content":{"rendered":"<p><img width=\"1024\" height=\"820\" src=\"https:\/\/pbagora.s3.amazonaws.com\/2024\/01\/13123331\/arma-2.jpg\" class=\"attachment-large size-large wp-post-image\" alt=\"\" style=\"margin-bottom: 20px;\" decoding=\"async\" srcset=\"https:\/\/pbagora.s3.amazonaws.com\/2024\/01\/13123331\/arma-2.jpg 1024w, https:\/\/pbagora.s3.amazonaws.com\/2024\/01\/13123331\/arma-2-300x240.jpg 300w, https:\/\/pbagora.s3.amazonaws.com\/2024\/01\/13123331\/arma-2-150x120.jpg 150w, https:\/\/pbagora.s3.amazonaws.com\/2024\/01\/13123331\/arma-2-768x615.jpg 768w, https:\/\/pbagora.s3.amazonaws.com\/2024\/01\/13123331\/arma-2-380x304.jpg 380w, https:\/\/pbagora.s3.amazonaws.com\/2024\/01\/13123331\/arma-2-800x641.jpg 800w, https:\/\/pbagora.s3.amazonaws.com\/2024\/01\/13123331\/arma-2-80x64.jpg 80w, https:\/\/pbagora.s3.amazonaws.com\/2024\/01\/13123331\/arma-2-760x609.jpg 760w, https:\/\/pbagora.s3.amazonaws.com\/2024\/01\/13123331\/arma-2-600x480.jpg 600w\" sizes=\"(max-width: 1024px) 100vw, 1024px\" \/><\/p><p>A Pol\u00edcia Militar prendeu, na noite dessa sexta-feira (12), um homem suspeito de agredir a companheira, no munic\u00edpio de Santa Rita, e apreendeu a arma de fogo que ele portava na ocasi\u00e3o. A pris\u00e3o ocorreu, ap\u00f3s a PM receber a den\u00fancia do caso de viol\u00eancia contra a mulher.<\/p>\n<p>Ap\u00f3s chegarem ao local da den\u00fancia, os policiais da For\u00e7a T\u00e1tica do 7\u00ba BPM localizaram a mulher com v\u00e1rios hematomas no corpo e que relatou ter sido amea\u00e7ada, sofrido agress\u00f5es f\u00edsicas e tido seu aparelho celular quebrado pelo agressor. Ao avistar a guarni\u00e7\u00e3o, o suspeito rapidamente tentou esconder a arma de fogo dentro do ve\u00edculo, mas n\u00e3o obteve \u00eaxito.<\/p>\n<p>O preso e a v\u00edtima foram encaminhados \u00e0 Delegacia da Mulher.<\/p>\n<p>&nbsp;<\/p>\n<p><em><strong>Secom-PB<\/strong><\/em><\/p>\n","protected":false},"excerpt":{"rendered":"<p><img loading=\"lazy\" decoding=\"async\" width=\"1024\" height=\"820\" src=\"https:\/\/pbagora.s3.amazonaws.com\/2024\/01\/13123331\/arma-2.jpg\" class=\"attachment-large size-large wp-post-image\" alt=\"\"><\/p>\n<p>A Pol\u00edcia Militar prendeu, na noite dessa sexta-feira (12), um homem suspeito de agredir a companheira, no munic\u00edpio\u2026<\/p>\n","protected":false},"author":123457,"featured_media":0,"comment_status":"closed","ping_status":"closed","sticky":false,"template":"","format":"standard","meta":{"advgb_blocks_editor_width":"","advgb_blocks_columns_visual_guide":"","footnotes":""},"categories":[10826,34,66],"tags":[35],"class_list":["post-43701","post","type-post","status-publish","format-standard","hentry","category-destaque-centro-02","category-g1","category-policial","tag-g1"],"author_meta":{"display_name":"Reda\u00e7\u00e3o","author_link":"https:\/\/sindaopcpb.org.br\/author\/redacao\/"},"featured_img":null,"coauthors":[],"tax_additional":{"categories":{"linked":["<a href=\"https:\/\/sindaopcpb.org.br\/destaque-centro-02\/\" class=\"advgb-post-tax-term\">Destaque Centro 02<\/a>","<a href=\"https:\/\/sindaopcpb.org.br\/g1\/\" class=\"advgb-post-tax-term\">G1<\/a>","<a href=\"https:\/\/sindaopcpb.org.br\/policial\/\" class=\"advgb-post-tax-term\">Policial<\/a>"],"unlinked":["<span class=\"advgb-post-tax-term\">Destaque Centro 02<\/span>","<span class=\"advgb-post-tax-term\">G1<\/span>","<span class=\"advgb-post-tax-term\">Policial<\/span>"]},"tags":{"linked":["<a href=\"https:\/\/sindaopcpb.org.br\/policial\/\" class=\"advgb-post-tax-term\">g1<\/a>"],"unlinked":["<span class=\"advgb-post-tax-term\">g1<\/span>"]}},"comment_count":"0","relative_dates":{"created":"Publicado 2 anos atr\u00e1s","modified":"Atualizado 2 anos atr\u00e1s"},"absolute_dates":{"created":"Publicado em 13 de janeiro de 2024","modified":"Atualizado em 13 de janeiro de 2024"},"absolute_dates_time":{"created":"Publicado em 13 de janeiro de 2024 13:15","modified":"Atualizado em 13 de janeiro de 2024 13:15"},"featured_img_caption":"","series_order":"","_links":{"self":[{"href":"https:\/\/sindaopcpb.org.br\/index.php\/wp-json\/wp\/v2\/posts\/43701","targetHints":{"allow":["GET"]}}],"collection":[{"href":"https:\/\/sindaopcpb.org.br\/index.php\/wp-json\/wp\/v2\/posts"}],"about":[{"href":"https:\/\/sindaopcpb.org.br\/index.php\/wp-json\/wp\/v2\/types\/post"}],"author":[{"embeddable":true,"href":"https:\/\/sindaopcpb.org.br\/index.php\/wp-json\/wp\/v2\/users\/123457"}],"replies":[{"embeddable":true,"href":"https:\/\/sindaopcpb.org.br\/index.php\/wp-json\/wp\/v2\/comments?post=43701"}],"version-history":[{"count":2,"href":"https:\/\/sindaopcpb.org.br\/index.php\/wp-json\/wp\/v2\/posts\/43701\/revisions"}],"predecessor-version":[{"id":43714,"href":"https:\/\/sindaopcpb.org.br\/index.php\/wp-json\/wp\/v2\/posts\/43701\/revisions\/43714"}],"wp:attachment":[{"href":"https:\/\/sindaopcpb.org.br\/index.php\/wp-json\/wp\/v2\/media?parent=43701"}],"wp:term":[{"taxonomy":"category","embeddable":true,"href":"https:\/\/sindaopcpb.org.br\/index.php\/wp-json\/wp\/v2\/categories?post=43701"},{"taxonomy":"post_tag","embeddable":true,"href":"https:\/\/sindaopcpb.org.br\/index.php\/wp-json\/wp\/v2\/tags?post=43701"}],"curies":[{"name":"wp","href":"https:\/\/api.w.org\/{rel}","templated":true}]}}