{"id":43689,"date":"2024-01-13T08:36:50","date_gmt":"2024-01-13T11:36:50","guid":{"rendered":"https:\/\/www.pbagora.com.br\/?p=802149"},"modified":"2024-01-13T13:05:50","modified_gmt":"2024-01-13T16:05:50","slug":"midia-nacional-repercute-assassinato-da-gerente-de-restaurante-mayara-barros-em-shopping-de-joao-pessoa-vitima-era-natural-do-es","status":"publish","type":"post","link":"https:\/\/sindaopcpb.org.br\/index.php\/2024\/01\/13\/midia-nacional-repercute-assassinato-da-gerente-de-restaurante-mayara-barros-em-shopping-de-joao-pessoa-vitima-era-natural-do-es\/","title":{"rendered":"M\u00eddia nacional repercute assassinato da gerente de restaurante em shopping de JP; v\u00edtima era natural do ES"},"content":{"rendered":"<p><img width=\"1024\" height=\"720\" src=\"https:\/\/pbagora.s3.amazonaws.com\/2024\/01\/12182601\/MAYARA-BARROS-vitima-de-assassinato-no-shopping-Mangabeira-1024x720.jpeg\" class=\"attachment-large size-large wp-post-image\" alt=\"\" style=\"margin-bottom: 20px;\" decoding=\"async\" loading=\"lazy\" srcset=\"https:\/\/pbagora.s3.amazonaws.com\/2024\/01\/12182601\/MAYARA-BARROS-vitima-de-assassinato-no-shopping-Mangabeira-1024x720.jpeg 1024w, https:\/\/pbagora.s3.amazonaws.com\/2024\/01\/12182601\/MAYARA-BARROS-vitima-de-assassinato-no-shopping-Mangabeira-300x211.jpeg 300w, https:\/\/pbagora.s3.amazonaws.com\/2024\/01\/12182601\/MAYARA-BARROS-vitima-de-assassinato-no-shopping-Mangabeira-150x105.jpeg 150w, https:\/\/pbagora.s3.amazonaws.com\/2024\/01\/12182601\/MAYARA-BARROS-vitima-de-assassinato-no-shopping-Mangabeira-768x540.jpeg 768w, https:\/\/pbagora.s3.amazonaws.com\/2024\/01\/12182601\/MAYARA-BARROS-vitima-de-assassinato-no-shopping-Mangabeira-380x267.jpeg 380w, https:\/\/pbagora.s3.amazonaws.com\/2024\/01\/12182601\/MAYARA-BARROS-vitima-de-assassinato-no-shopping-Mangabeira-800x562.jpeg 800w, https:\/\/pbagora.s3.amazonaws.com\/2024\/01\/12182601\/MAYARA-BARROS-vitima-de-assassinato-no-shopping-Mangabeira-80x56.jpeg 80w, https:\/\/pbagora.s3.amazonaws.com\/2024\/01\/12182601\/MAYARA-BARROS-vitima-de-assassinato-no-shopping-Mangabeira-760x534.jpeg 760w, https:\/\/pbagora.s3.amazonaws.com\/2024\/01\/12182601\/MAYARA-BARROS-vitima-de-assassinato-no-shopping-Mangabeira-600x422.jpeg 600w, https:\/\/pbagora.s3.amazonaws.com\/2024\/01\/12182601\/MAYARA-BARROS-vitima-de-assassinato-no-shopping-Mangabeira.jpeg 1080w\" sizes=\"(max-width: 1024px) 100vw, 1024px\" \/><\/p><p>O <a href=\"https:\/\/www.instagram.com\/p\/C2BXR1oscBs\/?igsh=MTc4MmM1YmI2Ng%3D%3D\">portal de not\u00edcias Metr\u00f3poles<\/a> deu destaque, na noite desta sexta-feira (12), ao assassinato da capixaba Mayara Val\u00e9ria de Barros Ramalho Leite, de 36 anos, que morava em Jo\u00e3o Pessoa h\u00e1 cerca de nove anos. O crime aconteceu dentro do Shopping Mangabeira, na Zona Sul da Capital.<\/p>\n<p>De acordo com o site, Mayara aceitou a proposta de trabalhar como gerente de um restaurante h\u00e1 pouco mais de dois meses e, para complementar renda, fazia aplica\u00e7\u00e3o de <em>mega hair<\/em>.<\/p>\n<p>Ainda segundo o Metr\u00f3poles, Mayara nasceu na cidade de Serra, no estado Esp\u00edrito Santo, onde tamb\u00e9m trabalhou no ramo de alimenta\u00e7\u00e3o, gerenciando lanchonetes e restaurantes.<\/p>\n<p>Mayara decidiu morar em Jo\u00e3o Pessoa ap\u00f3s receber uma proposta para gerenciar um restaurante onde trabalhou at\u00e9 o final de 2023. Segundo a publica\u00e7\u00e3o, logo em seguida ela conseguiu ser contratada para desempenhar a mesma fun\u00e7\u00e3o em outro restaurante dentro do Mangabeira Shopping.<\/p>\n<p>No in\u00edcio da tarde desta sexta-feira (12), Mayara foi morta com dois tiros disparados por Luiz Carlos Rodrigues dos Santos, de 47 anos. Na delegacia, o homem teria dito \u00e0 pol\u00edcia que por n\u00e3o obter respostas da gerente sobre uma poss\u00edvel oportunidade de emprego decidiu entrou no shopping armado e atirar contra ela.<\/p>\n<p><img  loading=\"lazy\"  decoding=\"async\"  class=\"alignleft size-medium wp-image-802107\"  src=\"https:\/\/pbagora.s3.amazonaws.com\/2024\/01\/12170713\/mayara-300x300.jpg\"  alt=\"\"  width=\"300\"  height=\"300\"  srcset=\"https:\/\/pbagora.s3.amazonaws.com\/2024\/01\/12170713\/mayara-300x300.jpg 300w, https:\/\/pbagora.s3.amazonaws.com\/2024\/01\/12170713\/mayara-150x150.jpg 150w, https:\/\/pbagora.s3.amazonaws.com\/2024\/01\/12170713\/mayara-768x768.jpg 768w, https:\/\/pbagora.s3.amazonaws.com\/2024\/01\/12170713\/mayara-80x80.jpg 80w, https:\/\/pbagora.s3.amazonaws.com\/2024\/01\/12170713\/mayara-110x110.jpg 110w, https:\/\/pbagora.s3.amazonaws.com\/2024\/01\/12170713\/mayara-380x380.jpg 380w, https:\/\/pbagora.s3.amazonaws.com\/2024\/01\/12170713\/mayara-800x800.jpg 800w, https:\/\/pbagora.s3.amazonaws.com\/2024\/01\/12170713\/mayara-160x160.jpg 160w, https:\/\/pbagora.s3.amazonaws.com\/2024\/01\/12170713\/mayara-760x760.jpg 760w, https:\/\/pbagora.s3.amazonaws.com\/2024\/01\/12170713\/mayara-600x600.jpg 600w, https:\/\/pbagora.s3.amazonaws.com\/2024\/01\/12170713\/mayara.jpg 984w\"  sizes=\"(max-width: 300px) 100vw, 300px\" >Ainda de acordo com o portal Metr\u00f3poles, o acusado atingiu Mayara com tr\u00eas disparos. Ela n\u00e3o resistiu aos ferimentos e morreu antes mesmo de chegar ao hospital.<\/p>\n<p>O texto diz ainda que Mayara Val\u00e9ria de Barros Ramalho Leite, de 36 anos, era casada. Ela deixa um filho de 10 anos e uma menina de quatro anos.<\/p>\n<p>O site acrescenta ainda que a fam\u00edlia &#8220;planeja realizar o translado do corpo para o estado do Esp\u00edrito Santo, e pretende realizar o sepultamento em Serra, sua cidade natal.<\/p>\n<p>&nbsp;<\/p>\n<p><em><strong>PB Agora<\/strong><\/em><\/p>\n","protected":false},"excerpt":{"rendered":"<p><img decoding=\"async\" width=\"1024\" height=\"720\" src=\"https:\/\/pbagora.s3.amazonaws.com\/2024\/01\/12182601\/MAYARA-BARROS-vitima-de-assassinato-no-shopping-Mangabeira-1024x720.jpeg\" class=\"attachment-large size-large wp-post-image\" alt=\"\" loading=\"lazy\"><\/p>\n<p>O portal de not\u00edcias Metr\u00f3poles deu destaque, na noite desta sexta-feira (12), ao assassinato da capixaba Mayara Val\u00e9ria\u2026<\/p>\n","protected":false},"author":123457,"featured_media":0,"comment_status":"closed","ping_status":"closed","sticky":false,"template":"","format":"standard","meta":{"advgb_blocks_editor_width":"","advgb_blocks_columns_visual_guide":"","footnotes":""},"categories":[34,66,10824],"tags":[35],"class_list":["post-43689","post","type-post","status-publish","format-standard","hentry","category-g1","category-policial","category-principal3","tag-g1"],"author_meta":{"display_name":"Reda\u00e7\u00e3o","author_link":"https:\/\/sindaopcpb.org.br\/author\/redacao\/"},"featured_img":null,"coauthors":[],"tax_additional":{"categories":{"linked":["<a href=\"https:\/\/sindaopcpb.org.br\/g1\/\" class=\"advgb-post-tax-term\">G1<\/a>","<a href=\"https:\/\/sindaopcpb.org.br\/policial\/\" class=\"advgb-post-tax-term\">Policial<\/a>","<a href=\"https:\/\/sindaopcpb.org.br\/principal3\/\" class=\"advgb-post-tax-term\">Principal3<\/a>"],"unlinked":["<span class=\"advgb-post-tax-term\">G1<\/span>","<span class=\"advgb-post-tax-term\">Policial<\/span>","<span class=\"advgb-post-tax-term\">Principal3<\/span>"]},"tags":{"linked":["<a href=\"https:\/\/sindaopcpb.org.br\/principal3\/\" class=\"advgb-post-tax-term\">g1<\/a>"],"unlinked":["<span class=\"advgb-post-tax-term\">g1<\/span>"]}},"comment_count":"0","relative_dates":{"created":"Publicado 2 anos atr\u00e1s","modified":"Atualizado 2 anos atr\u00e1s"},"absolute_dates":{"created":"Publicado em 13 de janeiro de 2024","modified":"Atualizado em 13 de janeiro de 2024"},"absolute_dates_time":{"created":"Publicado em 13 de janeiro de 2024 08:36","modified":"Atualizado em 13 de janeiro de 2024 13:05"},"featured_img_caption":"","series_order":"","_links":{"self":[{"href":"https:\/\/sindaopcpb.org.br\/index.php\/wp-json\/wp\/v2\/posts\/43689","targetHints":{"allow":["GET"]}}],"collection":[{"href":"https:\/\/sindaopcpb.org.br\/index.php\/wp-json\/wp\/v2\/posts"}],"about":[{"href":"https:\/\/sindaopcpb.org.br\/index.php\/wp-json\/wp\/v2\/types\/post"}],"author":[{"embeddable":true,"href":"https:\/\/sindaopcpb.org.br\/index.php\/wp-json\/wp\/v2\/users\/123457"}],"replies":[{"embeddable":true,"href":"https:\/\/sindaopcpb.org.br\/index.php\/wp-json\/wp\/v2\/comments?post=43689"}],"version-history":[{"count":4,"href":"https:\/\/sindaopcpb.org.br\/index.php\/wp-json\/wp\/v2\/posts\/43689\/revisions"}],"predecessor-version":[{"id":43707,"href":"https:\/\/sindaopcpb.org.br\/index.php\/wp-json\/wp\/v2\/posts\/43689\/revisions\/43707"}],"wp:attachment":[{"href":"https:\/\/sindaopcpb.org.br\/index.php\/wp-json\/wp\/v2\/media?parent=43689"}],"wp:term":[{"taxonomy":"category","embeddable":true,"href":"https:\/\/sindaopcpb.org.br\/index.php\/wp-json\/wp\/v2\/categories?post=43689"},{"taxonomy":"post_tag","embeddable":true,"href":"https:\/\/sindaopcpb.org.br\/index.php\/wp-json\/wp\/v2\/tags?post=43689"}],"curies":[{"name":"wp","href":"https:\/\/api.w.org\/{rel}","templated":true}]}}