{"id":42351,"date":"2023-11-27T13:13:40","date_gmt":"2023-11-27T16:13:40","guid":{"rendered":"https:\/\/www.pbagora.com.br\/?p=792312"},"modified":"2023-11-27T13:13:40","modified_gmt":"2023-11-27T16:13:40","slug":"prf-pb-localiza-carreta-roubada-e-flagra-condutor-embriagado-apos-sofrer-acidente-de-transito","status":"publish","type":"post","link":"https:\/\/sindaopcpb.org.br\/index.php\/2023\/11\/27\/prf-pb-localiza-carreta-roubada-e-flagra-condutor-embriagado-apos-sofrer-acidente-de-transito\/","title":{"rendered":"PRF-PB localiza carreta roubada e flagra condutor embriagado ap\u00f3s sofrer acidente de tr\u00e2nsito"},"content":{"rendered":"<p><img width=\"1024\" height=\"682\" src=\"https:\/\/pbagora.s3.amazonaws.com\/2023\/11\/27121529\/IMG-20231127-WA0070-1024x682.jpg\" class=\"attachment-large size-large wp-post-image\" alt=\"\" style=\"margin-bottom: 20px;\" decoding=\"async\" srcset=\"https:\/\/pbagora.s3.amazonaws.com\/2023\/11\/27121529\/IMG-20231127-WA0070-1024x682.jpg 1024w, https:\/\/pbagora.s3.amazonaws.com\/2023\/11\/27121529\/IMG-20231127-WA0070-300x200.jpg 300w, https:\/\/pbagora.s3.amazonaws.com\/2023\/11\/27121529\/IMG-20231127-WA0070-150x100.jpg 150w, https:\/\/pbagora.s3.amazonaws.com\/2023\/11\/27121529\/IMG-20231127-WA0070-768x512.jpg 768w, https:\/\/pbagora.s3.amazonaws.com\/2023\/11\/27121529\/IMG-20231127-WA0070-1536x1023.jpg 1536w, https:\/\/pbagora.s3.amazonaws.com\/2023\/11\/27121529\/IMG-20231127-WA0070-380x253.jpg 380w, https:\/\/pbagora.s3.amazonaws.com\/2023\/11\/27121529\/IMG-20231127-WA0070-800x533.jpg 800w, https:\/\/pbagora.s3.amazonaws.com\/2023\/11\/27121529\/IMG-20231127-WA0070-1160x773.jpg 1160w, https:\/\/pbagora.s3.amazonaws.com\/2023\/11\/27121529\/IMG-20231127-WA0070-80x53.jpg 80w, https:\/\/pbagora.s3.amazonaws.com\/2023\/11\/27121529\/IMG-20231127-WA0070-760x506.jpg 760w, https:\/\/pbagora.s3.amazonaws.com\/2023\/11\/27121529\/IMG-20231127-WA0070-600x400.jpg 600w, https:\/\/pbagora.s3.amazonaws.com\/2023\/11\/27121529\/IMG-20231127-WA0070.jpg 1600w\" sizes=\"(max-width: 1024px) 100vw, 1024px\" \/><\/p><p style=\"text-align: left;\">A Pol\u00edcia Rodovi\u00e1ria Federal (PRF) no decorrer de fiscaliza\u00e7\u00f5es realizadas no s\u00e1bado (25), recuperou uma carreta que havia sido roubada em Pernambuco e flagrou um homem que conduzia motocicleta sob efeito de bebida alco\u00f3lica.<\/p>\n<p>A primeira ocorr\u00eancia se deu por volta das 13h, no munic\u00edpio de Barra de Santana\/PB, na BR 104, quando equipe da PRF foi averiguar a den\u00fancia de uma carreta abandonada. O ve\u00edculo havia sido roubado h\u00e1 dois dias, em Araripina\/PE, onde o condutor, um homem de 44 anos, foi rendido e obrigado a conduzir o ve\u00edculo at\u00e9 Ouricuri\/PE. O ve\u00edculo que transportava \u00f3leo vegetal teve a carga roubada. O caminhoneiro foi mantido de ref\u00e9m por cerca de dois dias, sendo liberado somente ap\u00f3s a carga ser totalmente subtra\u00edda. Momento em que foi liberado em uma mata e procurou ajuda da PRF. Dilig\u00eancias da PRF localizaram o ve\u00edculo no munic\u00edpio de Barra de Santana\/PB, sem os 34.740kg de \u00f3leo vegetal degomado, avaliada em R$ 225.065,52. Diante dos fatos narrados, a v\u00edtima foi encaminhada para Delegacia de Pol\u00edcia Judici\u00e1ria de Queimadas\/PB para realizar boletim de ocorr\u00eancia e reaver a carreta.<\/p>\n<p>J\u00e1 por volta das 15h, no munic\u00edpio de Santa Rita\/PB, na BR 230, policiais visualizaram uma motocicleta do tipo Traxx sendo conduzida em zigue-zague. Prontamente, os agentes da PRF se aproximaram do ve\u00edculo, momento em que tentou realizar retorno da via, perdeu o controle da dire\u00e7\u00e3o, caindo no acostamento. Durante a abordagem, ficou evidenciado que o condutor, um homem de 52 anos, estava apresentava forte odor et\u00edlico, olhos vermelhos, vestes desordenadas e sonol\u00eancia. Ele foi resgatado por equipe da PRF para o Hospital de Emerg\u00eancia e Traumas, em Jo\u00e3o Pessoa. Sendo assim, foi feito um Termo de Constata\u00e7\u00e3o de Sinais de Altera\u00e7\u00e3o da Capacidade Psicomotora, onde poder\u00e1 responder criminalmente por embriaguez ao volante.<\/p>\n","protected":false},"excerpt":{"rendered":"<p><img loading=\"lazy\" decoding=\"async\" width=\"1024\" height=\"682\" src=\"https:\/\/pbagora.s3.amazonaws.com\/2023\/11\/27121529\/IMG-20231127-WA0070-1024x682.jpg\" class=\"attachment-large size-large wp-post-image\" alt=\"\"><\/p>\n<p>A Pol\u00edcia Rodovi\u00e1ria Federal (PRF) no decorrer de fiscaliza\u00e7\u00f5es realizadas no s\u00e1bado (25), recuperou uma carreta que havia\u2026<\/p>\n","protected":false},"author":123458,"featured_media":0,"comment_status":"closed","ping_status":"closed","sticky":false,"template":"","format":"standard","meta":{"advgb_blocks_editor_width":"","advgb_blocks_columns_visual_guide":"","footnotes":""},"categories":[10826,34,66],"tags":[35],"class_list":["post-42351","post","type-post","status-publish","format-standard","hentry","category-destaque-centro-02","category-g1","category-policial","tag-g1"],"author_meta":{"display_name":"Feliphe Rojas","author_link":"https:\/\/sindaopcpb.org.br\/author\/feliphe-rojas\/"},"featured_img":null,"coauthors":[],"tax_additional":{"categories":{"linked":["<a href=\"https:\/\/sindaopcpb.org.br\/destaque-centro-02\/\" class=\"advgb-post-tax-term\">Destaque Centro 02<\/a>","<a href=\"https:\/\/sindaopcpb.org.br\/g1\/\" class=\"advgb-post-tax-term\">G1<\/a>","<a href=\"https:\/\/sindaopcpb.org.br\/policial\/\" class=\"advgb-post-tax-term\">Policial<\/a>"],"unlinked":["<span class=\"advgb-post-tax-term\">Destaque Centro 02<\/span>","<span class=\"advgb-post-tax-term\">G1<\/span>","<span class=\"advgb-post-tax-term\">Policial<\/span>"]},"tags":{"linked":["<a href=\"https:\/\/sindaopcpb.org.br\/policial\/\" class=\"advgb-post-tax-term\">g1<\/a>"],"unlinked":["<span class=\"advgb-post-tax-term\">g1<\/span>"]}},"comment_count":"0","relative_dates":{"created":"Publicado 2 anos atr\u00e1s","modified":"Atualizado 2 anos atr\u00e1s"},"absolute_dates":{"created":"Publicado em 27 de novembro de 2023","modified":"Atualizado em 27 de novembro de 2023"},"absolute_dates_time":{"created":"Publicado em 27 de novembro de 2023 13:13","modified":"Atualizado em 27 de novembro de 2023 13:13"},"featured_img_caption":"","series_order":"","_links":{"self":[{"href":"https:\/\/sindaopcpb.org.br\/index.php\/wp-json\/wp\/v2\/posts\/42351","targetHints":{"allow":["GET"]}}],"collection":[{"href":"https:\/\/sindaopcpb.org.br\/index.php\/wp-json\/wp\/v2\/posts"}],"about":[{"href":"https:\/\/sindaopcpb.org.br\/index.php\/wp-json\/wp\/v2\/types\/post"}],"author":[{"embeddable":true,"href":"https:\/\/sindaopcpb.org.br\/index.php\/wp-json\/wp\/v2\/users\/123458"}],"replies":[{"embeddable":true,"href":"https:\/\/sindaopcpb.org.br\/index.php\/wp-json\/wp\/v2\/comments?post=42351"}],"version-history":[{"count":3,"href":"https:\/\/sindaopcpb.org.br\/index.php\/wp-json\/wp\/v2\/posts\/42351\/revisions"}],"predecessor-version":[{"id":42360,"href":"https:\/\/sindaopcpb.org.br\/index.php\/wp-json\/wp\/v2\/posts\/42351\/revisions\/42360"}],"wp:attachment":[{"href":"https:\/\/sindaopcpb.org.br\/index.php\/wp-json\/wp\/v2\/media?parent=42351"}],"wp:term":[{"taxonomy":"category","embeddable":true,"href":"https:\/\/sindaopcpb.org.br\/index.php\/wp-json\/wp\/v2\/categories?post=42351"},{"taxonomy":"post_tag","embeddable":true,"href":"https:\/\/sindaopcpb.org.br\/index.php\/wp-json\/wp\/v2\/tags?post=42351"}],"curies":[{"name":"wp","href":"https:\/\/api.w.org\/{rel}","templated":true}]}}