{"id":42097,"date":"2023-11-20T16:27:20","date_gmt":"2023-11-20T19:27:20","guid":{"rendered":"https:\/\/www.pbagora.com.br\/?p=790627"},"modified":"2023-11-20T16:27:20","modified_gmt":"2023-11-20T19:27:20","slug":"nao-e-ana-sophia-resultado-de-pericia-antropologica-confirma-que-ossada-encontrada-em-bananeiras-e-de-animal","status":"publish","type":"post","link":"https:\/\/sindaopcpb.org.br\/index.php\/2023\/11\/20\/nao-e-ana-sophia-resultado-de-pericia-antropologica-confirma-que-ossada-encontrada-em-bananeiras-e-de-animal\/","title":{"rendered":"N\u00e3o \u00e9 Ana Sophia:  resultado de per\u00edcia antropol\u00f3gica confirma que ossada encontrada em Bananeiras \u00e9 de animal"},"content":{"rendered":"<p><img width=\"628\" height=\"417\" src=\"https:\/\/pbagora.s3.amazonaws.com\/2023\/09\/22115056\/ANA.jpeg\" class=\"attachment-large size-large wp-post-image\" alt=\"\" decoding=\"async\" loading=\"lazy\" style=\"margin-bottom: 20px;\" srcset=\"https:\/\/pbagora.s3.amazonaws.com\/2023\/09\/22115056\/ANA.jpeg 628w, https:\/\/pbagora.s3.amazonaws.com\/2023\/09\/22115056\/ANA-300x199.jpeg 300w, https:\/\/pbagora.s3.amazonaws.com\/2023\/09\/22115056\/ANA-150x100.jpeg 150w, https:\/\/pbagora.s3.amazonaws.com\/2023\/09\/22115056\/ANA-380x252.jpeg 380w, https:\/\/pbagora.s3.amazonaws.com\/2023\/09\/22115056\/ANA-80x53.jpeg 80w, https:\/\/pbagora.s3.amazonaws.com\/2023\/09\/22115056\/ANA-600x398.jpeg 600w\" sizes=\"(max-width: 628px) 100vw, 628px\" \/><\/p><p>N\u00e3o \u00e9 Ana Sophia. O exame realizado na ossada encontrada no S\u00edtio Pau de Sangue, na Zona Rural de Bananeiras, na semana passada, concluiu que os ossos pertencem a um animal, informou o delegado Di\u00f3genes Fernandes nesta segunda-feira (20).<\/p>\n<p>Os restos mortais foram descobertos distantes do local onde o corpo de Tiago Fontes, principal suspeito no caso do desaparecimento de Ana Sophia, foi encontrado h\u00e1 duas semanas. A per\u00edcia antropol\u00f3gica, conduzida pela Pol\u00edcia Cient\u00edfica em Jo\u00e3o Pessoa, confirmou a natureza n\u00e3o humana dos ossos, como esclareceu o delegado.<\/p>\n<p>&#8220;Trata-se de outra esp\u00e9cie animal que n\u00e3o \u00e9 humana. Quando o primeiro quesito \u00e9 respondido negativamente, de que n\u00e3o \u00e9 humano, os demais s\u00e3o exclu\u00eddos. N\u00e3o avan\u00e7a. As pr\u00f3ximas seriam: sexo, idade e confronto com o DNA de Sophia. A confirma\u00e7\u00e3o de que n\u00e3o humana \u00e9 o resultado, j\u00e1 com o laudo. A primeira resposta \u00e9 o suficiente&#8221;, explicou o delegado Di\u00f3genes Fernandes.<\/p>\n<p>O corpo de Tiago Fontes foi descoberto no dia 09 deste m\u00eas, enforcado em uma \u00e1rvore e sem a mand\u00edbula, em uma \u00e1rea de mata na Zona Rural de Bananeiras. No dia 14, a Pol\u00edcia Civil anunciou a causa da morte como enforcamento.<\/p>\n<p>Tiago Fontes estava desaparecido desde 11 de setembro, quando foi convocado para prestar depoimento sobre o desaparecimento de Ana Sophia, ocorrido em 04 de julho, enquanto voltava para casa ap\u00f3s brincar na casa de uma amiga, em Roma, Bananeiras.<\/p>\n<p>Durante entrevista coletiva no dia 14, a pol\u00edcia afirmou que Tiago Fontes \u00e9 o assassino de Ana Sophia. A per\u00edcia no celular dele teria comprovado seu envolvimento no crime. A menina, de oito anos, desapareceu em 04 de julho de 2023, quando retornava da casa de uma amiga no distrito de Roma, Bananeiras, e foi vista pela \u00faltima vez em imagens de c\u00e2meras de seguran\u00e7a.<\/p>\n<p>&nbsp;<\/p>\n<p>&nbsp;<\/p>\n<p><em><strong>Reda\u00e7\u00e3o<\/strong><\/em><\/p>\n<p>&nbsp;<\/p>\n","protected":false},"excerpt":{"rendered":"<p><img loading=\"lazy\" decoding=\"async\" width=\"628\" height=\"417\" src=\"https:\/\/pbagora.s3.amazonaws.com\/2023\/09\/22115056\/ANA.jpeg\" class=\"attachment-large size-large wp-post-image\" alt=\"\"><\/p>\n<p>N\u00e3o \u00e9 Ana Sophia. O exame realizado na ossada encontrada no S\u00edtio Pau de Sangue, na Zona Rural\u2026<\/p>\n","protected":false},"author":123457,"featured_media":0,"comment_status":"closed","ping_status":"closed","sticky":false,"template":"","format":"standard","meta":{"advgb_blocks_editor_width":"","advgb_blocks_columns_visual_guide":"","footnotes":""},"categories":[34,66,10825],"tags":[35],"class_list":["post-42097","post","type-post","status-publish","format-standard","hentry","category-g1","category-policial","category-principal1","tag-g1"],"author_meta":{"display_name":"Reda\u00e7\u00e3o","author_link":"https:\/\/sindaopcpb.org.br\/author\/redacao\/"},"featured_img":null,"coauthors":[],"tax_additional":{"categories":{"linked":["<a href=\"https:\/\/sindaopcpb.org.br\/g1\/\" class=\"advgb-post-tax-term\">G1<\/a>","<a href=\"https:\/\/sindaopcpb.org.br\/policial\/\" class=\"advgb-post-tax-term\">Policial<\/a>","<a href=\"https:\/\/sindaopcpb.org.br\/principal1\/\" class=\"advgb-post-tax-term\">Principal1<\/a>"],"unlinked":["<span class=\"advgb-post-tax-term\">G1<\/span>","<span class=\"advgb-post-tax-term\">Policial<\/span>","<span class=\"advgb-post-tax-term\">Principal1<\/span>"]},"tags":{"linked":["<a href=\"https:\/\/sindaopcpb.org.br\/principal1\/\" class=\"advgb-post-tax-term\">g1<\/a>"],"unlinked":["<span class=\"advgb-post-tax-term\">g1<\/span>"]}},"comment_count":"0","relative_dates":{"created":"Publicado 2 anos atr\u00e1s","modified":"Atualizado 2 anos atr\u00e1s"},"absolute_dates":{"created":"Publicado em 20 de novembro de 2023","modified":"Atualizado em 20 de novembro de 2023"},"absolute_dates_time":{"created":"Publicado em 20 de novembro de 2023 16:27","modified":"Atualizado em 20 de novembro de 2023 16:27"},"featured_img_caption":"","series_order":"","_links":{"self":[{"href":"https:\/\/sindaopcpb.org.br\/index.php\/wp-json\/wp\/v2\/posts\/42097","targetHints":{"allow":["GET"]}}],"collection":[{"href":"https:\/\/sindaopcpb.org.br\/index.php\/wp-json\/wp\/v2\/posts"}],"about":[{"href":"https:\/\/sindaopcpb.org.br\/index.php\/wp-json\/wp\/v2\/types\/post"}],"author":[{"embeddable":true,"href":"https:\/\/sindaopcpb.org.br\/index.php\/wp-json\/wp\/v2\/users\/123457"}],"replies":[{"embeddable":true,"href":"https:\/\/sindaopcpb.org.br\/index.php\/wp-json\/wp\/v2\/comments?post=42097"}],"version-history":[{"count":1,"href":"https:\/\/sindaopcpb.org.br\/index.php\/wp-json\/wp\/v2\/posts\/42097\/revisions"}],"predecessor-version":[{"id":42099,"href":"https:\/\/sindaopcpb.org.br\/index.php\/wp-json\/wp\/v2\/posts\/42097\/revisions\/42099"}],"wp:attachment":[{"href":"https:\/\/sindaopcpb.org.br\/index.php\/wp-json\/wp\/v2\/media?parent=42097"}],"wp:term":[{"taxonomy":"category","embeddable":true,"href":"https:\/\/sindaopcpb.org.br\/index.php\/wp-json\/wp\/v2\/categories?post=42097"},{"taxonomy":"post_tag","embeddable":true,"href":"https:\/\/sindaopcpb.org.br\/index.php\/wp-json\/wp\/v2\/tags?post=42097"}],"curies":[{"name":"wp","href":"https:\/\/api.w.org\/{rel}","templated":true}]}}