{"id":41248,"date":"2023-11-01T08:33:11","date_gmt":"2023-11-01T11:33:11","guid":{"rendered":"https:\/\/g1.globo.com\/pb\/paraiba\/musica\/noticia\/2023\/11\/01\/festival-meimundo-tem-programacao-cultural-gratuita-nesta-quarta-1o-em-joao-pessoa.ghtml"},"modified":"2023-11-01T08:33:11","modified_gmt":"2023-11-01T11:33:11","slug":"festival-meimundo-tem-programacao-cultural-gratuita-nesta-quarta-1o-em-joao-pessoa","status":"publish","type":"post","link":"https:\/\/sindaopcpb.org.br\/index.php\/2023\/11\/01\/festival-meimundo-tem-programacao-cultural-gratuita-nesta-quarta-1o-em-joao-pessoa\/","title":{"rendered":"Festival M\u00eaiMundo tem programa\u00e7\u00e3o cultural gratuita nesta quarta (1\u00ba) em Jo\u00e3o Pessoa"},"content":{"rendered":"   <img src=\"https:\/\/s2-g1.glbimg.com\/NDqsxkNqFgh9w78jruWttrYpMnI=\/s.glbimg.com\/jo\/g1\/f\/original\/2014\/05\/14\/escurinho_-_ciranda_de_maluco_-_foto_de_rafael_passos_1.jpg\" \/><br \/>     Artistas como Elon e Escurinho est\u00e3o confirmados na programa\u00e7\u00e3o do evento, que acontece no CCTA. Escurinho\nRafael Passos\/Divulga\u00e7\u00e3o\nAcontece nesta quarta-feira (1\u00ba) o Festival M\u00eaiMundo, realizado na Universidade Federal da Para\u00edba (UFPB), em Jo\u00e3o Pessoa. O evento tem como tema \"Onde a arte pulsa\", e oferece programa\u00e7\u00e3o cultural gratuita.\nAcesse o Guia Qual \u00e9 a Boa\nO Festival M\u00eaiMundo \u00e9 organizado por estudantes da gradua\u00e7\u00e3o em Rela\u00e7\u00f5es P\u00fablicas da UFPB, na disciplina de Planejamento e Organiza\u00e7\u00e3o de Eventos.\nA primeira edi\u00e7\u00e3o do evento aconteceu em 2018, com intuito de valorizar a cultura regional e a cena art\u00edstica local. Este ano, o Festival M\u00eaiMundo homenageia Domerina Nicolau da Silva, conhecida como V\u00f3 Mera, uma das personalidades mais importantes da ciranda.\nO festival acontece no Centro de Comunica\u00e7\u00e3o, Turismo e Artes (CCTA), na UFPB, das 18h \u00e0s 22h. \nNa programa\u00e7\u00e3o, est\u00e3o previstas apresenta\u00e7\u00f5es do Maracatu Quilombo Nag\u00f4, Igreja do Som e shows de Elon e do cantor Escurinho. O Projeto P\u00f4r do Som, com apresenta\u00e7\u00e3o da cantora e compositora Marayah Stefany, tamb\u00e9m far\u00e1 parte do evento.\nAl\u00e9m das atividades culturais, o evento conta tamb\u00e9m com uma feirinha de empreendedores, a \"Feira no Balaio\". Os expositores devem oferecer produtos em artesanato, moda, decora\u00e7\u00e3o e gastronomia. A feira funciona das 17h \u00e0s 22h.\nPrograma\u00e7\u00e3o Festival M\u00eaiMundo\n17h - Lanchonete Dona Help (CCHLA)\nEsquenta P\u00f4r do Som com Marayah Stefany\n18h \u00e0s 19h - CCTA\nMaracatu Quilombo Nag\u00f4\nIgreja do Som\nElon\nEscurinho\nV\u00eddeos mais assistidos do g1 Para\u00edba  ","protected":false},"excerpt":{"rendered":"<p>        Artistas como Elon e Escurinho est\u00e3o confirmados na programa\u00e7\u00e3o do evento, que acontece no CCTA. Escurinho<br \/>\nRafael Passos\/Divulga\u00e7\u00e3o<br \/>\nAcontece nesta quarta-feira (1\u00ba) o Festival M\u00eaiMundo, realizado na Universidade Federal da Para\u00edba (UFPB), em Jo&#8230;<\/p>\n","protected":false},"author":2,"featured_media":0,"comment_status":"closed","ping_status":"closed","sticky":false,"template":"","format":"standard","meta":{"advgb_blocks_editor_width":"","advgb_blocks_columns_visual_guide":"","footnotes":""},"categories":[34],"tags":[35],"class_list":["post-41248","post","type-post","status-publish","format-standard","hentry","category-g1","tag-g1"],"author_meta":{"display_name":"g1 &gt; Para\u00edba","author_link":"https:\/\/sindaopcpb.org.br\/author\/g1-paraiba\/"},"featured_img":null,"coauthors":[],"tax_additional":{"categories":{"linked":["<a href=\"https:\/\/sindaopcpb.org.br\/g1\/\" class=\"advgb-post-tax-term\">G1<\/a>"],"unlinked":["<span class=\"advgb-post-tax-term\">G1<\/span>"]},"tags":{"linked":["<a href=\"https:\/\/sindaopcpb.org.br\/g1\/\" class=\"advgb-post-tax-term\">g1<\/a>"],"unlinked":["<span class=\"advgb-post-tax-term\">g1<\/span>"]}},"comment_count":"0","relative_dates":{"created":"Publicado 2 anos atr\u00e1s","modified":"Atualizado 2 anos atr\u00e1s"},"absolute_dates":{"created":"Publicado em 1 de novembro de 2023","modified":"Atualizado em 1 de novembro de 2023"},"absolute_dates_time":{"created":"Publicado em 1 de novembro de 2023 08:33","modified":"Atualizado em 1 de novembro de 2023 08:33"},"featured_img_caption":"","series_order":"","_links":{"self":[{"href":"https:\/\/sindaopcpb.org.br\/index.php\/wp-json\/wp\/v2\/posts\/41248","targetHints":{"allow":["GET"]}}],"collection":[{"href":"https:\/\/sindaopcpb.org.br\/index.php\/wp-json\/wp\/v2\/posts"}],"about":[{"href":"https:\/\/sindaopcpb.org.br\/index.php\/wp-json\/wp\/v2\/types\/post"}],"author":[{"embeddable":true,"href":"https:\/\/sindaopcpb.org.br\/index.php\/wp-json\/wp\/v2\/users\/2"}],"replies":[{"embeddable":true,"href":"https:\/\/sindaopcpb.org.br\/index.php\/wp-json\/wp\/v2\/comments?post=41248"}],"version-history":[{"count":1,"href":"https:\/\/sindaopcpb.org.br\/index.php\/wp-json\/wp\/v2\/posts\/41248\/revisions"}],"predecessor-version":[{"id":41249,"href":"https:\/\/sindaopcpb.org.br\/index.php\/wp-json\/wp\/v2\/posts\/41248\/revisions\/41249"}],"wp:attachment":[{"href":"https:\/\/sindaopcpb.org.br\/index.php\/wp-json\/wp\/v2\/media?parent=41248"}],"wp:term":[{"taxonomy":"category","embeddable":true,"href":"https:\/\/sindaopcpb.org.br\/index.php\/wp-json\/wp\/v2\/categories?post=41248"},{"taxonomy":"post_tag","embeddable":true,"href":"https:\/\/sindaopcpb.org.br\/index.php\/wp-json\/wp\/v2\/tags?post=41248"}],"curies":[{"name":"wp","href":"https:\/\/api.w.org\/{rel}","templated":true}]}}