{"id":40881,"date":"2023-10-29T15:29:41","date_gmt":"2023-10-29T18:29:41","guid":{"rendered":"https:\/\/wpa.wscom.com.br\/?p=930264"},"modified":"2023-10-29T15:29:41","modified_gmt":"2023-10-29T18:29:41","slug":"geraldo-alckmin-declara-apoio-a-pre-candidatura-de-tabata-amaral-em-sp","status":"publish","type":"post","link":"https:\/\/sindaopcpb.org.br\/index.php\/2023\/10\/29\/geraldo-alckmin-declara-apoio-a-pre-candidatura-de-tabata-amaral-em-sp\/","title":{"rendered":"Geraldo Alckmin declara apoio a pr\u00e9-candidatura de Tabata Amaral em SP"},"content":{"rendered":"<p><span data-contrast=\"auto\">O vice-presidente da Rep\u00fablica, Geraldo Alckmin (PSB) participou no \u00faltimo s\u00e1bado de um evento realizado em S\u00e3o Paulo e declarou o seu apoio a pr\u00e9-candidatura de Tabata Amara (PSB) \u00e0 Prefeitura Municipal de S\u00e3o Paulo. De acordo com Alckmin a deputada federal representa a verdadeira mudan\u00e7a para a cidade de S\u00e3o Paulo. <\/span><span data-ccp-props=\"{&quot;201341983&quot;:0,&quot;335559739&quot;:160,&quot;335559740&quot;:259}\">\u00a0<\/span><\/p>\n<p><span data-contrast=\"auto\">Alckmin, ao lado do ministro da Micro e Pequena Empresa, M\u00e1rcio Fran\u00e7a, outro membro do governo, refor\u00e7ou seu apoio \u00e0 candidatura de Tabata, o que claramente o coloca em oposi\u00e7\u00e3o ao presidente Luiz In\u00e1cio Lula da Silva e ao Partido dos Trabalhadores (PT), que t\u00eam respaldado a candidatura de Guilherme Boulos, do PSOL.<\/span><span data-ccp-props=\"{&quot;201341983&quot;:0,&quot;335559739&quot;:160,&quot;335559740&quot;:259}\">\u00a0<\/span><\/p>\n<p><span data-contrast=\"auto\">O vice-presidente argumentou que Tabata Amaral representa uma mudan\u00e7a que traz consigo a sensibilidade e a garra das mulheres, aliadas \u00e0 honestidade, experi\u00eancia e uma hist\u00f3ria de vida marcante. Alckmin enfatizou alguns pontos da biografia da deputada que se tornar\u00e3o ativos importantes em sua campanha, como o fato de ter nascido na periferia de S\u00e3o Paulo e de ter estudado com uma bolsa na prestigiada Universidade de Harvard, nos Estados Unidos. &#8220;Ela n\u00e3o nasceu em ber\u00e7o espl\u00eandido. \u00c9 da Vila Mission\u00e1ria, da periferia da capital&#8221;, afirmou Alckmin.<\/span><span data-ccp-props=\"{&quot;201341983&quot;:0,&quot;335559739&quot;:160,&quot;335559740&quot;:259}\">\u00a0<\/span><\/p>\n<p><span data-contrast=\"auto\">O vice-presidente tamb\u00e9m destacou que o PSB representa &#8220;a mudan\u00e7a para melhorar a vida da popula\u00e7\u00e3o de S\u00e3o Paulo&#8221; e encerrou seu discurso com um grito de apoio a Tabata Amaral, declarando: &#8220;Tabata e S\u00e3o Paulo!&#8221;.<\/span><\/p>\n<p>O post <a rel=\"nofollow noopener\" href=\"https:\/\/wscom.com.br\/geraldo-alckmin-declara-apoio-a-pre-candidatura-de-tabata-amaral-em-sp\/\" target=\"_blank\">Geraldo Alckmin declara apoio a pr\u00e9-candidatura de Tabata Amaral em SP<\/a> apareceu primeiro em <a rel=\"nofollow noopener\" href=\"https:\/\/wscom.com.br\/\" target=\"_blank\">WSCOM<\/a>.<\/p>\n","protected":false},"excerpt":{"rendered":"<p>O vice-presidente da Rep\u00fablica, Geraldo Alckmin (PSB) participou no \u00faltimo s\u00e1bado de um evento realizado em S\u00e3o Paulo e declarou o seu apoio a pr\u00e9-candidatura de Tabata Amara (PSB) \u00e0 Prefeitura Municipal de S\u00e3o Paulo. De acordo com Alckmin a deputada federal representa a verdadeira mudan\u00e7a para a cidade de S\u00e3o Paulo. \u00a0 Alckmin, ao [\u2026]<\/p>\n<p>O post <a rel=\"nofollow\" href=\"https:\/\/wscom.com.br\/geraldo-alckmin-declara-apoio-a-pre-candidatura-de-tabata-amaral-em-sp\/\">Geraldo Alckmin declara apoio a pr\u00e9-candidatura de Tabata Amaral em SP<\/a> apareceu primeiro em <a rel=\"nofollow\" href=\"https:\/\/wscom.com.br\/\">WSCOM<\/a>.<\/p>\n","protected":false},"author":247,"featured_media":0,"comment_status":"closed","ping_status":"closed","sticky":false,"template":"","format":"standard","meta":{"advgb_blocks_editor_width":"","advgb_blocks_columns_visual_guide":"","footnotes":""},"categories":[2566,34,340,47,2812,5326],"tags":[35],"class_list":["post-40881","post","type-post","status-publish","format-standard","hentry","category-apoio","category-g1","category-geraldo-alckmin","category-politica","category-pre-candidatura","category-tabata-amaral","tag-g1"],"author_meta":{"display_name":"Anderson Costa","author_link":"https:\/\/sindaopcpb.org.br\/author\/anderson-costa\/"},"featured_img":null,"coauthors":[],"tax_additional":{"categories":{"linked":["<a href=\"https:\/\/sindaopcpb.org.br\/apoio\/\" class=\"advgb-post-tax-term\">apoio<\/a>","<a href=\"https:\/\/sindaopcpb.org.br\/g1\/\" class=\"advgb-post-tax-term\">G1<\/a>","<a href=\"https:\/\/sindaopcpb.org.br\/geraldo-alckmin\/\" class=\"advgb-post-tax-term\">Geraldo Alckmin<\/a>","<a href=\"https:\/\/sindaopcpb.org.br\/politica\/\" class=\"advgb-post-tax-term\">POLITICA<\/a>","<a href=\"https:\/\/sindaopcpb.org.br\/pre-candidatura\/\" class=\"advgb-post-tax-term\">pr\u00e9-candidatura<\/a>","<a href=\"https:\/\/sindaopcpb.org.br\/tabata-amaral\/\" class=\"advgb-post-tax-term\">Tabata Amaral<\/a>"],"unlinked":["<span class=\"advgb-post-tax-term\">apoio<\/span>","<span class=\"advgb-post-tax-term\">G1<\/span>","<span class=\"advgb-post-tax-term\">Geraldo Alckmin<\/span>","<span class=\"advgb-post-tax-term\">POLITICA<\/span>","<span class=\"advgb-post-tax-term\">pr\u00e9-candidatura<\/span>","<span class=\"advgb-post-tax-term\">Tabata Amaral<\/span>"]},"tags":{"linked":["<a href=\"https:\/\/sindaopcpb.org.br\/tabata-amaral\/\" class=\"advgb-post-tax-term\">g1<\/a>"],"unlinked":["<span class=\"advgb-post-tax-term\">g1<\/span>"]}},"comment_count":"0","relative_dates":{"created":"Publicado 3 anos atr\u00e1s","modified":"Atualizado 3 anos atr\u00e1s"},"absolute_dates":{"created":"Publicado em 29 de outubro de 2023","modified":"Atualizado em 29 de outubro de 2023"},"absolute_dates_time":{"created":"Publicado em 29 de outubro de 2023 15:29","modified":"Atualizado em 29 de outubro de 2023 15:29"},"featured_img_caption":"","series_order":"","_links":{"self":[{"href":"https:\/\/sindaopcpb.org.br\/index.php\/wp-json\/wp\/v2\/posts\/40881","targetHints":{"allow":["GET"]}}],"collection":[{"href":"https:\/\/sindaopcpb.org.br\/index.php\/wp-json\/wp\/v2\/posts"}],"about":[{"href":"https:\/\/sindaopcpb.org.br\/index.php\/wp-json\/wp\/v2\/types\/post"}],"author":[{"embeddable":true,"href":"https:\/\/sindaopcpb.org.br\/index.php\/wp-json\/wp\/v2\/users\/247"}],"replies":[{"embeddable":true,"href":"https:\/\/sindaopcpb.org.br\/index.php\/wp-json\/wp\/v2\/comments?post=40881"}],"version-history":[{"count":1,"href":"https:\/\/sindaopcpb.org.br\/index.php\/wp-json\/wp\/v2\/posts\/40881\/revisions"}],"predecessor-version":[{"id":40882,"href":"https:\/\/sindaopcpb.org.br\/index.php\/wp-json\/wp\/v2\/posts\/40881\/revisions\/40882"}],"wp:attachment":[{"href":"https:\/\/sindaopcpb.org.br\/index.php\/wp-json\/wp\/v2\/media?parent=40881"}],"wp:term":[{"taxonomy":"category","embeddable":true,"href":"https:\/\/sindaopcpb.org.br\/index.php\/wp-json\/wp\/v2\/categories?post=40881"},{"taxonomy":"post_tag","embeddable":true,"href":"https:\/\/sindaopcpb.org.br\/index.php\/wp-json\/wp\/v2\/tags?post=40881"}],"curies":[{"name":"wp","href":"https:\/\/api.w.org\/{rel}","templated":true}]}}