{"id":40846,"date":"2023-10-29T10:10:15","date_gmt":"2023-10-29T13:10:15","guid":{"rendered":"https:\/\/wpa.wscom.com.br\/?p=930215"},"modified":"2023-10-29T10:10:15","modified_gmt":"2023-10-29T13:10:15","slug":"companheiro-de-trabalho-confirma-morte-do-influenciador-rodrigo-amendoim","status":"publish","type":"post","link":"https:\/\/sindaopcpb.org.br\/index.php\/2023\/10\/29\/companheiro-de-trabalho-confirma-morte-do-influenciador-rodrigo-amendoim\/","title":{"rendered":"Companheiro de trabalho confirma morte do influenciador Rodrigo Amendoim"},"content":{"rendered":"<p><span data-contrast=\"auto\">O influenciador baiano Rodrigo Amendoim morreu em Lauro de Freitas, na Bahia. De acordo com informa\u00e7\u00e3o divulgada por Cristian Bell, amigo e colega de trabalho, o influenciador perdeu a vida no \u00faltimo s\u00e1bado (28). <\/span><span data-ccp-props=\"{&quot;201341983&quot;:0,&quot;335559739&quot;:160,&quot;335559740&quot;:259}\">\u00a0<\/span><\/p>\n<p><span data-contrast=\"auto\">Conhecido como \u201cMendo\u201d, Rodrigo publicava v\u00eddeos humor\u00edsticos nas redes sociais.<\/span><span data-ccp-props=\"{&quot;201341983&quot;:0,&quot;335559739&quot;:160,&quot;335559740&quot;:259}\">\u00a0<\/span><\/p>\n<p><span data-contrast=\"auto\">A pol\u00edcia civil da Bahia explicou que foi acionada ap\u00f3s den\u00fancia de que disparos haviam sido efetuados em uma casa em Lauro de Freitas, ao chegarem no local os policiais encontraram o seu corpo sem vida. O local foi isolado para a realiza\u00e7\u00e3o de per\u00edcia e as circunst\u00e2ncias da morte ser\u00e3o apuradas&#8221;, informaram os policiais.<\/span><span data-ccp-props=\"{&quot;201341983&quot;:0,&quot;335559739&quot;:160,&quot;335559740&quot;:259}\">\u00a0<\/span><\/p>\n<p><span data-contrast=\"auto\">Rodrigo Amendoim tem 1,4 milh\u00e3o de seguidores no Instagram. Sua \u00faltima postagem nos &#8216;Stories&#8217; foi h\u00e1 20 horas. A \u00faltima foto publicada no feed foi postada no dia 10 de outubro, e nela h\u00e1 diversos coment\u00e1rios lamentando a partida do influenciador.<\/span><span data-ccp-props=\"{&quot;201341983&quot;:0,&quot;335559739&quot;:160,&quot;335559740&quot;:259}\">\u00a0<\/span><\/p>\n<p>O post <a rel=\"nofollow noopener\" href=\"https:\/\/wscom.com.br\/companheiro-de-trabalho-confirma-morte-do-influenciador-rodrigo-amendoim\/\" target=\"_blank\">Companheiro de trabalho confirma morte do influenciador Rodrigo Amendoim<\/a> apareceu primeiro em <a rel=\"nofollow noopener\" href=\"https:\/\/wscom.com.br\/\" target=\"_blank\">WSCOM<\/a>.<\/p>\n","protected":false},"excerpt":{"rendered":"<p>O influenciador baiano Rodrigo Amendoim morreu em Lauro de Freitas, na Bahia. De acordo com informa\u00e7\u00e3o divulgada por Cristian Bell, amigo e colega de trabalho, o influenciador perdeu a vida no \u00faltimo s\u00e1bado (28). \u00a0 Conhecido como \u201cMendo\u201d, Rodrigo publicava v\u00eddeos humor\u00edsticos nas redes sociais.\u00a0 A pol\u00edcia civil da Bahia explicou que foi acionada ap\u00f3s [\u2026]<\/p>\n<p>O post <a rel=\"nofollow\" href=\"https:\/\/wscom.com.br\/companheiro-de-trabalho-confirma-morte-do-influenciador-rodrigo-amendoim\/\">Companheiro de trabalho confirma morte do influenciador Rodrigo Amendoim<\/a> apareceu primeiro em <a rel=\"nofollow\" href=\"https:\/\/wscom.com.br\/\">WSCOM<\/a>.<\/p>\n","protected":false},"author":247,"featured_media":0,"comment_status":"closed","ping_status":"closed","sticky":false,"template":"","format":"standard","meta":{"advgb_blocks_editor_width":"","advgb_blocks_columns_visual_guide":"","footnotes":""},"categories":[1190,436,34,9283,10623,10624],"tags":[35],"class_list":["post-40846","post","type-post","status-publish","format-standard","hentry","category-bahia","category-celebridades","category-g1","category-influenciador","category-lauro-de-freitas","category-rodrigo-amendoim","tag-g1"],"author_meta":{"display_name":"Anderson Costa","author_link":"https:\/\/sindaopcpb.org.br\/author\/anderson-costa\/"},"featured_img":null,"coauthors":[],"tax_additional":{"categories":{"linked":["<a href=\"https:\/\/sindaopcpb.org.br\/bahia\/\" class=\"advgb-post-tax-term\">Bahia<\/a>","<a href=\"https:\/\/sindaopcpb.org.br\/celebridades\/\" class=\"advgb-post-tax-term\">Celebridades<\/a>","<a href=\"https:\/\/sindaopcpb.org.br\/g1\/\" class=\"advgb-post-tax-term\">G1<\/a>","<a href=\"https:\/\/sindaopcpb.org.br\/influenciador\/\" class=\"advgb-post-tax-term\">Influenciador<\/a>","<a href=\"https:\/\/sindaopcpb.org.br\/lauro-de-freitas\/\" class=\"advgb-post-tax-term\">Lauro de Freitas<\/a>","<a href=\"https:\/\/sindaopcpb.org.br\/rodrigo-amendoim\/\" class=\"advgb-post-tax-term\">rodrigo amendoim<\/a>"],"unlinked":["<span class=\"advgb-post-tax-term\">Bahia<\/span>","<span class=\"advgb-post-tax-term\">Celebridades<\/span>","<span class=\"advgb-post-tax-term\">G1<\/span>","<span class=\"advgb-post-tax-term\">Influenciador<\/span>","<span class=\"advgb-post-tax-term\">Lauro de Freitas<\/span>","<span class=\"advgb-post-tax-term\">rodrigo amendoim<\/span>"]},"tags":{"linked":["<a href=\"https:\/\/sindaopcpb.org.br\/rodrigo-amendoim\/\" class=\"advgb-post-tax-term\">g1<\/a>"],"unlinked":["<span class=\"advgb-post-tax-term\">g1<\/span>"]}},"comment_count":"0","relative_dates":{"created":"Publicado 3 anos atr\u00e1s","modified":"Atualizado 3 anos atr\u00e1s"},"absolute_dates":{"created":"Publicado em 29 de outubro de 2023","modified":"Atualizado em 29 de outubro de 2023"},"absolute_dates_time":{"created":"Publicado em 29 de outubro de 2023 10:10","modified":"Atualizado em 29 de outubro de 2023 10:10"},"featured_img_caption":"","series_order":"","_links":{"self":[{"href":"https:\/\/sindaopcpb.org.br\/index.php\/wp-json\/wp\/v2\/posts\/40846","targetHints":{"allow":["GET"]}}],"collection":[{"href":"https:\/\/sindaopcpb.org.br\/index.php\/wp-json\/wp\/v2\/posts"}],"about":[{"href":"https:\/\/sindaopcpb.org.br\/index.php\/wp-json\/wp\/v2\/types\/post"}],"author":[{"embeddable":true,"href":"https:\/\/sindaopcpb.org.br\/index.php\/wp-json\/wp\/v2\/users\/247"}],"replies":[{"embeddable":true,"href":"https:\/\/sindaopcpb.org.br\/index.php\/wp-json\/wp\/v2\/comments?post=40846"}],"version-history":[{"count":1,"href":"https:\/\/sindaopcpb.org.br\/index.php\/wp-json\/wp\/v2\/posts\/40846\/revisions"}],"predecessor-version":[{"id":40847,"href":"https:\/\/sindaopcpb.org.br\/index.php\/wp-json\/wp\/v2\/posts\/40846\/revisions\/40847"}],"wp:attachment":[{"href":"https:\/\/sindaopcpb.org.br\/index.php\/wp-json\/wp\/v2\/media?parent=40846"}],"wp:term":[{"taxonomy":"category","embeddable":true,"href":"https:\/\/sindaopcpb.org.br\/index.php\/wp-json\/wp\/v2\/categories?post=40846"},{"taxonomy":"post_tag","embeddable":true,"href":"https:\/\/sindaopcpb.org.br\/index.php\/wp-json\/wp\/v2\/tags?post=40846"}],"curies":[{"name":"wp","href":"https:\/\/api.w.org\/{rel}","templated":true}]}}