{"id":40832,"date":"2023-10-28T18:24:25","date_gmt":"2023-10-28T21:24:25","guid":{"rendered":"https:\/\/wpa.wscom.com.br\/?p=930156"},"modified":"2023-10-28T18:24:25","modified_gmt":"2023-10-28T21:24:25","slug":"morre-em-campina-grande-o-fotografo-chico-martins","status":"publish","type":"post","link":"https:\/\/sindaopcpb.org.br\/index.php\/2023\/10\/28\/morre-em-campina-grande-o-fotografo-chico-martins\/","title":{"rendered":"Morre em Campina Grande o fot\u00f3grafo Chico Martins"},"content":{"rendered":"<p>Faleceu neste s\u00e1bado (28) o fot\u00f3grafo Chico Martins, v\u00edtima de um ataque card\u00edaco. Ele estava sob cuidados m\u00e9dicos no Hospital Jo\u00e3o XXIII, em Campina Grande.<\/p>\n<p>Ao longo de sua carreira, Francisco Martins de Oliveira contribuiu para os principais jornais da Para\u00edba, dedicando mais de tr\u00eas d\u00e9cadas de seu talento ao Correio da Para\u00edba.<\/p>\n<p>Chico deixa para tr\u00e1s a esposa Margarida Martins, os filhos Daniele, Dayane e Diego, al\u00e9m de tr\u00eas queridos netos.<\/p>\n<p>O vel\u00f3rio ser\u00e1 realizado hoje\u00a0 na Central de Vel\u00f3rio &#8220;A Viagem&#8221;, em Campina Grande.<\/p>\n<p>O post <a rel=\"nofollow noopener\" href=\"https:\/\/wscom.com.br\/morre-em-campina-grande-o-fotografo-chico-martins\/\" target=\"_blank\">Morre em Campina Grande o fot\u00f3grafo Chico Martins<\/a> apareceu primeiro em <a rel=\"nofollow noopener\" href=\"https:\/\/wscom.com.br\/\" target=\"_blank\">WSCOM<\/a>.<\/p>\n","protected":false},"excerpt":{"rendered":"<p>Faleceu neste s\u00e1bado (28) o fot\u00f3grafo Chico Martins, v\u00edtima de um ataque card\u00edaco. Ele estava sob cuidados m\u00e9dicos no Hospital Jo\u00e3o XXIII, em Campina Grande. Ao longo de sua carreira, Francisco Martins de Oliveira contribuiu para os principais jornais da Para\u00edba, dedicando mais de tr\u00eas d\u00e9cadas de seu talento ao Correio da Para\u00edba. Chico deixa [\u2026]<\/p>\n<p>O post <a rel=\"nofollow\" href=\"https:\/\/wscom.com.br\/morre-em-campina-grande-o-fotografo-chico-martins\/\">Morre em Campina Grande o fot\u00f3grafo Chico Martins<\/a> apareceu primeiro em <a rel=\"nofollow\" href=\"https:\/\/wscom.com.br\/\">WSCOM<\/a>.<\/p>\n","protected":false},"author":50,"featured_media":0,"comment_status":"closed","ping_status":"closed","sticky":false,"template":"","format":"standard","meta":{"advgb_blocks_editor_width":"","advgb_blocks_columns_visual_guide":"","footnotes":""},"categories":[824,10619,34,254,54],"tags":[35],"class_list":["post-40832","post","type-post","status-publish","format-standard","hentry","category-campina","category-chico-martins","category-g1","category-morre","category-paraiba","tag-g1"],"author_meta":{"display_name":"Wallyson","author_link":"https:\/\/sindaopcpb.org.br\/author\/wallyson\/"},"featured_img":null,"coauthors":[],"tax_additional":{"categories":{"linked":["<a href=\"https:\/\/sindaopcpb.org.br\/campina\/\" class=\"advgb-post-tax-term\">Campina<\/a>","<a href=\"https:\/\/sindaopcpb.org.br\/chico-martins\/\" class=\"advgb-post-tax-term\">chico martins<\/a>","<a href=\"https:\/\/sindaopcpb.org.br\/g1\/\" class=\"advgb-post-tax-term\">G1<\/a>","<a href=\"https:\/\/sindaopcpb.org.br\/morre\/\" class=\"advgb-post-tax-term\">morre<\/a>","<a href=\"https:\/\/sindaopcpb.org.br\/paraiba\/\" class=\"advgb-post-tax-term\">Para\u00edba<\/a>"],"unlinked":["<span class=\"advgb-post-tax-term\">Campina<\/span>","<span class=\"advgb-post-tax-term\">chico martins<\/span>","<span class=\"advgb-post-tax-term\">G1<\/span>","<span class=\"advgb-post-tax-term\">morre<\/span>","<span class=\"advgb-post-tax-term\">Para\u00edba<\/span>"]},"tags":{"linked":["<a href=\"https:\/\/sindaopcpb.org.br\/paraiba\/\" class=\"advgb-post-tax-term\">g1<\/a>"],"unlinked":["<span class=\"advgb-post-tax-term\">g1<\/span>"]}},"comment_count":"0","relative_dates":{"created":"Publicado 3 anos atr\u00e1s","modified":"Atualizado 3 anos atr\u00e1s"},"absolute_dates":{"created":"Publicado em 28 de outubro de 2023","modified":"Atualizado em 28 de outubro de 2023"},"absolute_dates_time":{"created":"Publicado em 28 de outubro de 2023 18:24","modified":"Atualizado em 28 de outubro de 2023 18:24"},"featured_img_caption":"","series_order":"","_links":{"self":[{"href":"https:\/\/sindaopcpb.org.br\/index.php\/wp-json\/wp\/v2\/posts\/40832","targetHints":{"allow":["GET"]}}],"collection":[{"href":"https:\/\/sindaopcpb.org.br\/index.php\/wp-json\/wp\/v2\/posts"}],"about":[{"href":"https:\/\/sindaopcpb.org.br\/index.php\/wp-json\/wp\/v2\/types\/post"}],"author":[{"embeddable":true,"href":"https:\/\/sindaopcpb.org.br\/index.php\/wp-json\/wp\/v2\/users\/50"}],"replies":[{"embeddable":true,"href":"https:\/\/sindaopcpb.org.br\/index.php\/wp-json\/wp\/v2\/comments?post=40832"}],"version-history":[{"count":1,"href":"https:\/\/sindaopcpb.org.br\/index.php\/wp-json\/wp\/v2\/posts\/40832\/revisions"}],"predecessor-version":[{"id":40833,"href":"https:\/\/sindaopcpb.org.br\/index.php\/wp-json\/wp\/v2\/posts\/40832\/revisions\/40833"}],"wp:attachment":[{"href":"https:\/\/sindaopcpb.org.br\/index.php\/wp-json\/wp\/v2\/media?parent=40832"}],"wp:term":[{"taxonomy":"category","embeddable":true,"href":"https:\/\/sindaopcpb.org.br\/index.php\/wp-json\/wp\/v2\/categories?post=40832"},{"taxonomy":"post_tag","embeddable":true,"href":"https:\/\/sindaopcpb.org.br\/index.php\/wp-json\/wp\/v2\/tags?post=40832"}],"curies":[{"name":"wp","href":"https:\/\/api.w.org\/{rel}","templated":true}]}}