{"id":40800,"date":"2023-10-28T11:52:05","date_gmt":"2023-10-28T14:52:05","guid":{"rendered":"https:\/\/wpa.wscom.com.br\/?p=930111"},"modified":"2023-10-28T11:52:05","modified_gmt":"2023-10-28T14:52:05","slug":"israel-amplia-ataques-e-determina-que-populacao-de-gaza-va-para-o-sul","status":"publish","type":"post","link":"https:\/\/sindaopcpb.org.br\/index.php\/2023\/10\/28\/israel-amplia-ataques-e-determina-que-populacao-de-gaza-va-para-o-sul\/","title":{"rendered":"Israel amplia ataques e determina que popula\u00e7\u00e3o de Gaza v\u00e1 para o Sul"},"content":{"rendered":"<p>Um comunicado divulgado pelo porta-voz das for\u00e7as armadas israelenses neste s\u00e1bado (28) pede que a popula\u00e7\u00e3o do norte de Gaza e da Cidade de Gaza se desloque imediatamente para o Sul. &#8220;Sua janela de agir est\u00e1 se fechando. V\u00e3o para o Sul, para sua pr\u00f3pria seguran\u00e7a&#8221;, disse. \u00a0<img decoding=\"async\" src=\"https:\/\/agenciabrasil.ebc.com.br\/ebc.png?id=1563332&amp;o=node\" alt=\"\" title=\"\"><img decoding=\"async\" src=\"https:\/\/agenciabrasil.ebc.com.br\/ebc.gif?id=1563332&amp;o=node\" alt=\"\" title=\"\"><\/p>\n<p>Israel continua a expandir a sua opera\u00e7\u00e3o terrestre em Gaza com infantaria e ve\u00edculos blindados apoiados por &#8220;ataques massivos&#8221;, a\u00e9reos e mar\u00edtimos, disse neste s\u00e1bado o porta-voz militar israelense. As for\u00e7as armadas de Israel realizaram bombardeios em Gaza durante toda a noite de sexta-feira, e, como consequ\u00eancia, centenas de edif\u00edcios ficaram &#8220;completamente destru\u00eddos&#8221;, informou neste s\u00e1bado a Defesa Civil palestina.<\/p>\n<p>O Minist\u00e9rio da Sa\u00fade de Gaza, controlado pelo grupo palestino Hamas, anunciou neste s\u00e1bado que chegou a 7.703 o n\u00famero de mortos na regi\u00e3o desde o in\u00edcio da guerra entre o Hamas e Israel, em 7 de outubro.<\/p>\n<p>Segundo Israel, os ataques com ca\u00e7as levaram \u00e0 morte do chefe do comando a\u00e9reo do Hamas, que teria participado no planeamento do ataque de 07 de outubro, que deixou mais\u00a0de 1 mil mortos e em Israel e deu in\u00edcio ao conflito.<\/p>\n<p>A Assembleia Geral da Organiza\u00e7\u00e3o das Na\u00e7\u00f5es Unidas (ONU) aprovou na sexta-feira (27), com 120 votos favor\u00e1veis e 14 contr\u00e1rios, a proposta de resolu\u00e7\u00e3o sobre o conflito no Oriente M\u00e9dio apresentada pela Jord\u00e2nia e que foi assinada por 39 pa\u00edses com assento no colegiado. A proposta aprovada pede uma \u201ctr\u00e9gua humanit\u00e1ria imediata, duradoura e sustentada que conduza ao cessar das hostilidades\u201d.<\/p>\n<p>O documento pede ainda \u201ca liberta\u00e7\u00e3o imediata e incondicional de todos os civis que permanecem ilegalmente mantidos em cativeiro\u201d.<\/p>\n<p>A Organiza\u00e7\u00e3o N\u00e3o Governamental M\u00e9dicos Sem Fronteiras tamb\u00e9m fez um apelo pelo fim dos conflitos.<\/p>\n<p>&#8220;J\u00e1 \u00e9 tempo de por fim ao derramamento de sangue indiscriminado e os ataques maci\u00e7os em Gaza. Hoje \u00e9 imposs\u00edvel aos nossos colegas trabalhar em seguran\u00e7a devido aos ataques generalizados ao sistema de sa\u00fade, que afetaram hospitais, ambul\u00e2ncias, pessoal m\u00e9dico e os doentes. Os profissionais do MSF que permanecem no norte de Gaza dizem-nos que est\u00e3o exaustos, tanto mental como fisicamente&#8221;, afirmou a diretora executiva da organiza\u00e7\u00e3o, Avril Beno\u00eet.<\/p>\n<p><em>*Com informa\u00e7\u00e3o das ag\u00eancias Reuters, Lusa e RTP<\/em><\/p>\n<p>O post <a rel=\"nofollow noopener\" href=\"https:\/\/wscom.com.br\/israel-amplia-ataques-e-determina-que-populacao-de-gaza-va-para-o-sul\/\" target=\"_blank\">Israel amplia ataques e determina que popula\u00e7\u00e3o de Gaza v\u00e1 para o Sul<\/a> apareceu primeiro em <a rel=\"nofollow noopener\" href=\"https:\/\/wscom.com.br\/\" target=\"_blank\">WSCOM<\/a>.<\/p>\n","protected":false},"excerpt":{"rendered":"<p>Um comunicado divulgado pelo porta-voz das for\u00e7as armadas israelenses neste s\u00e1bado (28) pede que a popula\u00e7\u00e3o do norte de Gaza e da Cidade de Gaza se desloque imediatamente para o Sul. \u201cSua janela de agir est\u00e1 se fechando. V\u00e3o para o Sul, para sua pr\u00f3pria seguran\u00e7a\u201d, disse. \u00a0 Israel continua a expandir a sua opera\u00e7\u00e3o [\u2026]<\/p>\n<p>O post <a rel=\"nofollow\" href=\"https:\/\/wscom.com.br\/israel-amplia-ataques-e-determina-que-populacao-de-gaza-va-para-o-sul\/\">Israel amplia ataques e determina que popula\u00e7\u00e3o de Gaza v\u00e1 para o Sul<\/a> apareceu primeiro em <a rel=\"nofollow\" href=\"https:\/\/wscom.com.br\/\">WSCOM<\/a>.<\/p>\n","protected":false},"author":50,"featured_media":0,"comment_status":"closed","ping_status":"closed","sticky":false,"template":"","format":"standard","meta":{"advgb_blocks_editor_width":"","advgb_blocks_columns_visual_guide":"","footnotes":""},"categories":[34,10000,111,9893,7477],"tags":[35],"class_list":["post-40800","post","type-post","status-publish","format-standard","hentry","category-g1","category-gaza","category-internacional","category-israel","category-sul","tag-g1"],"author_meta":{"display_name":"Wallyson","author_link":"https:\/\/sindaopcpb.org.br\/author\/wallyson\/"},"featured_img":null,"coauthors":[],"tax_additional":{"categories":{"linked":["<a href=\"https:\/\/sindaopcpb.org.br\/g1\/\" class=\"advgb-post-tax-term\">G1<\/a>","<a href=\"https:\/\/sindaopcpb.org.br\/gaza\/\" class=\"advgb-post-tax-term\">gaza<\/a>","<a href=\"https:\/\/sindaopcpb.org.br\/internacional\/\" class=\"advgb-post-tax-term\">Internacional<\/a>","<a href=\"https:\/\/sindaopcpb.org.br\/israel\/\" class=\"advgb-post-tax-term\">israel<\/a>","<a href=\"https:\/\/sindaopcpb.org.br\/sul\/\" class=\"advgb-post-tax-term\">Sul<\/a>"],"unlinked":["<span class=\"advgb-post-tax-term\">G1<\/span>","<span class=\"advgb-post-tax-term\">gaza<\/span>","<span class=\"advgb-post-tax-term\">Internacional<\/span>","<span class=\"advgb-post-tax-term\">israel<\/span>","<span class=\"advgb-post-tax-term\">Sul<\/span>"]},"tags":{"linked":["<a href=\"https:\/\/sindaopcpb.org.br\/sul\/\" class=\"advgb-post-tax-term\">g1<\/a>"],"unlinked":["<span class=\"advgb-post-tax-term\">g1<\/span>"]}},"comment_count":"0","relative_dates":{"created":"Publicado 3 anos atr\u00e1s","modified":"Atualizado 3 anos atr\u00e1s"},"absolute_dates":{"created":"Publicado em 28 de outubro de 2023","modified":"Atualizado em 28 de outubro de 2023"},"absolute_dates_time":{"created":"Publicado em 28 de outubro de 2023 11:52","modified":"Atualizado em 28 de outubro de 2023 11:52"},"featured_img_caption":"","series_order":"","_links":{"self":[{"href":"https:\/\/sindaopcpb.org.br\/index.php\/wp-json\/wp\/v2\/posts\/40800","targetHints":{"allow":["GET"]}}],"collection":[{"href":"https:\/\/sindaopcpb.org.br\/index.php\/wp-json\/wp\/v2\/posts"}],"about":[{"href":"https:\/\/sindaopcpb.org.br\/index.php\/wp-json\/wp\/v2\/types\/post"}],"author":[{"embeddable":true,"href":"https:\/\/sindaopcpb.org.br\/index.php\/wp-json\/wp\/v2\/users\/50"}],"replies":[{"embeddable":true,"href":"https:\/\/sindaopcpb.org.br\/index.php\/wp-json\/wp\/v2\/comments?post=40800"}],"version-history":[{"count":1,"href":"https:\/\/sindaopcpb.org.br\/index.php\/wp-json\/wp\/v2\/posts\/40800\/revisions"}],"predecessor-version":[{"id":40801,"href":"https:\/\/sindaopcpb.org.br\/index.php\/wp-json\/wp\/v2\/posts\/40800\/revisions\/40801"}],"wp:attachment":[{"href":"https:\/\/sindaopcpb.org.br\/index.php\/wp-json\/wp\/v2\/media?parent=40800"}],"wp:term":[{"taxonomy":"category","embeddable":true,"href":"https:\/\/sindaopcpb.org.br\/index.php\/wp-json\/wp\/v2\/categories?post=40800"},{"taxonomy":"post_tag","embeddable":true,"href":"https:\/\/sindaopcpb.org.br\/index.php\/wp-json\/wp\/v2\/tags?post=40800"}],"curies":[{"name":"wp","href":"https:\/\/api.w.org\/{rel}","templated":true}]}}