{"id":40777,"date":"2023-10-28T09:00:33","date_gmt":"2023-10-28T12:00:33","guid":{"rendered":"https:\/\/wpa.wscom.com.br\/?p=930080"},"modified":"2023-10-28T09:00:33","modified_gmt":"2023-10-28T12:00:33","slug":"paraibanos-lukete-e-renan-uchoa-lancam-single-e-videoclipe-de-deu-certo-pra-carai","status":"publish","type":"post","link":"https:\/\/sindaopcpb.org.br\/index.php\/2023\/10\/28\/paraibanos-lukete-e-renan-uchoa-lancam-single-e-videoclipe-de-deu-certo-pra-carai\/","title":{"rendered":"Paraibanos Lukete e Renan Uch\u00f4a lan\u00e7am single e videoclipe de \u2018Deu certo pra carai\u2019"},"content":{"rendered":"<p>Os artistas paraibanos, Lukete e Renan Uch\u00f4a, lan\u00e7aram hoje o single \u201cDeu certo pra carai\u201d, j\u00e1 dispon\u00edvel em todas as plataformas digitais e tamb\u00e9m videoclipe no youtube.<\/p>\n<p>\u201cDeu certo pra cara\u00ed\u201d \u00e9 um samba composto por Lukete e Renan, com produ\u00e7\u00e3o musical de Jader Finamore.<\/p>\n<p>Sobre a can\u00e7\u00e3o, Lukete disse: \u201cEssa m\u00fasica surgiu atrav\u00e9s da lembran\u00e7a de um personagem que interpretei, Jas\u00e3o, na cl\u00e1ssica pe\u00e7a \u201cGota D\u2019\u00e1gua\u201d, de Chico Buarque e Paulo Pontes, onde eu Renan surfamos na inten\u00e7\u00e3o de um samba cl\u00e1ssico e escrevemos uma letra que traz a mensagem de que n\u00e3o \u00e9 porqu\u00ea um casal terminou um relacionamento que n\u00e3o deu certo. Pelo contr\u00e1rio: pode ter dado certo pra carai\u201d.<\/p>\n<p>O samba foi mixado e masterizado pelo renomado e premiado engenheiro de som americano Chris Lord-Alge com colabora\u00e7\u00e3o de Michael Nakabayashi (happenstance \u00e1udio). O engenheiro j\u00e1 mixou e masterizou trabalhos de Tina Turner, Madonna, Michael Jackson, entre outros artistas. Tal feito ocorreu atrav\u00e9s de um curso online que o produtor musical participou com o renomado engenheiro de som e a m\u00fasica foi escolhida pelo mesmo entre as mais de 700 can\u00e7\u00f5es participantes dos demais alunos do curso.<\/p>\n<p>O videoclipe assinado por Max Brito foi gravado no tradicional bar Cabe\u00e7a de Galo, no bairro do R\u00f3ger.<\/p>\n<p>Esse single \u00e9 o primeiro lan\u00e7ado por Lukete, ap\u00f3s novela Mar do Sert\u00e3o, onde interpretou dois personagens, Casimiro e o poeta cantador Jr. Palmito. O multiartista ainda lan\u00e7ar\u00e1 este ano outro single, \u201cEcl\u00e9tica de Sentimento\u201d, um rap, composto por ele, Felipe Morais, Leonardo Euro e Duailibe, que assina a produ\u00e7\u00e3o musical. Lukete j\u00e1 est\u00e1 em est\u00fadio gravando o seu primeiro \u00e1lbum solo, com m\u00fasicas autorais, que est\u00e1 programado para ser lan\u00e7ado no primeiro semestre de 2024. Em paralelo est\u00e1 fazendo shows com a sua banda Lukete e Seus Renatos, e sua carreira de poeta, tamb\u00e9m com um show inovador.<\/p>\n<p>Escute o single: <strong><a href=\"https:\/\/onerpm.link\/761113891378\" rel=\"nofollow noopener\" target=\"_blank\">https:\/\/onerpm.link\/761113891378<\/a><\/strong><br \/>\nAssista o videoclipe<\/p>\n<p><iframe loading=\"lazy\" title=\"LUKETE + RENAN UCH\u00d4A - DEU CERTO PRA CARAI\" width=\"600\" height=\"338\" src=\"https:\/\/www.youtube.com\/embed\/yNShXRHYgrY?feature=oembed\" frameborder=\"0\" allow=\"accelerometer; autoplay; clipboard-write; encrypted-media; gyroscope; picture-in-picture; web-share\" allowfullscreen><\/iframe><\/p>\n<p>&#8211; Redes sociais \/ plataformas digitais:<br \/>\n<strong>Lukete<\/strong>:<\/p>\n<p><a href=\"https:\/\/instagram.com\/lukete00?igshid=MzRlODBiNWFlZA==\" rel=\"nofollow noopener\" target=\"_blank\">https:\/\/instagram.com\/lukete00?igshid=MzRlODBiNWFlZA==<\/a><\/p>\n<p><a href=\"https:\/\/open.spotify.com\/artist\/5SsimkDB1RgDsY45d7lRic?si=6Fs47kQcTfKsYfFLjpTGYQ\" rel=\"nofollow noopener\" target=\"_blank\">https:\/\/open.spotify.com\/artist\/5SsimkDB1RgDsY45d7lRic?si=6Fs47kQcTfKsYfFLjpTGYQ<\/a><\/p>\n<p><strong>Renan:<\/strong><\/p>\n<p><a href=\"https:\/\/instagram.com\/renanuchoa?igshid=MzRlODBiNWFlZA==\" rel=\"nofollow noopener\" target=\"_blank\">https:\/\/instagram.com\/renanuchoa?igshid=MzRlODBiNWFlZA==<\/a><\/p>\n<p><a href=\"https:\/\/open.spotify.com\/artist\/0bEVepyjnuqLYKlQRVLB1R?si=mszU3aGIRICUOS-STC77Jg\" rel=\"nofollow noopener\" target=\"_blank\">https:\/\/open.spotify.com\/artist\/0bEVepyjnuqLYKlQRVLB1R?si=mszU3aGIRICUOS-STC77Jg<\/a><\/p>\n<p><strong>Jader Finamore:<\/strong><\/p>\n<p><a href=\"https:\/\/instagram.com\/jaderfinamore?igshid=MzRlODBiNWFlZA==\" rel=\"nofollow noopener\" target=\"_blank\">https:\/\/instagram.com\/jaderfinamore?igshid=MzRlODBiNWFlZA==<\/a><\/p>\n<p>Contato para shows: <strong>contatolukete@gmail.com<\/strong><\/p>\n<p><strong>FICHA T\u00c9CNICA<\/strong><\/p>\n<p>LETRA:<br \/>\nN\u00e3o me fa\u00e7a de ot\u00e1rio,<br \/>\nMe d\u00ea o invent\u00e1rio de quem inventou sobre mim<br \/>\nE qual inventado que te fez agir assim<br \/>\nParece que n\u00e3o<br \/>\nMe conheces mais<br \/>\nPadece chorando com teus tantos ais<br \/>\nA\u00ed a\u00ed a\u00ed<br \/>\nSugiro pensar sobre o que faz<br \/>\nSugiro pensar mais no amor<br \/>\nSugiro agir com mais pudor<br \/>\nE n\u00e3o escutar conselho tais<br \/>\nA gente deu certo pra carai<br \/>\nAt\u00e9 o momento que n\u00e3o deu mais<br \/>\nA gente deu certo pra carai<br \/>\nAt\u00e9 o momento que n\u00e3o deu mais<\/p>\n<p>Int\u00e9rpretes: Lukete, Renan Uch\u00f4a<br \/>\nCompositores: Lukete, Renan Uch\u00f4a<br \/>\nEditora: Manguezal<br \/>\nProdu\u00e7\u00e3o musical: Jader Finamore<br \/>\nMixagem e Masteriza\u00e7\u00e3o: Chris Lord-Alge e Michael Nakabayashi (happenstance \u00e1udio).<\/p>\n<p>Filmagem: Max Brito<br \/>\nEdi\u00e7\u00e3o de v\u00eddeo: Renato Silva<br \/>\nAssistentes de produ\u00e7\u00e3o: Kaio Cajon e Pedro Delgado<br \/>\nLoca\u00e7\u00e3o: Cabe\u00e7a de galo bar, R\u00f3ger, Jo\u00e3o Pessoa\/PB<br \/>\nAg\u00eancia publicit\u00e1ria: Batente Est\u00fadio \u2013 JG Cavalcanti e Marcela Quirino<br \/>\nProdu\u00e7\u00e3o Executiva: Mar\u00edlia Rosado Maia<\/p>\n<p>O post <a rel=\"nofollow noopener\" href=\"https:\/\/wscom.com.br\/paraibanos-lukete-e-renan-uchoa-lancam-single-e-videoclipe-de-deu-certo-pra-carai\/\" target=\"_blank\">Paraibanos Lukete e Renan Uch\u00f4a lan\u00e7am single e videoclipe de &#8216;Deu certo pra carai&#8217;<\/a> apareceu primeiro em <a rel=\"nofollow noopener\" href=\"https:\/\/wscom.com.br\/\" target=\"_blank\">WSCOM<\/a>.<\/p>\n","protected":false},"excerpt":{"rendered":"<p>Os artistas paraibanos, Lukete e Renan Uch\u00f4a, lan\u00e7aram hoje o single \u201cDeu certo pra carai\u201d, j\u00e1 dispon\u00edvel em todas as plataformas digitais e tamb\u00e9m videoclipe no youtube. \u201cDeu certo pra cara\u00ed\u201d \u00e9 um samba composto por Lukete e Renan, com produ\u00e7\u00e3o musical de Jader Finamore. Sobre a can\u00e7\u00e3o, Lukete disse: \u201cEssa m\u00fasica surgiu atrav\u00e9s da [\u2026]<\/p>\n<p>O post <a rel=\"nofollow\" href=\"https:\/\/wscom.com.br\/paraibanos-lukete-e-renan-uchoa-lancam-single-e-videoclipe-de-deu-certo-pra-carai\/\">Paraibanos Lukete e Renan Uch\u00f4a lan\u00e7am single e videoclipe de \u2018Deu certo pra carai\u2019<\/a> apareceu primeiro em <a rel=\"nofollow\" href=\"https:\/\/wscom.com.br\/\">WSCOM<\/a>.<\/p>\n","protected":false},"author":50,"featured_media":0,"comment_status":"closed","ping_status":"closed","sticky":false,"template":"","format":"standard","meta":{"advgb_blocks_editor_width":"","advgb_blocks_columns_visual_guide":"","footnotes":""},"categories":[34,10609,302,10010],"tags":[35],"class_list":["post-40777","post","type-post","status-publish","format-standard","hentry","category-g1","category-lukete","category-musica","category-renan","tag-g1"],"author_meta":{"display_name":"Wallyson","author_link":"https:\/\/sindaopcpb.org.br\/author\/wallyson\/"},"featured_img":null,"coauthors":[],"tax_additional":{"categories":{"linked":["<a href=\"https:\/\/sindaopcpb.org.br\/g1\/\" class=\"advgb-post-tax-term\">G1<\/a>","<a href=\"https:\/\/sindaopcpb.org.br\/lukete\/\" class=\"advgb-post-tax-term\">Lukete<\/a>","<a href=\"https:\/\/sindaopcpb.org.br\/musica\/\" class=\"advgb-post-tax-term\">M\u00fasica<\/a>","<a href=\"https:\/\/sindaopcpb.org.br\/renan\/\" class=\"advgb-post-tax-term\">Renan<\/a>"],"unlinked":["<span class=\"advgb-post-tax-term\">G1<\/span>","<span class=\"advgb-post-tax-term\">Lukete<\/span>","<span class=\"advgb-post-tax-term\">M\u00fasica<\/span>","<span class=\"advgb-post-tax-term\">Renan<\/span>"]},"tags":{"linked":["<a href=\"https:\/\/sindaopcpb.org.br\/renan\/\" class=\"advgb-post-tax-term\">g1<\/a>"],"unlinked":["<span class=\"advgb-post-tax-term\">g1<\/span>"]}},"comment_count":"0","relative_dates":{"created":"Publicado 3 anos atr\u00e1s","modified":"Atualizado 3 anos atr\u00e1s"},"absolute_dates":{"created":"Publicado em 28 de outubro de 2023","modified":"Atualizado em 28 de outubro de 2023"},"absolute_dates_time":{"created":"Publicado em 28 de outubro de 2023 09:00","modified":"Atualizado em 28 de outubro de 2023 09:00"},"featured_img_caption":"","series_order":"","_links":{"self":[{"href":"https:\/\/sindaopcpb.org.br\/index.php\/wp-json\/wp\/v2\/posts\/40777","targetHints":{"allow":["GET"]}}],"collection":[{"href":"https:\/\/sindaopcpb.org.br\/index.php\/wp-json\/wp\/v2\/posts"}],"about":[{"href":"https:\/\/sindaopcpb.org.br\/index.php\/wp-json\/wp\/v2\/types\/post"}],"author":[{"embeddable":true,"href":"https:\/\/sindaopcpb.org.br\/index.php\/wp-json\/wp\/v2\/users\/50"}],"replies":[{"embeddable":true,"href":"https:\/\/sindaopcpb.org.br\/index.php\/wp-json\/wp\/v2\/comments?post=40777"}],"version-history":[{"count":1,"href":"https:\/\/sindaopcpb.org.br\/index.php\/wp-json\/wp\/v2\/posts\/40777\/revisions"}],"predecessor-version":[{"id":40779,"href":"https:\/\/sindaopcpb.org.br\/index.php\/wp-json\/wp\/v2\/posts\/40777\/revisions\/40779"}],"wp:attachment":[{"href":"https:\/\/sindaopcpb.org.br\/index.php\/wp-json\/wp\/v2\/media?parent=40777"}],"wp:term":[{"taxonomy":"category","embeddable":true,"href":"https:\/\/sindaopcpb.org.br\/index.php\/wp-json\/wp\/v2\/categories?post=40777"},{"taxonomy":"post_tag","embeddable":true,"href":"https:\/\/sindaopcpb.org.br\/index.php\/wp-json\/wp\/v2\/tags?post=40777"}],"curies":[{"name":"wp","href":"https:\/\/api.w.org\/{rel}","templated":true}]}}