{"id":40728,"date":"2023-10-27T17:20:00","date_gmt":"2023-10-27T20:20:00","guid":{"rendered":"https:\/\/www.infomoney.com.br\/?p=2281105"},"modified":"2023-10-27T17:20:00","modified_gmt":"2023-10-27T20:20:00","slug":"costa-filho-estamos-assinando-hoje-a-nao-privatizacao-do-porto-de-santos","status":"publish","type":"post","link":"https:\/\/sindaopcpb.org.br\/index.php\/2023\/10\/27\/costa-filho-estamos-assinando-hoje-a-nao-privatizacao-do-porto-de-santos\/","title":{"rendered":"Costa Filho: Estamos assinando hoje a n\u00e3o privatiza\u00e7\u00e3o do Porto de Santos"},"content":{"rendered":"<p><img loading=\"lazy\" width=\"300\" height=\"186\" src=\"https:\/\/www.infomoney.com.br\/wp-content\/uploads\/2022\/07\/Porto-de-Santos.jpg?fit=300%2C186&amp;quality=70&amp;strip=all\" class=\"attachment-medium size-medium wp-post-image\" alt=\"Porto de Santos\" decoding=\"async\" style=\"float:right; margin:0 0 10px 10px;\" srcset=\"https:\/\/www.infomoney.com.br\/wp-content\/uploads\/2022\/07\/Porto-de-Santos.jpg?w=2560&amp;quality=70&amp;strip=all 2560w, https:\/\/www.infomoney.com.br\/wp-content\/uploads\/2022\/07\/Porto-de-Santos.jpg?w=300&amp;quality=70&amp;strip=all 300w, https:\/\/www.infomoney.com.br\/wp-content\/uploads\/2022\/07\/Porto-de-Santos.jpg?w=768&amp;quality=70&amp;strip=all 768w, https:\/\/www.infomoney.com.br\/wp-content\/uploads\/2022\/07\/Porto-de-Santos.jpg?w=1280&amp;quality=70&amp;strip=all 1280w, https:\/\/www.infomoney.com.br\/wp-content\/uploads\/2022\/07\/Porto-de-Santos.jpg?w=1536&amp;quality=70&amp;strip=all 1536w, https:\/\/www.infomoney.com.br\/wp-content\/uploads\/2022\/07\/Porto-de-Santos.jpg?w=2048&amp;quality=70&amp;strip=all 2048w, https:\/\/www.infomoney.com.br\/wp-content\/uploads\/2022\/07\/Porto-de-Santos.jpg?w=150&amp;quality=70&amp;strip=all 150w\" sizes=\"auto, (max-width: 300px) 100vw, 300px\" data-attachment-id=\"1902060\" data-permalink=\"https:\/\/www.infomoney.com.br\/negocios\/decreto-inclui-porto-de-santos-no-programa-nacional-de-desestatizacao\/attachment\/porto-de-santos-2\/\" data-orig-file=\"https:\/\/www.infomoney.com.br\/wp-content\/uploads\/2022\/07\/Porto-de-Santos.jpg?fit=2560%2C1590&amp;quality=70&amp;strip=all\" data-orig-size=\"2560,1590\" data-comments-opened=\"0\" data-image-meta=\"{&quot;aperture&quot;:&quot;0&quot;,&quot;credit&quot;:&quot;&quot;,&quot;camera&quot;:&quot;&quot;,&quot;caption&quot;:&quot;&quot;,&quot;created_timestamp&quot;:&quot;0&quot;,&quot;copyright&quot;:&quot;&quot;,&quot;focal_length&quot;:&quot;0&quot;,&quot;iso&quot;:&quot;0&quot;,&quot;shutter_speed&quot;:&quot;0&quot;,&quot;title&quot;:&quot;&quot;,&quot;orientation&quot;:&quot;0&quot;}\" data-image-title=\"Porto de Santos\" data-image-description=\"&lt;p&gt;Imagem a\u00e9rea do porto de Santos&lt;\/p&gt;\n\" data-image-caption=\"&lt;p&gt;Imagem a\u00e9rea do porto de Santos&lt;\/p&gt;\n\" data-medium-file=\"https:\/\/www.infomoney.com.br\/wp-content\/uploads\/2022\/07\/Porto-de-Santos.jpg?fit=300%2C186&amp;quality=70&amp;strip=all\" data-large-file=\"https:\/\/www.infomoney.com.br\/wp-content\/uploads\/2022\/07\/Porto-de-Santos.jpg?fit=1280%2C795&amp;quality=70&amp;strip=all\" title=\"\"><\/p>\n<p>O ministro de Portos e Aeroportos, Silvio Costa Filho, assina nesta sexta-feira (27), a retirada do Porto de Santos do Programa Nacional de Desestatiza&ccedil;&atilde;o (PND). Com isso, encerra a possibilidade de privatiza&ccedil;&atilde;o do terminal portu&aacute;rio.<\/p>\n<p>&ldquo;A decis&atilde;o do presidente Lula &eacute; pela n&atilde;o privatiza&ccedil;&atilde;o do Porto de Santos. Vamos esquecer esse debate para trazer mais previsibilidade para os investimentos&rdquo;, afirmou o ministro durante cerim&ocirc;nia promovida na cidade do litoral paulista.<\/p>\n<p>A decis&atilde;o da Uni&atilde;o permite que a iniciativa privada invista apenas em obras estruturantes no terminal. Como exemplo, Costa Filho citou projetos de mobilidade urbana e dragagem.<\/p>\n<p>Entre as obras de acesso, o pol&iacute;tico destacou que o t&uacute;nel Santos-Guaruj&aacute; deve sair do papel em breve, com a apresenta&ccedil;&atilde;o do projeto inicial ainda em 2023. J&aacute; a obra deve come&ccedil;ar em 2024.<\/p>\n<p>No total, s&atilde;o R$ 13 bilh&otilde;es em investimentos previstos para o Porto de Santos em um per&iacute;odo de cinco a oito anos.<\/p>\n<p>Segundo Costa Filho, a Uni&atilde;o e o Estado de S&atilde;o Paulo t&ecirc;m dialogado sobre os recursos necess&aacute;rios para custear as obras. &ldquo;O foco do Lula &eacute; ampliar di&aacute;logo com Tarc&iacute;sio para trabalhar em conjunto.&rdquo;<\/p>\n<\/p>\n<div class=\"cta-end\">\n<div class=\"im-cta\" >\n<div class=\"im-shortcode-forms bg-light bg-opacity-25 border rounded-4 p-3 p-sm-4 p-md-3 p-lg-4 px-xxl-5 my-5\" data-configuration='{\"form_name\":false,\"form_hat\":\"Newsletter\",\"form_email\":true,\"form_icon\":\"newsletter\",\"form_phone\":false,\"form_campaign\":\"NIM\",\"form_thankyou\":\"\",\"form_journey\":\"APIEvent-26a5198d-8e09-06ef-5f80-cd9127757ad1\",\"form_button\":\"Quero receber\",\"form_context\":\"newsletter\",\"form_origin\":\"https:\\\/\\\/www.infomoney.com.br\\\/politica\\\/feed\\\/?utm_medium=materia&#038;utm_source=infomoney&#038;utm_campaign=NIM&#038;utm_term=politica&#038;utm_content=newsletter\",\"form_position\":\"final\",\"form_category\":\"cta_form\"}'>\n<div class=\"d-flex flex-column align-items-center align-items-lg-start mb-4 flex-lg-row\">\n<div class=\"rounded-circle mb-2 mb-lg-0 mr-lg-4 me-lg-4 p-3 p-lg-4 bg-blue-400\"><svg width=\"40\" height=\"40\" viewBox=\"0 0 40 40\" fill=\"none\" xmlns=\"http:\/\/www.w3.org\/2000\/svg\"><path d=\"M20 20.25 6.042 11.042v19.041c0 .167.048.299.146.396a.535.535 0 0 0 .395.146h15.792V32.5H6.583a2.328 2.328 0 0 1-1.708-.708 2.328 2.328 0 0 1-.708-1.709V9.917c0-.667.236-1.236.708-1.709A2.328 2.328 0 0 1 6.583 7.5h26.834c.666 0 1.236.236 1.708.708a2.33 2.33 0 0 1 .708 1.709v12.458h-1.875V11.042L20 20.25Zm0-2 13.667-8.875H6.333L20 18.25Zm11.75 18.958-1.292-1.333 3.334-3.375h-9v-1.875h9l-3.375-3.417 1.333-1.291 5.667 5.625-5.667 5.666ZM6.042 11.042v20.791-9.458.25-13.25 1.667Z\" fill=\"#fff\"\/><\/svg><\/div>\n<div class=\"flex-fill text-center text-lg-left\">\n<div class=\"h6 small text-orange-700 lh-base mb-1\">Newsletter<\/div>\n<div class=\"text-body h4 m-0\">Infomorning<\/div>\n<div class=\"text-body small lh-base mt-2\">Receba no seu e-mail logo pela manh&atilde; as not&iacute;cias que v&atilde;o mexer com os mercados, com os seus investimentos e o seu bolso durante o dia<\/div>\n<\/div>\n<\/div>\n<\/div>\n<\/div>\n<\/div>\n<p>The post <a rel=\"nofollow noopener\" href=\"https:\/\/www.infomoney.com.br\/politica\/costa-filho-estamos-assinando-hoje-a-nao-privatizacao-do-porto-de-santos\/\" target=\"_blank\">Costa Filho: Estamos assinando hoje a n\u00e3o privatiza\u00e7\u00e3o do Porto de Santos<\/a> appeared first on <a rel=\"nofollow noopener\" href=\"https:\/\/www.infomoney.com.br\/\" target=\"_blank\">InfoMoney<\/a>.<\/p>\n","protected":false},"excerpt":{"rendered":"<p><img loading=\"lazy\" decoding=\"async\" width=\"300\" height=\"186\" src=\"https:\/\/www.infomoney.com.br\/wp-content\/uploads\/2022\/07\/Porto-de-Santos.jpg?fit=300%2C186&amp;quality=70&amp;strip=all\" class=\"attachment-medium size-medium wp-post-image\" alt=\"Porto de Santos\" data-attachment-id=\"1902060\" data-permalink=\"https:\/\/www.infomoney.com.br\/negocios\/decreto-inclui-porto-de-santos-no-programa-nacional-de-desestatizacao\/attachment\/porto-de-santos-2\/\" data-orig-file=\"https:\/\/www.infomoney.com.br\/wp-content\/uploads\/2022\/07\/Porto-de-Santos.jpg?fit=2560%2C1590&amp;quality=70&amp;strip=all\" data-orig-size=\"2560,1590\" data-comments-opened=\"0\" data-image-meta='{\"aperture\":\"0\",\"credit\":\"\",\"camera\":\"\",\"caption\":\"\",\"created_timestamp\":\"0\",\"copyright\":\"\",\"focal_length\":\"0\",\"iso\":\"0\",\"shutter_speed\":\"0\",\"title\":\"\",\"orientation\":\"0\"}' data-image-title=\"Porto de Santos\" data-image-description=\"&lt;p&gt;Imagem a\u00e9rea do porto de Santos&lt;\/p&gt;\n\" data-image-caption=\"&lt;p&gt;Imagem a\u00e9rea do porto de Santos&lt;\/p&gt;\n\" data-medium-file=\"https:\/\/www.infomoney.com.br\/wp-content\/uploads\/2022\/07\/Porto-de-Santos.jpg?fit=300%2C186&amp;quality=70&amp;strip=all\" data-large-file=\"https:\/\/www.infomoney.com.br\/wp-content\/uploads\/2022\/07\/Porto-de-Santos.jpg?fit=1280%2C795&amp;quality=70&amp;strip=all\">&#8216;Vamos esquecer esse debate para trazer mais previsibilidade para os investimentos&#8217;, afirmou o ministro<\/p>\n<p>The post <a rel=\"nofollow\" href=\"https:\/\/www.infomoney.com.br\/politica\/costa-filho-estamos-assinando-hoje-a-nao-privatizacao-do-porto-de-santos\/\">Costa Filho: Estamos assinando hoje a n\u00e3o privatiza\u00e7\u00e3o do Porto de Santos<\/a> appeared first on <a rel=\"nofollow\" href=\"https:\/\/www.infomoney.com.br\/\">InfoMoney<\/a>.<\/p>\n","protected":false},"author":43,"featured_media":0,"comment_status":"closed","ping_status":"closed","sticky":false,"template":"","format":"standard","meta":{"advgb_blocks_editor_width":"","advgb_blocks_columns_visual_guide":"","footnotes":""},"categories":[34,1594,47,364,365],"tags":[35],"class_list":["post-40728","post","type-post","status-publish","format-standard","hentry","category-g1","category-ministerio-de-portos-e-aeroportos","category-politica","category-porto-de-santos","category-privatizacao","tag-g1"],"author_meta":{"display_name":"Estad\u00e3o Conte\u00fado","author_link":"https:\/\/sindaopcpb.org.br\/author\/estadao-conteudo\/"},"featured_img":null,"coauthors":[],"tax_additional":{"categories":{"linked":["<a href=\"https:\/\/sindaopcpb.org.br\/g1\/\" class=\"advgb-post-tax-term\">G1<\/a>","<a href=\"https:\/\/sindaopcpb.org.br\/ministerio-de-portos-e-aeroportos\/\" class=\"advgb-post-tax-term\">Minist\u00e9rio de Portos e Aeroportos<\/a>","<a href=\"https:\/\/sindaopcpb.org.br\/politica\/\" class=\"advgb-post-tax-term\">POLITICA<\/a>","<a href=\"https:\/\/sindaopcpb.org.br\/porto-de-santos\/\" class=\"advgb-post-tax-term\">Porto de Santos<\/a>","<a href=\"https:\/\/sindaopcpb.org.br\/privatizacao\/\" class=\"advgb-post-tax-term\">Privatiza\u00e7\u00e3o<\/a>"],"unlinked":["<span class=\"advgb-post-tax-term\">G1<\/span>","<span class=\"advgb-post-tax-term\">Minist\u00e9rio de Portos e Aeroportos<\/span>","<span class=\"advgb-post-tax-term\">POLITICA<\/span>","<span class=\"advgb-post-tax-term\">Porto de Santos<\/span>","<span class=\"advgb-post-tax-term\">Privatiza\u00e7\u00e3o<\/span>"]},"tags":{"linked":["<a href=\"https:\/\/sindaopcpb.org.br\/privatizacao\/\" class=\"advgb-post-tax-term\">g1<\/a>"],"unlinked":["<span class=\"advgb-post-tax-term\">g1<\/span>"]}},"comment_count":"0","relative_dates":{"created":"Publicado 3 anos atr\u00e1s","modified":"Atualizado 3 anos atr\u00e1s"},"absolute_dates":{"created":"Publicado em 27 de outubro de 2023","modified":"Atualizado em 27 de outubro de 2023"},"absolute_dates_time":{"created":"Publicado em 27 de outubro de 2023 17:20","modified":"Atualizado em 27 de outubro de 2023 17:20"},"featured_img_caption":"","series_order":"","_links":{"self":[{"href":"https:\/\/sindaopcpb.org.br\/index.php\/wp-json\/wp\/v2\/posts\/40728","targetHints":{"allow":["GET"]}}],"collection":[{"href":"https:\/\/sindaopcpb.org.br\/index.php\/wp-json\/wp\/v2\/posts"}],"about":[{"href":"https:\/\/sindaopcpb.org.br\/index.php\/wp-json\/wp\/v2\/types\/post"}],"author":[{"embeddable":true,"href":"https:\/\/sindaopcpb.org.br\/index.php\/wp-json\/wp\/v2\/users\/43"}],"replies":[{"embeddable":true,"href":"https:\/\/sindaopcpb.org.br\/index.php\/wp-json\/wp\/v2\/comments?post=40728"}],"version-history":[{"count":1,"href":"https:\/\/sindaopcpb.org.br\/index.php\/wp-json\/wp\/v2\/posts\/40728\/revisions"}],"predecessor-version":[{"id":40729,"href":"https:\/\/sindaopcpb.org.br\/index.php\/wp-json\/wp\/v2\/posts\/40728\/revisions\/40729"}],"wp:attachment":[{"href":"https:\/\/sindaopcpb.org.br\/index.php\/wp-json\/wp\/v2\/media?parent=40728"}],"wp:term":[{"taxonomy":"category","embeddable":true,"href":"https:\/\/sindaopcpb.org.br\/index.php\/wp-json\/wp\/v2\/categories?post=40728"},{"taxonomy":"post_tag","embeddable":true,"href":"https:\/\/sindaopcpb.org.br\/index.php\/wp-json\/wp\/v2\/tags?post=40728"}],"curies":[{"name":"wp","href":"https:\/\/api.w.org\/{rel}","templated":true}]}}