{"id":40723,"date":"2023-10-27T16:28:43","date_gmt":"2023-10-27T19:28:43","guid":{"rendered":"https:\/\/wpa.wscom.com.br\/?p=930013"},"modified":"2023-10-27T16:28:43","modified_gmt":"2023-10-27T19:28:43","slug":"acusado-de-assaltar-correspondente-bancario-e-preso-no-sertao-da-paraiba","status":"publish","type":"post","link":"https:\/\/sindaopcpb.org.br\/index.php\/2023\/10\/27\/acusado-de-assaltar-correspondente-bancario-e-preso-no-sertao-da-paraiba\/","title":{"rendered":"Acusado de assaltar correspondente banc\u00e1rio \u00e9 preso no Sert\u00e3o da Para\u00edba"},"content":{"rendered":"<p>Policiais do 13\u00ba Batalh\u00e3o prenderam em flagrante, nessa quarta-feira (25), um homem que \u00e9 acusado de assaltar um correspondente banc\u00e1rio no centro da cidade de Itaporanga, no Sert\u00e3o da Para\u00edba. Com ele, foi apreendida uma quantia em dinheiro.<\/p>\n<p>A pris\u00e3o foi realizada pelas equipes do CPU (Coordenador de Policiamento da Unidade), For\u00e7a-T\u00e1tica e R\u00e1dio Patrulha, que de forma conjunta fizeram buscas e localizaram rapidamente o acusado.<\/p>\n<p>Ele foi apresentado na Delegacia de Pol\u00edcia, em Itaporanga.<\/p>\n<p>O post <a rel=\"nofollow noopener\" href=\"https:\/\/wscom.com.br\/acusado-de-assaltar-correspondente-bancario-e-preso-no-sertao-da-paraiba\/\" target=\"_blank\">Acusado de assaltar correspondente banc\u00e1rio \u00e9 preso no Sert\u00e3o da Para\u00edba<\/a> apareceu primeiro em <a rel=\"nofollow noopener\" href=\"https:\/\/wscom.com.br\/\" target=\"_blank\">WSCOM<\/a>.<\/p>\n","protected":false},"excerpt":{"rendered":"<p>Policiais do 13\u00ba Batalh\u00e3o prenderam em flagrante, nessa quarta-feira (25), um homem que \u00e9 acusado de assaltar um correspondente banc\u00e1rio no centro da cidade de Itaporanga, no Sert\u00e3o da Para\u00edba. Com ele, foi apreendida uma quantia em dinheiro. A pris\u00e3o foi realizada pelas equipes do CPU (Coordenador de Policiamento da Unidade), For\u00e7a-T\u00e1tica e R\u00e1dio Patrulha, [\u2026]<\/p>\n<p>O post <a rel=\"nofollow\" href=\"https:\/\/wscom.com.br\/acusado-de-assaltar-correspondente-bancario-e-preso-no-sertao-da-paraiba\/\">Acusado de assaltar correspondente banc\u00e1rio \u00e9 preso no Sert\u00e3o da Para\u00edba<\/a> apareceu primeiro em <a rel=\"nofollow\" href=\"https:\/\/wscom.com.br\/\">WSCOM<\/a>.<\/p>\n","protected":false},"author":50,"featured_media":0,"comment_status":"closed","ping_status":"closed","sticky":false,"template":"","format":"standard","meta":{"advgb_blocks_editor_width":"","advgb_blocks_columns_visual_guide":"","footnotes":""},"categories":[2091,34,66],"tags":[35],"class_list":["post-40723","post","type-post","status-publish","format-standard","hentry","category-assalto","category-g1","category-policial","tag-g1"],"author_meta":{"display_name":"Wallyson","author_link":"https:\/\/sindaopcpb.org.br\/author\/wallyson\/"},"featured_img":null,"coauthors":[],"tax_additional":{"categories":{"linked":["<a href=\"https:\/\/sindaopcpb.org.br\/assalto\/\" class=\"advgb-post-tax-term\">assalto<\/a>","<a href=\"https:\/\/sindaopcpb.org.br\/g1\/\" class=\"advgb-post-tax-term\">G1<\/a>","<a href=\"https:\/\/sindaopcpb.org.br\/policial\/\" class=\"advgb-post-tax-term\">Policial<\/a>"],"unlinked":["<span class=\"advgb-post-tax-term\">assalto<\/span>","<span class=\"advgb-post-tax-term\">G1<\/span>","<span class=\"advgb-post-tax-term\">Policial<\/span>"]},"tags":{"linked":["<a href=\"https:\/\/sindaopcpb.org.br\/policial\/\" class=\"advgb-post-tax-term\">g1<\/a>"],"unlinked":["<span class=\"advgb-post-tax-term\">g1<\/span>"]}},"comment_count":"0","relative_dates":{"created":"Publicado 3 anos atr\u00e1s","modified":"Atualizado 3 anos atr\u00e1s"},"absolute_dates":{"created":"Publicado em 27 de outubro de 2023","modified":"Atualizado em 27 de outubro de 2023"},"absolute_dates_time":{"created":"Publicado em 27 de outubro de 2023 16:28","modified":"Atualizado em 27 de outubro de 2023 16:28"},"featured_img_caption":"","series_order":"","_links":{"self":[{"href":"https:\/\/sindaopcpb.org.br\/index.php\/wp-json\/wp\/v2\/posts\/40723","targetHints":{"allow":["GET"]}}],"collection":[{"href":"https:\/\/sindaopcpb.org.br\/index.php\/wp-json\/wp\/v2\/posts"}],"about":[{"href":"https:\/\/sindaopcpb.org.br\/index.php\/wp-json\/wp\/v2\/types\/post"}],"author":[{"embeddable":true,"href":"https:\/\/sindaopcpb.org.br\/index.php\/wp-json\/wp\/v2\/users\/50"}],"replies":[{"embeddable":true,"href":"https:\/\/sindaopcpb.org.br\/index.php\/wp-json\/wp\/v2\/comments?post=40723"}],"version-history":[{"count":1,"href":"https:\/\/sindaopcpb.org.br\/index.php\/wp-json\/wp\/v2\/posts\/40723\/revisions"}],"predecessor-version":[{"id":40724,"href":"https:\/\/sindaopcpb.org.br\/index.php\/wp-json\/wp\/v2\/posts\/40723\/revisions\/40724"}],"wp:attachment":[{"href":"https:\/\/sindaopcpb.org.br\/index.php\/wp-json\/wp\/v2\/media?parent=40723"}],"wp:term":[{"taxonomy":"category","embeddable":true,"href":"https:\/\/sindaopcpb.org.br\/index.php\/wp-json\/wp\/v2\/categories?post=40723"},{"taxonomy":"post_tag","embeddable":true,"href":"https:\/\/sindaopcpb.org.br\/index.php\/wp-json\/wp\/v2\/tags?post=40723"}],"curies":[{"name":"wp","href":"https:\/\/api.w.org\/{rel}","templated":true}]}}