{"id":40705,"date":"2023-10-27T16:38:31","date_gmt":"2023-10-27T19:38:31","guid":{"rendered":"https:\/\/www.infomoney.com.br\/?p=2281136"},"modified":"2023-10-27T16:38:31","modified_gmt":"2023-10-27T19:38:31","slug":"lula-diz-que-indica-stf-e-pgr-ate-fim-do-ano-mas-repete-que-nao-tem-pressa","status":"publish","type":"post","link":"https:\/\/sindaopcpb.org.br\/index.php\/2023\/10\/27\/lula-diz-que-indica-stf-e-pgr-ate-fim-do-ano-mas-repete-que-nao-tem-pressa\/","title":{"rendered":"Lula diz que indica STF e PGR at\u00e9 fim do ano, mas repete que n\u00e3o tem pressa"},"content":{"rendered":"<p><img loading=\"lazy\" width=\"300\" height=\"179\" src=\"https:\/\/www.infomoney.com.br\/wp-content\/uploads\/2023\/10\/ja_5132_0.jpg?fit=300%2C179&amp;quality=70&amp;strip=all\" class=\"attachment-medium size-medium wp-post-image\" alt=\"O presidente Luiz In\u00e1cio Lula da Silva conversa com jornalistas no Pal\u00e1cio do Itamaraty (Jo\u00e9dson Alves\/Ag\u00eancia Brasil)\" decoding=\"async\" style=\"float:right; margin:0 0 10px 10px;\" srcset=\"https:\/\/www.infomoney.com.br\/wp-content\/uploads\/2023\/10\/ja_5132_0.jpg?w=1170&amp;quality=70&amp;strip=all 1170w, https:\/\/www.infomoney.com.br\/wp-content\/uploads\/2023\/10\/ja_5132_0.jpg?w=300&amp;quality=70&amp;strip=all 300w, https:\/\/www.infomoney.com.br\/wp-content\/uploads\/2023\/10\/ja_5132_0.jpg?w=768&amp;quality=70&amp;strip=all 768w, https:\/\/www.infomoney.com.br\/wp-content\/uploads\/2023\/10\/ja_5132_0.jpg?w=150&amp;quality=70&amp;strip=all 150w\" sizes=\"auto, (max-width: 300px) 100vw, 300px\" data-attachment-id=\"2257197\" data-permalink=\"https:\/\/www.infomoney.com.br\/politica\/lula-deixa-hospital-em-brasilia-apos-cirurgia\/attachment\/_ja_5132_0\/\" data-orig-file=\"https:\/\/www.infomoney.com.br\/wp-content\/uploads\/2023\/10\/ja_5132_0.jpg?fit=1170%2C700&amp;quality=70&amp;strip=all\" data-orig-size=\"1170,700\" data-comments-opened=\"0\" data-image-meta=\"{&quot;aperture&quot;:&quot;2.8&quot;,&quot;credit&quot;:&quot;Jo\\u00e9dson Alves\\\/Ag\\u00eancia Brasil&quot;,&quot;camera&quot;:&quot;Canon EOS 5D Mark IV&quot;,&quot;caption&quot;:&quot;Bras\\u00edlia (DF) 25\\\/09\\\/2023 \\u2013 O presidente Luiz In\\u00e1cio Lula da Silva conversa com jornalistas sobre a cirurgia que ir\\u00e1 fazer no quadril na pr\\u00f3xima sexta feira (29), ap\\u00f3s encontro com primeiro-Ministro do Vietn\\u00e3, Pham Minh Chinh, no Pal\\u00e1cio do Itamaraty\\nFoto: Jo\\u00e9dson Alves\\\/Ag\\u00eancia Brasil&quot;,&quot;created_timestamp&quot;:&quot;1695653360&quot;,&quot;copyright&quot;:&quot;Ag\\u00eancia Brasil\\\/EBC&quot;,&quot;focal_length&quot;:&quot;123&quot;,&quot;iso&quot;:&quot;250&quot;,&quot;shutter_speed&quot;:&quot;0.016666666666667&quot;,&quot;title&quot;:&quot;&quot;,&quot;orientation&quot;:&quot;1&quot;}\" data-image-title=\"O presidente Luiz In\u00e1cio Lula da Silva conversa com jornalistas no Pal\u00e1cio do Itamaraty (Jo\u00e9dson Alves\/Ag\u00eancia Brasil)\" data-image-description=\"&lt;p&gt;O presidente Luiz In\u00e1cio Lula da Silva conversa com jornalistas no Pal\u00e1cio do Itamaraty (Jo\u00e9dson Alves\/Ag\u00eancia Brasil)&lt;\/p&gt;\n\" data-image-caption=\"&lt;p&gt;O presidente Luiz In\u00e1cio Lula da Silva conversa com jornalistas no Pal\u00e1cio do Itamaraty (Jo\u00e9dson Alves\/Ag\u00eancia Brasil)&lt;\/p&gt;\n\" data-medium-file=\"https:\/\/www.infomoney.com.br\/wp-content\/uploads\/2023\/10\/ja_5132_0.jpg?fit=300%2C179&amp;quality=70&amp;strip=all\" data-large-file=\"https:\/\/www.infomoney.com.br\/wp-content\/uploads\/2023\/10\/ja_5132_0.jpg?fit=1170%2C700&amp;quality=70&amp;strip=all\" title=\"\"><\/p>\n<p>O presidente Luiz In&aacute;cio Lula da Silva garantiu que ir&aacute; indicar ainda neste ano os nomes para vagas no Supremo Tribunal Federal, na Procuradoria Geral da Rep&uacute;blica e outros cargos, apesar de voltar a garantir que n&atilde;o tem pressa.<\/p>\n<p>&ldquo;Eu n&atilde;o posso fugir muito tempo, eu tenho que indicar. Agora que estou 100% recuperado, est&aacute; chegando a hora de eu tomar a decis&atilde;o. Logo, logo voc&ecirc;s v&atilde;o saber quem que&nbsp;eu&nbsp;vou&nbsp;indicar&rdquo;, disse, durante encontro com jornalistas que cobrem o dia a dia do Pal&aacute;cio do Planalto.<\/p>\n<p>Lula tem duas decis&otilde;es urgentes para tomar: a indica&ccedil;&atilde;o de um novo PGR e de um novo ministro para o STF. Ambos os cargos est&atilde;o h&aacute; mais de um m&ecirc;s vagos, mas o presidente ainda n&atilde;o definiu uma posi&ccedil;&atilde;o.<\/p>\n<p>Depois de afunilar a lista para dois nomes para a PGR &mdash; os procuradores Paulo Gonet e Antonio Carlos Bigonha &ndash;, e conversar com ambos, Lula n&atilde;o ficou totalmente satisfeito e pediu a amigos e aliados mais indica&ccedil;&otilde;es. Ele pretende conversar pessoalmente com todos os nomes cotados, o que ainda n&atilde;o ocorreu.<\/p>\n<p>&ldquo;N&atilde;o estou apavorado, n&atilde;o tenho pressa. Eu recebo muita sugest&atilde;o. E nessas horas, como j&aacute; fui presidente por oito anos, eu tenho que sentar com a minha consci&ecirc;ncia, contar muitas vezes at&eacute; 10, para indicar a pessoa que seja a mais correta poss&iacute;vel para cumprir a fun&ccedil;&atilde;o de uma institui&ccedil;&atilde;o de Estado. Eu n&atilde;o quero um amigo, quero algu&eacute;m que seja s&eacute;rio&nbsp;e&nbsp;respons&aacute;vel&rdquo;, disse.<\/p>\n<p>J&aacute; para o STF, alguns nomes surgiram, mas o mais cotado era o atual ministro da Justi&ccedil;a e Seguran&ccedil;a P&uacute;blica, Fl&aacute;vio Dino. De acordo com uma fonte palaciana, no entanto, o clima esfriou um pouco nas &uacute;ltimas semanas, apesar de ele ainda aparecer como nome mais forte.<\/p>\n<p>Uma eventual resist&ecirc;ncia no Senado parece estar na mente do presidente, que disse aos jornalistas que para qualquer indica&ccedil;&atilde;o precisa levar em conta a necessidade de aprova&ccedil;&atilde;o pelos senadores.<\/p>\n<p>&ldquo;N&atilde;o vou esperar pelo final do ano. Vou escolher as pessoas certas e adequadas para o lugar certo em fun&ccedil;&atilde;o das circunst&acirc;ncias pol&iacute;ticas que eu tenho que levar em conta, n&atilde;o posso fechar os olhos e n&atilde;o enxergar que tenho que mandar um nome para ser aprovado pelo Senado&rdquo;, disse, referindo-se a indica&ccedil;&otilde;es em geral, n&atilde;o especificamente ao STF.<\/p>\n<p>Nesta semana, o governo foi derrotado durante vota&ccedil;&atilde;o da indica&ccedil;&atilde;o de Igor Roque para o cargo de Defensor P&uacute;blico da Uni&atilde;o (DPU), por 38 votos a 35. Senadores, inclusive da base, votaram contra Roque sob a alega&ccedil;&atilde;o de que o defensor &mdash; que j&aacute; ocupava o cargo interinamente &mdash; foi associado a debate sobre leis de aborto na DPU, o que provocou rea&ccedil;&atilde;o da bancada conservadora.<\/p>\n<p>Lula lamentou e assumiu a culpa pela derrota.<\/p>\n<p>&ldquo;Possivelmente eu tenha culpa, n&atilde;o pude falar com ningu&eacute;m sobre ele, estava hospitalizado. Nosso pessoal achou que ia ser tranquilo e n&atilde;o foi, paci&ecirc;ncia. Vou ter que indicar outro&rdquo;, afirmou.<\/p>\n<p>Sobre uma poss&iacute;vel indica&ccedil;&atilde;o de Dino ao STF, o presidente elogiou o ministro mas revelou estar em d&uacute;vida.<\/p>\n<p>&ldquo;Tenho em mente algumas pessoas da mais alta qualifica&ccedil;&atilde;o pol&iacute;tica, t&ecirc;m varias pessoas. Obviamente sou obrigado a reconhecer que Fl&aacute;vio Dino &eacute; uma pessoa qualificada do ponto de vista de conhecimento jur&iacute;dico, altamente qualificada do ponto de vista pol&iacute;tico&rdquo;, afirmou.<\/p>\n<p>&ldquo;Mas fico pensando: onde Fl&aacute;vio Dino ser&aacute; melhor para o Brasil? Na Suprema Corte ou no Minist&eacute;rio da Justi&ccedil;a? Isso &eacute; uma pergunta que eu tenho.&rdquo;<\/p>\n<h2><strong>Centr&atilde;o e mulheres<\/strong><\/h2>\n<p>Durante o caf&eacute; o presidente justificou a entrega da presid&ecirc;ncia da Caixa para um nome indicado pelo presidente da C&acirc;mara, Arthur Lira (PP-AL), Carlos Vieira. Lula deixou claro que precisa dos votos dos partidos para poder governar.<\/p>\n<p>&ldquo;Eu fiz um acordo com o PP e o Republicanos, &eacute; direito deles exigir um espa&ccedil;o no governo. Eles juntos t&ecirc;m mais de 100 votos e eu preciso desses votos, ainda tenho mais tr&ecirc;s anos para governar&rdquo;, disse.<\/p>\n<p>Lula avaliou que &eacute; preciso negociar cada ponto que o governo quer aprovar, e discutir com um Congresso conservador.<\/p>\n<p>&ldquo;Por mais que a gente diga que o Congresso Nacional &eacute; conservador, aquela &eacute; a cara do povo brasileiro na hora do voto&rdquo;, lembrou.<\/p>\n<p>Lula justificou ainda a troca de tr&ecirc;s mulheres por homens nas mudan&ccedil;as promovidas no primeiro escal&atilde;o. Al&eacute;m de Rita Serrano, na Caixa, sa&iacute;ram Ana Moser, no Esporte, substitu&iacute;da por Andr&eacute; Fufuca, e Daniela do Waguinho, no Turismo, trocada por Celso Sabino.<\/p>\n<p>O presidente disse que pediu indica&ccedil;&otilde;es femininas, mas os partidos n&atilde;o ofereceram nomes.<\/p>\n<p>&ldquo;Eu &agrave;s vezes lamento profundamente n&atilde;o poder indicar mais mulheres do quem homens no governo. Acontece que, quando voc&ecirc; estabelece alian&ccedil;as com partidos pol&iacute;ticos, nem sempre esse partido tem uma mulher para indicar. Se bem que eu pedi para indicar mulher. Lamento&rdquo;, defendeu.<\/p>\n<\/p>\n<div class=\"cta-end\">\n<div class=\"im-cta\" >\n<div class=\"im-shortcode-forms bg-light bg-opacity-25 border rounded-4 p-3 p-sm-4 p-md-3 p-lg-4 px-xxl-5 my-5\" data-configuration='{\"form_name\":false,\"form_hat\":\"Newsletter\",\"form_email\":true,\"form_icon\":\"newsletter\",\"form_phone\":false,\"form_campaign\":\"NIM\",\"form_thankyou\":\"\",\"form_journey\":\"APIEvent-26a5198d-8e09-06ef-5f80-cd9127757ad1\",\"form_button\":\"Quero receber\",\"form_context\":\"newsletter\",\"form_origin\":\"https:\\\/\\\/www.infomoney.com.br\\\/politica\\\/feed\\\/?utm_medium=materia&#038;utm_source=infomoney&#038;utm_campaign=NIM&#038;utm_term=politica&#038;utm_content=newsletter\",\"form_position\":\"final\",\"form_category\":\"cta_form\"}'>\n<div class=\"d-flex flex-column align-items-center align-items-lg-start mb-4 flex-lg-row\">\n<div class=\"rounded-circle mb-2 mb-lg-0 mr-lg-4 me-lg-4 p-3 p-lg-4 bg-blue-400\"><svg width=\"40\" height=\"40\" viewBox=\"0 0 40 40\" fill=\"none\" xmlns=\"http:\/\/www.w3.org\/2000\/svg\"><path d=\"M20 20.25 6.042 11.042v19.041c0 .167.048.299.146.396a.535.535 0 0 0 .395.146h15.792V32.5H6.583a2.328 2.328 0 0 1-1.708-.708 2.328 2.328 0 0 1-.708-1.709V9.917c0-.667.236-1.236.708-1.709A2.328 2.328 0 0 1 6.583 7.5h26.834c.666 0 1.236.236 1.708.708a2.33 2.33 0 0 1 .708 1.709v12.458h-1.875V11.042L20 20.25Zm0-2 13.667-8.875H6.333L20 18.25Zm11.75 18.958-1.292-1.333 3.334-3.375h-9v-1.875h9l-3.375-3.417 1.333-1.291 5.667 5.625-5.667 5.666ZM6.042 11.042v20.791-9.458.25-13.25 1.667Z\" fill=\"#fff\"\/><\/svg><\/div>\n<div class=\"flex-fill text-center text-lg-left\">\n<div class=\"h6 small text-orange-700 lh-base mb-1\">Newsletter<\/div>\n<div class=\"text-body h4 m-0\">Infomorning<\/div>\n<div class=\"text-body small lh-base mt-2\">Receba no seu e-mail logo pela manh&atilde; as not&iacute;cias que v&atilde;o mexer com os mercados, com os seus investimentos e o seu bolso durante o dia<\/div>\n<\/div>\n<\/div>\n<\/div>\n<\/div>\n<\/div>\n<p>The post <a rel=\"nofollow noopener\" href=\"https:\/\/www.infomoney.com.br\/politica\/lula-diz-que-indica-stf-e-pgr-ate-fim-do-ano-mas-repete-que-nao-tem-pressa\/\" target=\"_blank\">Lula diz que indica STF e PGR at\u00e9 fim do ano, mas repete que n\u00e3o tem pressa<\/a> appeared first on <a rel=\"nofollow noopener\" href=\"https:\/\/www.infomoney.com.br\/\" target=\"_blank\">InfoMoney<\/a>.<\/p>\n","protected":false},"excerpt":{"rendered":"<p><img loading=\"lazy\" decoding=\"async\" width=\"300\" height=\"179\" src=\"https:\/\/www.infomoney.com.br\/wp-content\/uploads\/2023\/10\/ja_5132_0.jpg?fit=300%2C179&amp;quality=70&amp;strip=all\" class=\"attachment-medium size-medium wp-post-image\" alt=\"O presidente Luiz In\u00e1cio Lula da Silva conversa com jornalistas no Pal\u00e1cio do Itamaraty (Jo\u00e9dson Alves\/Ag\u00eancia Brasil)\" data-attachment-id=\"2257197\" data-permalink=\"https:\/\/www.infomoney.com.br\/politica\/lula-deixa-hospital-em-brasilia-apos-cirurgia\/attachment\/_ja_5132_0\/\" data-orig-file=\"https:\/\/www.infomoney.com.br\/wp-content\/uploads\/2023\/10\/ja_5132_0.jpg?fit=1170%2C700&amp;quality=70&amp;strip=all\" data-orig-size=\"1170,700\" data-comments-opened=\"0\" data-image-meta='{\"aperture\":\"2.8\",\"credit\":\"Jo\\u00e9dson Alves\\\/Ag\\u00eancia Brasil\",\"camera\":\"Canon EOS 5D Mark IV\",\"caption\":\"Bras\\u00edlia (DF) 25\\\/09\\\/2023 \\u2013 O presidente Luiz In\\u00e1cio Lula da Silva conversa com jornalistas sobre a cirurgia que ir\\u00e1 fazer no quadril na pr\\u00f3xima sexta feira (29), ap\\u00f3s encontro com primeiro-Ministro do Vietn\\u00e3, Pham Minh Chinh, no Pal\\u00e1cio do Itamaraty\\nFoto: Jo\\u00e9dson Alves\\\/Ag\\u00eancia Brasil\",\"created_timestamp\":\"1695653360\",\"copyright\":\"Ag\\u00eancia Brasil\\\/EBC\",\"focal_length\":\"123\",\"iso\":\"250\",\"shutter_speed\":\"0.016666666666667\",\"title\":\"\",\"orientation\":\"1\"}' data-image-title=\"O presidente Luiz In\u00e1cio Lula da Silva conversa com jornalistas no Pal\u00e1cio do Itamaraty (Jo\u00e9dson Alves\/Ag\u00eancia Brasil)\" data-image-description=\"&lt;p&gt;O presidente Luiz In\u00e1cio Lula da Silva conversa com jornalistas no Pal\u00e1cio do Itamaraty (Jo\u00e9dson Alves\/Ag\u00eancia Brasil)&lt;\/p&gt;\n\" data-image-caption=\"&lt;p&gt;O presidente Luiz In\u00e1cio Lula da Silva conversa com jornalistas no Pal\u00e1cio do Itamaraty (Jo\u00e9dson Alves\/Ag\u00eancia Brasil)&lt;\/p&gt;\n\" data-medium-file=\"https:\/\/www.infomoney.com.br\/wp-content\/uploads\/2023\/10\/ja_5132_0.jpg?fit=300%2C179&amp;quality=70&amp;strip=all\" data-large-file=\"https:\/\/www.infomoney.com.br\/wp-content\/uploads\/2023\/10\/ja_5132_0.jpg?fit=1170%2C700&amp;quality=70&amp;strip=all\">Ministro da Justi\u00e7a, Flavio Dino, \u00e9 o mais cotado para assumir lugar de Rosa Weber na Suprema Corte<\/p>\n<p>The post <a rel=\"nofollow\" href=\"https:\/\/www.infomoney.com.br\/politica\/lula-diz-que-indica-stf-e-pgr-ate-fim-do-ano-mas-repete-que-nao-tem-pressa\/\">Lula diz que indica STF e PGR at\u00e9 fim do ano, mas repete que n\u00e3o tem pressa<\/a> appeared first on <a rel=\"nofollow\" href=\"https:\/\/www.infomoney.com.br\/\">InfoMoney<\/a>.<\/p>\n","protected":false},"author":46,"featured_media":0,"comment_status":"closed","ping_status":"closed","sticky":false,"template":"","format":"standard","meta":{"advgb_blocks_editor_width":"","advgb_blocks_columns_visual_guide":"","footnotes":""},"categories":[34,129,1024,47,449],"tags":[35],"class_list":["post-40705","post","type-post","status-publish","format-standard","hentry","category-g1","category-luiz-inacio-lula-da-silva","category-pgr","category-politica","category-stf","tag-g1"],"author_meta":{"display_name":"Reuters","author_link":"https:\/\/sindaopcpb.org.br\/author\/reuters\/"},"featured_img":null,"coauthors":[],"tax_additional":{"categories":{"linked":["<a href=\"https:\/\/sindaopcpb.org.br\/g1\/\" class=\"advgb-post-tax-term\">G1<\/a>","<a href=\"https:\/\/sindaopcpb.org.br\/luiz-inacio-lula-da-silva\/\" class=\"advgb-post-tax-term\">Luiz In\u00e1cio Lula da Silva<\/a>","<a href=\"https:\/\/sindaopcpb.org.br\/pgr\/\" class=\"advgb-post-tax-term\">PGR<\/a>","<a href=\"https:\/\/sindaopcpb.org.br\/politica\/\" class=\"advgb-post-tax-term\">POLITICA<\/a>","<a href=\"https:\/\/sindaopcpb.org.br\/stf\/\" class=\"advgb-post-tax-term\">STF<\/a>"],"unlinked":["<span class=\"advgb-post-tax-term\">G1<\/span>","<span class=\"advgb-post-tax-term\">Luiz In\u00e1cio Lula da Silva<\/span>","<span class=\"advgb-post-tax-term\">PGR<\/span>","<span class=\"advgb-post-tax-term\">POLITICA<\/span>","<span class=\"advgb-post-tax-term\">STF<\/span>"]},"tags":{"linked":["<a href=\"https:\/\/sindaopcpb.org.br\/stf\/\" class=\"advgb-post-tax-term\">g1<\/a>"],"unlinked":["<span class=\"advgb-post-tax-term\">g1<\/span>"]}},"comment_count":"0","relative_dates":{"created":"Publicado 3 anos atr\u00e1s","modified":"Atualizado 3 anos atr\u00e1s"},"absolute_dates":{"created":"Publicado em 27 de outubro de 2023","modified":"Atualizado em 27 de outubro de 2023"},"absolute_dates_time":{"created":"Publicado em 27 de outubro de 2023 16:38","modified":"Atualizado em 27 de outubro de 2023 16:38"},"featured_img_caption":"","series_order":"","_links":{"self":[{"href":"https:\/\/sindaopcpb.org.br\/index.php\/wp-json\/wp\/v2\/posts\/40705","targetHints":{"allow":["GET"]}}],"collection":[{"href":"https:\/\/sindaopcpb.org.br\/index.php\/wp-json\/wp\/v2\/posts"}],"about":[{"href":"https:\/\/sindaopcpb.org.br\/index.php\/wp-json\/wp\/v2\/types\/post"}],"author":[{"embeddable":true,"href":"https:\/\/sindaopcpb.org.br\/index.php\/wp-json\/wp\/v2\/users\/46"}],"replies":[{"embeddable":true,"href":"https:\/\/sindaopcpb.org.br\/index.php\/wp-json\/wp\/v2\/comments?post=40705"}],"version-history":[{"count":2,"href":"https:\/\/sindaopcpb.org.br\/index.php\/wp-json\/wp\/v2\/posts\/40705\/revisions"}],"predecessor-version":[{"id":40732,"href":"https:\/\/sindaopcpb.org.br\/index.php\/wp-json\/wp\/v2\/posts\/40705\/revisions\/40732"}],"wp:attachment":[{"href":"https:\/\/sindaopcpb.org.br\/index.php\/wp-json\/wp\/v2\/media?parent=40705"}],"wp:term":[{"taxonomy":"category","embeddable":true,"href":"https:\/\/sindaopcpb.org.br\/index.php\/wp-json\/wp\/v2\/categories?post=40705"},{"taxonomy":"post_tag","embeddable":true,"href":"https:\/\/sindaopcpb.org.br\/index.php\/wp-json\/wp\/v2\/tags?post=40705"}],"curies":[{"name":"wp","href":"https:\/\/api.w.org\/{rel}","templated":true}]}}