{"id":40686,"date":"2023-10-27T15:37:08","date_gmt":"2023-10-27T18:37:08","guid":{"rendered":"https:\/\/g1.globo.com\/pb\/paraiba\/noticia\/2023\/10\/27\/outubro-rosa-loja-na-paraiba-oferece-corte-e-escova-para-quem-doar-cabelo-para-confeccao-de-perucas.ghtml"},"modified":"2023-10-27T15:37:08","modified_gmt":"2023-10-27T18:37:08","slug":"outubro-rosa-loja-na-paraiba-oferece-corte-e-escova-para-quem-doar-cabelo-para-confeccao-de-perucas","status":"publish","type":"post","link":"https:\/\/sindaopcpb.org.br\/index.php\/2023\/10\/27\/outubro-rosa-loja-na-paraiba-oferece-corte-e-escova-para-quem-doar-cabelo-para-confeccao-de-perucas\/","title":{"rendered":"Outubro Rosa: loja na Para\u00edba oferece corte e escova para quem doar cabelo para confec\u00e7\u00e3o de perucas"},"content":{"rendered":"   <img src=\"https:\/\/s2-g1.glbimg.com\/Evs-lCZxvGWpqgd5EV0J7L8wPVk=\/i.s3.glbimg.com\/v1\/AUTH_59edd422c0c84a879bd37670ae4f538a\/internal_photos\/bs\/2023\/P\/S\/T4azYvTXaiSTtVoeGVSA\/confeccao-de-perucas.jpeg\" \/><br \/>     A\u00e7\u00e3o acontece neste s\u00e1bado (28) das 9h \u00e0s 17h. \u00c9 necess\u00e1rio ter mechas de no m\u00ednimo 25 de comprimento. loja oferece corte e escova para quem doar cabelo para confec\u00e7\u00e3o de perucas, na Para\u00edba.\nDivulga\u00e7\u00e3o\/Ferreira Costa\nA Home Center Ferreira Costa em parceria com a ONG Rede Feminina de Combate ao c\u00e2ncer oferece corte e escova para quem doar cabelo para confec\u00e7\u00e3o de perucas. A a\u00e7\u00e3o acontece neste s\u00e1bado (28) das 9h \u00e0s 17h, na Ferreira Costa, localizada na Estrada de Cabedelo, na Grande Jo\u00e3o Pessoa.\nA iniciativa de corte solid\u00e1rio pretende ajudar na recupera\u00e7\u00e3o da autoestima de pacientes que est\u00e3o em tratamento contra o c\u00e2ncer. \n\u00c9 necess\u00e1rio ter mechas de cabelo com no m\u00ednimo 25 de comprimento para doar e ter dirieto ao corte com escova.\nOs cabelos doados ser\u00e3o entregues \u00e0 ONG para que as perucas sejam confeccionadas.\nV\u00eddeos mais assistidos do g1 Para\u00edba  ","protected":false},"excerpt":{"rendered":"<p>        A\u00e7\u00e3o acontece neste s\u00e1bado (28) das 9h \u00e0s 17h. \u00c9 necess\u00e1rio ter mechas de no m\u00ednimo 25 de comprimento. loja oferece corte e escova para quem doar cabelo para confec\u00e7\u00e3o de perucas, na Para\u00edba.<br \/>\nDivulga\u00e7\u00e3o\/Ferreira Costa<br \/>\nA Home Center Ferreira Cos&#8230;<\/p>\n","protected":false},"author":2,"featured_media":0,"comment_status":"closed","ping_status":"closed","sticky":false,"template":"","format":"standard","meta":{"advgb_blocks_editor_width":"","advgb_blocks_columns_visual_guide":"","footnotes":""},"categories":[34],"tags":[35],"class_list":["post-40686","post","type-post","status-publish","format-standard","hentry","category-g1","tag-g1"],"author_meta":{"display_name":"g1 &gt; Para\u00edba","author_link":"https:\/\/sindaopcpb.org.br\/author\/g1-paraiba\/"},"featured_img":null,"coauthors":[],"tax_additional":{"categories":{"linked":["<a href=\"https:\/\/sindaopcpb.org.br\/g1\/\" class=\"advgb-post-tax-term\">G1<\/a>"],"unlinked":["<span class=\"advgb-post-tax-term\">G1<\/span>"]},"tags":{"linked":["<a href=\"https:\/\/sindaopcpb.org.br\/g1\/\" class=\"advgb-post-tax-term\">g1<\/a>"],"unlinked":["<span class=\"advgb-post-tax-term\">g1<\/span>"]}},"comment_count":"0","relative_dates":{"created":"Publicado 3 anos atr\u00e1s","modified":"Atualizado 3 anos atr\u00e1s"},"absolute_dates":{"created":"Publicado em 27 de outubro de 2023","modified":"Atualizado em 27 de outubro de 2023"},"absolute_dates_time":{"created":"Publicado em 27 de outubro de 2023 15:37","modified":"Atualizado em 27 de outubro de 2023 15:37"},"featured_img_caption":"","series_order":"","_links":{"self":[{"href":"https:\/\/sindaopcpb.org.br\/index.php\/wp-json\/wp\/v2\/posts\/40686","targetHints":{"allow":["GET"]}}],"collection":[{"href":"https:\/\/sindaopcpb.org.br\/index.php\/wp-json\/wp\/v2\/posts"}],"about":[{"href":"https:\/\/sindaopcpb.org.br\/index.php\/wp-json\/wp\/v2\/types\/post"}],"author":[{"embeddable":true,"href":"https:\/\/sindaopcpb.org.br\/index.php\/wp-json\/wp\/v2\/users\/2"}],"replies":[{"embeddable":true,"href":"https:\/\/sindaopcpb.org.br\/index.php\/wp-json\/wp\/v2\/comments?post=40686"}],"version-history":[{"count":1,"href":"https:\/\/sindaopcpb.org.br\/index.php\/wp-json\/wp\/v2\/posts\/40686\/revisions"}],"predecessor-version":[{"id":40687,"href":"https:\/\/sindaopcpb.org.br\/index.php\/wp-json\/wp\/v2\/posts\/40686\/revisions\/40687"}],"wp:attachment":[{"href":"https:\/\/sindaopcpb.org.br\/index.php\/wp-json\/wp\/v2\/media?parent=40686"}],"wp:term":[{"taxonomy":"category","embeddable":true,"href":"https:\/\/sindaopcpb.org.br\/index.php\/wp-json\/wp\/v2\/categories?post=40686"},{"taxonomy":"post_tag","embeddable":true,"href":"https:\/\/sindaopcpb.org.br\/index.php\/wp-json\/wp\/v2\/tags?post=40686"}],"curies":[{"name":"wp","href":"https:\/\/api.w.org\/{rel}","templated":true}]}}