{"id":40681,"date":"2023-10-27T15:04:12","date_gmt":"2023-10-27T18:04:12","guid":{"rendered":"https:\/\/www.infomoney.com.br\/?p=2280923"},"modified":"2023-10-27T15:04:12","modified_gmt":"2023-10-27T18:04:12","slug":"lula-diz-que-meta-fiscal-zero-de-2024-dificilmente-sera-alcancada-e-que-nao-cortara-investimentos","status":"publish","type":"post","link":"https:\/\/sindaopcpb.org.br\/index.php\/2023\/10\/27\/lula-diz-que-meta-fiscal-zero-de-2024-dificilmente-sera-alcancada-e-que-nao-cortara-investimentos\/","title":{"rendered":"Lula diz que meta fiscal zero de 2024 dificilmente ser\u00e1 alcan\u00e7ada e que n\u00e3o cortar\u00e1 investimentos"},"content":{"rendered":"<p><img loading=\"lazy\" width=\"300\" height=\"179\" src=\"https:\/\/www.infomoney.com.br\/wp-content\/uploads\/2023\/10\/ja_5132_0.jpg?fit=300%2C179&amp;quality=70&amp;strip=all\" class=\"attachment-medium size-medium wp-post-image\" alt=\"O presidente Luiz In\u00e1cio Lula da Silva conversa com jornalistas no Pal\u00e1cio do Itamaraty (Jo\u00e9dson Alves\/Ag\u00eancia Brasil)\" decoding=\"async\" style=\"float:right; margin:0 0 10px 10px;\" srcset=\"https:\/\/www.infomoney.com.br\/wp-content\/uploads\/2023\/10\/ja_5132_0.jpg?w=1170&amp;quality=70&amp;strip=all 1170w, https:\/\/www.infomoney.com.br\/wp-content\/uploads\/2023\/10\/ja_5132_0.jpg?w=300&amp;quality=70&amp;strip=all 300w, https:\/\/www.infomoney.com.br\/wp-content\/uploads\/2023\/10\/ja_5132_0.jpg?w=768&amp;quality=70&amp;strip=all 768w, https:\/\/www.infomoney.com.br\/wp-content\/uploads\/2023\/10\/ja_5132_0.jpg?w=150&amp;quality=70&amp;strip=all 150w\" sizes=\"auto, (max-width: 300px) 100vw, 300px\" data-attachment-id=\"2257197\" data-permalink=\"https:\/\/www.infomoney.com.br\/politica\/lula-deixa-hospital-em-brasilia-apos-cirurgia\/attachment\/_ja_5132_0\/\" data-orig-file=\"https:\/\/www.infomoney.com.br\/wp-content\/uploads\/2023\/10\/ja_5132_0.jpg?fit=1170%2C700&amp;quality=70&amp;strip=all\" data-orig-size=\"1170,700\" data-comments-opened=\"0\" data-image-meta=\"{&quot;aperture&quot;:&quot;2.8&quot;,&quot;credit&quot;:&quot;Jo\\u00e9dson Alves\\\/Ag\\u00eancia Brasil&quot;,&quot;camera&quot;:&quot;Canon EOS 5D Mark IV&quot;,&quot;caption&quot;:&quot;Bras\\u00edlia (DF) 25\\\/09\\\/2023 \\u2013 O presidente Luiz In\\u00e1cio Lula da Silva conversa com jornalistas sobre a cirurgia que ir\\u00e1 fazer no quadril na pr\\u00f3xima sexta feira (29), ap\\u00f3s encontro com primeiro-Ministro do Vietn\\u00e3, Pham Minh Chinh, no Pal\\u00e1cio do Itamaraty\\nFoto: Jo\\u00e9dson Alves\\\/Ag\\u00eancia Brasil&quot;,&quot;created_timestamp&quot;:&quot;1695653360&quot;,&quot;copyright&quot;:&quot;Ag\\u00eancia Brasil\\\/EBC&quot;,&quot;focal_length&quot;:&quot;123&quot;,&quot;iso&quot;:&quot;250&quot;,&quot;shutter_speed&quot;:&quot;0.016666666666667&quot;,&quot;title&quot;:&quot;&quot;,&quot;orientation&quot;:&quot;1&quot;}\" data-image-title=\"O presidente Luiz In\u00e1cio Lula da Silva conversa com jornalistas no Pal\u00e1cio do Itamaraty (Jo\u00e9dson Alves\/Ag\u00eancia Brasil)\" data-image-description=\"&lt;p&gt;O presidente Luiz In\u00e1cio Lula da Silva conversa com jornalistas no Pal\u00e1cio do Itamaraty (Jo\u00e9dson Alves\/Ag\u00eancia Brasil)&lt;\/p&gt;\n\" data-image-caption=\"&lt;p&gt;O presidente Luiz In\u00e1cio Lula da Silva conversa com jornalistas no Pal\u00e1cio do Itamaraty (Jo\u00e9dson Alves\/Ag\u00eancia Brasil)&lt;\/p&gt;\n\" data-medium-file=\"https:\/\/www.infomoney.com.br\/wp-content\/uploads\/2023\/10\/ja_5132_0.jpg?fit=300%2C179&amp;quality=70&amp;strip=all\" data-large-file=\"https:\/\/www.infomoney.com.br\/wp-content\/uploads\/2023\/10\/ja_5132_0.jpg?fit=1170%2C700&amp;quality=70&amp;strip=all\" title=\"\"><\/p>\n<p>BRAS&Iacute;LIA (Reuters) -O presidente Luiz In&aacute;cio Lula da Silva afirmou nesta sexta-feira que a meta fiscal de 2024 n&atilde;o precisa ser zero e que o objetivo dificilmente ser&aacute; alcan&ccedil;ado, j&aacute; que n&atilde;o pretende cortar investimentos para atingi-lo, ressaltando que o mercado muitas vezes cobra o cumprimento de algo que sabe que n&atilde;o ser&aacute; cumprido.<\/p>\n<p>Em entrevista a jornalistas no Pal&aacute;cio do Planalto, Lula afirmou que entende a disposi&ccedil;&atilde;o do ministro da Fazenda, Fernando Haddad, mas fez uma s&eacute;rie de pondera&ccedil;&otilde;es em rela&ccedil;&atilde;o &agrave; meta.<\/p>\n<p>&ldquo;N&oacute;s dificilmente chegaremos &agrave; meta zero, at&eacute; porque n&atilde;o quero fazer cortes em investimentos de obras&rdquo;, afirmou.<\/p>\n<p>&ldquo;Tudo que a gente puder fazer para cumprir a meta fiscal a gente vai fazer. O que eu posso dizer &eacute; que ela n&atilde;o precisa ser zero, a gente n&atilde;o precisa disso. Eu n&atilde;o vou estabelecer uma meta fiscal que me obrigue a come&ccedil;ar o ano fazendo corte de bilh&otilde;es nas obras que s&atilde;o priorit&aacute;rias para este pa&iacute;s&rdquo;, disse.<\/p>\n<p>De acordo com o presidente, um eventual rombo de 0,25% ou 0,50% do Produto Interno Bruto (PIB) em 2024 n&atilde;o &eacute; &ldquo;nada, praticamente nada&rdquo;.<\/p>\n<p>&ldquo;Muitas vezes o mercado &eacute; ganancioso demais e fica cobrando uma meta que eles sabem que n&atilde;o vai ser cumprida&rdquo;, afirmou. &ldquo;N&oacute;s vamos tomar a decis&atilde;o correta e vamos fazer aquilo que vai ser melhor para o Brasil.&rdquo;<\/p>\n<p>Ap&oacute;s as falas do presidente, o d&oacute;lar &agrave; vista desacelerou as perdas, enquanto as taxas de alguns contratos futuros de juros aceleraram os ganhos e o Ibovespa renovou as m&iacute;nimas da sess&atilde;o.<\/p>\n<p>Sob as regras do novo arcabou&ccedil;o fiscal aprovado em agosto, o governo prop&ocirc;s ao Congresso zerar o rombo fiscal em 2024, meta considerada por economistas ousada e excessivamente dependente de ganhos de arrecada&ccedil;&atilde;o.<\/p>\n<p>Na manh&atilde; desta sexta-feira, o secret&aacute;rio do Tesouro Nacional, Rog&eacute;rio Ceron, afirmou que o governo pode fechar 2023 com um d&eacute;ficit prim&aacute;rio pior do que o previsto anteriormente ap&oacute;s medidas aprovadas no Congresso e fatores econ&ocirc;micos aumentarem press&otilde;es sobre as contas, enfatizando que h&aacute; impacto sobre o pr&oacute;ximo ano, apesar de ainda ser cedo para tirar conclus&otilde;es.<\/p>\n<p>O ministro da Fazenda, Fernando Haddad, no entanto, vinha mantendo a defesa do d&eacute;ficit zero, mesmo que dentro do governo o objetivo j&aacute; fosse considerado pouco fact&iacute;vel. Setores do governo consideravam que um aperto nesse n&iacute;vel impediria o governo de fazer investimentos considerados essenciais.<\/p>\n<p>Em entrevista &agrave; Reuters h&aacute; uma semana, Haddad havia reiterado que pretendia manter a meta de d&eacute;ficit, apesar de admitir que havia discuss&atilde;o interna.<\/p>\n<p>Lula admitiu que existe uma preocupa&ccedil;&atilde;o com 2024 e com o ambiente econ&ocirc;mico que deve vir com dificuldades externas, como redu&ccedil;&atilde;o de crescimento na China e alta dos juros norte-americanos, mas cobrou que o pa&iacute;s encontre solu&ccedil;&otilde;es internas.<\/p>\n<p>&ldquo;Obviamente que n&oacute;s sabemos que o ano que vem se apresenta como um ano dif&iacute;cil, por conta da queda do crescimento da China, do aumento da taxa de juros americano, mas eu estava dizendo agora h&aacute; pouco em uma conversa com o Haddad, a gente quando est&aacute; no governo, &eacute; por isso que inventaram o check-up, &eacute; para a gente evitar que a doen&ccedil;a se prolifere&rdquo;, disse Lula. &ldquo;N&atilde;o adianta me dizer que o juro americano est&aacute; alto. N&atilde;o me interessa, temos que encontrar solu&ccedil;&otilde;es aqui.&rdquo;<\/p>\n<p>O presidente afirmou ainda que quer ver o acordo entre Mercosul e Uni&atilde;o Europeia ser fechado ainda este ano, lembrando que est&aacute; parado h&aacute; mais de 22 anos.<\/p>\n<p>&ldquo;Quero tirar do papel&rdquo;, disse. &ldquo;Temos que parar de colocar as responsabilidades uns nos outros e assumir nosso papel.&rdquo;<\/p>\n<p>&nbsp;<\/p>\n<\/p>\n<div class=\"cta-end\">\n<div class=\"im-cta\" >\n<div class=\"im-shortcode-forms bg-light bg-opacity-25 border rounded-4 p-3 p-sm-4 p-md-3 p-lg-4 px-xxl-5 my-5\" data-configuration='{\"form_name\":false,\"form_hat\":\"Newsletter\",\"form_email\":true,\"form_icon\":\"newsletter\",\"form_phone\":false,\"form_campaign\":\"NIM\",\"form_thankyou\":\"\",\"form_journey\":\"APIEvent-26a5198d-8e09-06ef-5f80-cd9127757ad1\",\"form_button\":\"Quero receber\",\"form_context\":\"newsletter\",\"form_origin\":\"https:\\\/\\\/www.infomoney.com.br\\\/politica\\\/feed\\\/?utm_medium=materia&#038;utm_source=infomoney&#038;utm_campaign=NIM&#038;utm_term=politica&#038;utm_content=newsletter\",\"form_position\":\"final\",\"form_category\":\"cta_form\"}'>\n<div class=\"d-flex flex-column align-items-center align-items-lg-start mb-4 flex-lg-row\">\n<div class=\"rounded-circle mb-2 mb-lg-0 mr-lg-4 me-lg-4 p-3 p-lg-4 bg-blue-400\"><svg width=\"40\" height=\"40\" viewBox=\"0 0 40 40\" fill=\"none\" xmlns=\"http:\/\/www.w3.org\/2000\/svg\"><path d=\"M20 20.25 6.042 11.042v19.041c0 .167.048.299.146.396a.535.535 0 0 0 .395.146h15.792V32.5H6.583a2.328 2.328 0 0 1-1.708-.708 2.328 2.328 0 0 1-.708-1.709V9.917c0-.667.236-1.236.708-1.709A2.328 2.328 0 0 1 6.583 7.5h26.834c.666 0 1.236.236 1.708.708a2.33 2.33 0 0 1 .708 1.709v12.458h-1.875V11.042L20 20.25Zm0-2 13.667-8.875H6.333L20 18.25Zm11.75 18.958-1.292-1.333 3.334-3.375h-9v-1.875h9l-3.375-3.417 1.333-1.291 5.667 5.625-5.667 5.666ZM6.042 11.042v20.791-9.458.25-13.25 1.667Z\" fill=\"#fff\"\/><\/svg><\/div>\n<div class=\"flex-fill text-center text-lg-left\">\n<div class=\"h6 small text-orange-700 lh-base mb-1\">Newsletter<\/div>\n<div class=\"text-body h4 m-0\">Infomorning<\/div>\n<div class=\"text-body small lh-base mt-2\">Receba no seu e-mail logo pela manh&atilde; as not&iacute;cias que v&atilde;o mexer com os mercados, com os seus investimentos e o seu bolso durante o dia<\/div>\n<\/div>\n<\/div>\n<\/div>\n<\/div>\n<\/div>\n<p>The post <a rel=\"nofollow noopener\" href=\"https:\/\/www.infomoney.com.br\/politica\/lula-diz-que-meta-fiscal-zero-de-2024-dificilmente-sera-alcancada-e-que-nao-cortara-investimentos\/\" target=\"_blank\">Lula diz que meta fiscal zero de 2024 dificilmente ser\u00e1 alcan\u00e7ada e que n\u00e3o cortar\u00e1 investimentos<\/a> appeared first on <a rel=\"nofollow noopener\" href=\"https:\/\/www.infomoney.com.br\/\" target=\"_blank\">InfoMoney<\/a>.<\/p>\n","protected":false},"excerpt":{"rendered":"<p><img loading=\"lazy\" decoding=\"async\" width=\"300\" height=\"179\" src=\"https:\/\/www.infomoney.com.br\/wp-content\/uploads\/2023\/10\/ja_5132_0.jpg?fit=300%2C179&amp;quality=70&amp;strip=all\" class=\"attachment-medium size-medium wp-post-image\" alt=\"O presidente Luiz In\u00e1cio Lula da Silva conversa com jornalistas no Pal\u00e1cio do Itamaraty (Jo\u00e9dson Alves\/Ag\u00eancia Brasil)\" data-attachment-id=\"2257197\" data-permalink=\"https:\/\/www.infomoney.com.br\/politica\/lula-deixa-hospital-em-brasilia-apos-cirurgia\/attachment\/_ja_5132_0\/\" data-orig-file=\"https:\/\/www.infomoney.com.br\/wp-content\/uploads\/2023\/10\/ja_5132_0.jpg?fit=1170%2C700&amp;quality=70&amp;strip=all\" data-orig-size=\"1170,700\" data-comments-opened=\"0\" data-image-meta='{\"aperture\":\"2.8\",\"credit\":\"Jo\\u00e9dson Alves\\\/Ag\\u00eancia Brasil\",\"camera\":\"Canon EOS 5D Mark IV\",\"caption\":\"Bras\\u00edlia (DF) 25\\\/09\\\/2023 \\u2013 O presidente Luiz In\\u00e1cio Lula da Silva conversa com jornalistas sobre a cirurgia que ir\\u00e1 fazer no quadril na pr\\u00f3xima sexta feira (29), ap\\u00f3s encontro com primeiro-Ministro do Vietn\\u00e3, Pham Minh Chinh, no Pal\\u00e1cio do Itamaraty\\nFoto: Jo\\u00e9dson Alves\\\/Ag\\u00eancia Brasil\",\"created_timestamp\":\"1695653360\",\"copyright\":\"Ag\\u00eancia Brasil\\\/EBC\",\"focal_length\":\"123\",\"iso\":\"250\",\"shutter_speed\":\"0.016666666666667\",\"title\":\"\",\"orientation\":\"1\"}' data-image-title=\"O presidente Luiz In\u00e1cio Lula da Silva conversa com jornalistas no Pal\u00e1cio do Itamaraty (Jo\u00e9dson Alves\/Ag\u00eancia Brasil)\" data-image-description=\"&lt;p&gt;O presidente Luiz In\u00e1cio Lula da Silva conversa com jornalistas no Pal\u00e1cio do Itamaraty (Jo\u00e9dson Alves\/Ag\u00eancia Brasil)&lt;\/p&gt;\n\" data-image-caption=\"&lt;p&gt;O presidente Luiz In\u00e1cio Lula da Silva conversa com jornalistas no Pal\u00e1cio do Itamaraty (Jo\u00e9dson Alves\/Ag\u00eancia Brasil)&lt;\/p&gt;\n\" data-medium-file=\"https:\/\/www.infomoney.com.br\/wp-content\/uploads\/2023\/10\/ja_5132_0.jpg?fit=300%2C179&amp;quality=70&amp;strip=all\" data-large-file=\"https:\/\/www.infomoney.com.br\/wp-content\/uploads\/2023\/10\/ja_5132_0.jpg?fit=1170%2C700&amp;quality=70&amp;strip=all\">De acordo com o presidente, um eventual rombo de 0,25% ou 0,50% do Produto Interno Bruto (PIB) em 2024 n\u00e3o \u00e9 \u201cnada, praticamente nada\u201d<\/p>\n<p>The post <a rel=\"nofollow\" href=\"https:\/\/www.infomoney.com.br\/politica\/lula-diz-que-meta-fiscal-zero-de-2024-dificilmente-sera-alcancada-e-que-nao-cortara-investimentos\/\">Lula diz que meta fiscal zero de 2024 dificilmente ser\u00e1 alcan\u00e7ada e que n\u00e3o cortar\u00e1 investimentos<\/a> appeared first on <a rel=\"nofollow\" href=\"https:\/\/www.infomoney.com.br\/\">InfoMoney<\/a>.<\/p>\n","protected":false},"author":46,"featured_media":0,"comment_status":"closed","ping_status":"closed","sticky":false,"template":"","format":"standard","meta":{"advgb_blocks_editor_width":"","advgb_blocks_columns_visual_guide":"","footnotes":""},"categories":[6096,69,109,34,260,129,47],"tags":[35],"class_list":["post-40681","post","type-post","status-publish","format-standard","hentry","category-deficit-fiscal","category-economia","category-fernando-haddad","category-g1","category-governo","category-luiz-inacio-lula-da-silva","category-politica","tag-g1"],"author_meta":{"display_name":"Reuters","author_link":"https:\/\/sindaopcpb.org.br\/author\/reuters\/"},"featured_img":null,"coauthors":[],"tax_additional":{"categories":{"linked":["<a href=\"https:\/\/sindaopcpb.org.br\/deficit-fiscal\/\" class=\"advgb-post-tax-term\">D\u00e9ficit Fiscal<\/a>","<a href=\"https:\/\/sindaopcpb.org.br\/economia\/\" class=\"advgb-post-tax-term\">Economia<\/a>","<a href=\"https:\/\/sindaopcpb.org.br\/fernando-haddad\/\" class=\"advgb-post-tax-term\">FERNANDO HADDAD<\/a>","<a href=\"https:\/\/sindaopcpb.org.br\/g1\/\" class=\"advgb-post-tax-term\">G1<\/a>","<a href=\"https:\/\/sindaopcpb.org.br\/governo\/\" class=\"advgb-post-tax-term\">Governo<\/a>","<a href=\"https:\/\/sindaopcpb.org.br\/luiz-inacio-lula-da-silva\/\" class=\"advgb-post-tax-term\">Luiz In\u00e1cio Lula da Silva<\/a>","<a href=\"https:\/\/sindaopcpb.org.br\/politica\/\" class=\"advgb-post-tax-term\">POLITICA<\/a>"],"unlinked":["<span class=\"advgb-post-tax-term\">D\u00e9ficit Fiscal<\/span>","<span class=\"advgb-post-tax-term\">Economia<\/span>","<span class=\"advgb-post-tax-term\">FERNANDO HADDAD<\/span>","<span class=\"advgb-post-tax-term\">G1<\/span>","<span class=\"advgb-post-tax-term\">Governo<\/span>","<span class=\"advgb-post-tax-term\">Luiz In\u00e1cio Lula da Silva<\/span>","<span class=\"advgb-post-tax-term\">POLITICA<\/span>"]},"tags":{"linked":["<a href=\"https:\/\/sindaopcpb.org.br\/politica\/\" class=\"advgb-post-tax-term\">g1<\/a>"],"unlinked":["<span class=\"advgb-post-tax-term\">g1<\/span>"]}},"comment_count":"0","relative_dates":{"created":"Publicado 3 anos atr\u00e1s","modified":"Atualizado 3 anos atr\u00e1s"},"absolute_dates":{"created":"Publicado em 27 de outubro de 2023","modified":"Atualizado em 27 de outubro de 2023"},"absolute_dates_time":{"created":"Publicado em 27 de outubro de 2023 15:04","modified":"Atualizado em 27 de outubro de 2023 15:04"},"featured_img_caption":"","series_order":"","_links":{"self":[{"href":"https:\/\/sindaopcpb.org.br\/index.php\/wp-json\/wp\/v2\/posts\/40681","targetHints":{"allow":["GET"]}}],"collection":[{"href":"https:\/\/sindaopcpb.org.br\/index.php\/wp-json\/wp\/v2\/posts"}],"about":[{"href":"https:\/\/sindaopcpb.org.br\/index.php\/wp-json\/wp\/v2\/types\/post"}],"author":[{"embeddable":true,"href":"https:\/\/sindaopcpb.org.br\/index.php\/wp-json\/wp\/v2\/users\/46"}],"replies":[{"embeddable":true,"href":"https:\/\/sindaopcpb.org.br\/index.php\/wp-json\/wp\/v2\/comments?post=40681"}],"version-history":[{"count":3,"href":"https:\/\/sindaopcpb.org.br\/index.php\/wp-json\/wp\/v2\/posts\/40681\/revisions"}],"predecessor-version":[{"id":40744,"href":"https:\/\/sindaopcpb.org.br\/index.php\/wp-json\/wp\/v2\/posts\/40681\/revisions\/40744"}],"wp:attachment":[{"href":"https:\/\/sindaopcpb.org.br\/index.php\/wp-json\/wp\/v2\/media?parent=40681"}],"wp:term":[{"taxonomy":"category","embeddable":true,"href":"https:\/\/sindaopcpb.org.br\/index.php\/wp-json\/wp\/v2\/categories?post=40681"},{"taxonomy":"post_tag","embeddable":true,"href":"https:\/\/sindaopcpb.org.br\/index.php\/wp-json\/wp\/v2\/tags?post=40681"}],"curies":[{"name":"wp","href":"https:\/\/api.w.org\/{rel}","templated":true}]}}