{"id":40674,"date":"2023-10-27T14:21:33","date_gmt":"2023-10-27T17:21:33","guid":{"rendered":"https:\/\/wpa.wscom.com.br\/?p=929997"},"modified":"2023-10-27T14:21:33","modified_gmt":"2023-10-27T17:21:33","slug":"paraibano-carlos-vieira-aguarda-data-para-posse-na-caixa-economica-federal-evento-deve-ocorrer-no-planalto","status":"publish","type":"post","link":"https:\/\/sindaopcpb.org.br\/index.php\/2023\/10\/27\/paraibano-carlos-vieira-aguarda-data-para-posse-na-caixa-economica-federal-evento-deve-ocorrer-no-planalto\/","title":{"rendered":"Paraibano Carlos Vieira aguarda data para posse na Caixa Econ\u00f4mica Federal; evento deve ocorrer no Planalto"},"content":{"rendered":"<p>Assessoria do presidente confirmado da CEF aguarda data da posse, mas espera ser no Pal\u00e1cio e transmiss\u00e3o na Caixa<\/p>\n<p>A reportagem do site da <strong>Revista NORDESTE<\/strong> conseguiu apurar junto \u00e0 assessoria da Caixa Econ\u00f4mica Federal que ainda aguarda a data de posse do novo presidente indicado, Carlos Vieira, possivelmente no Pal\u00e1cio do Planalto, mas com transmiss\u00e3o de cargo no pr\u00e9dio da CEF.<\/p>\n<p>A assessoria aguarda a defini\u00e7\u00e3o da data por parte da Presidencia da Rep\u00fablica, entretanto projeta as duas situa\u00e7\u00f5es no mesmo dia.<\/p>\n<p>O presidente Carlos Vieira est\u00e1 recluso sem dar entrevistas ainda, mas h\u00e1 informa\u00e7\u00e3o de que ele est\u00e1 tranquilo e decidido a dar sua contribui\u00e7\u00e3o \u00e0 Caixa.<\/p>\n<p>O post <a rel=\"nofollow noopener\" href=\"https:\/\/wscom.com.br\/paraibano-carlos-vieira-aguarda-data-para-posse-na-caixa-evento-deve-ocorrer-no-planalto\/\" target=\"_blank\">Paraibano Carlos Vieira aguarda data para posse na Caixa Econ\u00f4mica Federal; evento deve ocorrer no Planalto<\/a> apareceu primeiro em <a rel=\"nofollow noopener\" href=\"https:\/\/wscom.com.br\/\" target=\"_blank\">WSCOM<\/a>.<\/p>\n","protected":false},"excerpt":{"rendered":"<p>Assessoria do presidente confirmado da CEF aguarda data da posse, mas espera ser no Pal\u00e1cio e transmiss\u00e3o na Caixa A reportagem do site da Revista NORDESTE conseguiu apurar junto \u00e0 assessoria da Caixa Econ\u00f4mica Federal que ainda aguarda a data de posse do novo presidente indicado, Carlos Vieira, possivelmente no Pal\u00e1cio do Planalto, mas com [\u2026]<\/p>\n<p>O post <a rel=\"nofollow\" href=\"https:\/\/wscom.com.br\/paraibano-carlos-vieira-aguarda-data-para-posse-na-caixa-evento-deve-ocorrer-no-planalto\/\">Paraibano Carlos Vieira aguarda data para posse na Caixa Econ\u00f4mica Federal; evento deve ocorrer no Planalto<\/a> apareceu primeiro em <a rel=\"nofollow\" href=\"https:\/\/wscom.com.br\/\">WSCOM<\/a>.<\/p>\n","protected":false},"author":50,"featured_media":0,"comment_status":"closed","ping_status":"closed","sticky":false,"template":"","format":"standard","meta":{"advgb_blocks_editor_width":"","advgb_blocks_columns_visual_guide":"","footnotes":""},"categories":[743,10299,34,47],"tags":[35],"class_list":["post-40674","post","type-post","status-publish","format-standard","hentry","category-caixa","category-carlos-vieira","category-g1","category-politica","tag-g1"],"author_meta":{"display_name":"Wallyson","author_link":"https:\/\/sindaopcpb.org.br\/author\/wallyson\/"},"featured_img":null,"coauthors":[],"tax_additional":{"categories":{"linked":["<a href=\"https:\/\/sindaopcpb.org.br\/caixa\/\" class=\"advgb-post-tax-term\">Caixa<\/a>","<a href=\"https:\/\/sindaopcpb.org.br\/carlos-vieira\/\" class=\"advgb-post-tax-term\">carlos vieira<\/a>","<a href=\"https:\/\/sindaopcpb.org.br\/g1\/\" class=\"advgb-post-tax-term\">G1<\/a>","<a href=\"https:\/\/sindaopcpb.org.br\/politica\/\" class=\"advgb-post-tax-term\">POLITICA<\/a>"],"unlinked":["<span class=\"advgb-post-tax-term\">Caixa<\/span>","<span class=\"advgb-post-tax-term\">carlos vieira<\/span>","<span class=\"advgb-post-tax-term\">G1<\/span>","<span class=\"advgb-post-tax-term\">POLITICA<\/span>"]},"tags":{"linked":["<a href=\"https:\/\/sindaopcpb.org.br\/politica\/\" class=\"advgb-post-tax-term\">g1<\/a>"],"unlinked":["<span class=\"advgb-post-tax-term\">g1<\/span>"]}},"comment_count":"0","relative_dates":{"created":"Publicado 3 anos atr\u00e1s","modified":"Atualizado 3 anos atr\u00e1s"},"absolute_dates":{"created":"Publicado em 27 de outubro de 2023","modified":"Atualizado em 27 de outubro de 2023"},"absolute_dates_time":{"created":"Publicado em 27 de outubro de 2023 14:21","modified":"Atualizado em 27 de outubro de 2023 14:21"},"featured_img_caption":"","series_order":"","_links":{"self":[{"href":"https:\/\/sindaopcpb.org.br\/index.php\/wp-json\/wp\/v2\/posts\/40674","targetHints":{"allow":["GET"]}}],"collection":[{"href":"https:\/\/sindaopcpb.org.br\/index.php\/wp-json\/wp\/v2\/posts"}],"about":[{"href":"https:\/\/sindaopcpb.org.br\/index.php\/wp-json\/wp\/v2\/types\/post"}],"author":[{"embeddable":true,"href":"https:\/\/sindaopcpb.org.br\/index.php\/wp-json\/wp\/v2\/users\/50"}],"replies":[{"embeddable":true,"href":"https:\/\/sindaopcpb.org.br\/index.php\/wp-json\/wp\/v2\/comments?post=40674"}],"version-history":[{"count":1,"href":"https:\/\/sindaopcpb.org.br\/index.php\/wp-json\/wp\/v2\/posts\/40674\/revisions"}],"predecessor-version":[{"id":40675,"href":"https:\/\/sindaopcpb.org.br\/index.php\/wp-json\/wp\/v2\/posts\/40674\/revisions\/40675"}],"wp:attachment":[{"href":"https:\/\/sindaopcpb.org.br\/index.php\/wp-json\/wp\/v2\/media?parent=40674"}],"wp:term":[{"taxonomy":"category","embeddable":true,"href":"https:\/\/sindaopcpb.org.br\/index.php\/wp-json\/wp\/v2\/categories?post=40674"},{"taxonomy":"post_tag","embeddable":true,"href":"https:\/\/sindaopcpb.org.br\/index.php\/wp-json\/wp\/v2\/tags?post=40674"}],"curies":[{"name":"wp","href":"https:\/\/api.w.org\/{rel}","templated":true}]}}