{"id":40660,"date":"2023-10-27T11:32:23","date_gmt":"2023-10-27T14:32:23","guid":{"rendered":"https:\/\/g1.globo.com\/pb\/paraiba\/musica\/noticia\/2023\/10\/27\/limao-com-mel-reveillon-2024-joao-pessoa.ghtml"},"modified":"2023-10-27T11:32:23","modified_gmt":"2023-10-27T14:32:23","slug":"limao-com-mel-sera-uma-das-atracoes-do-reveillon-2024-de-joao-pessoa","status":"publish","type":"post","link":"https:\/\/sindaopcpb.org.br\/index.php\/2023\/10\/27\/limao-com-mel-sera-uma-das-atracoes-do-reveillon-2024-de-joao-pessoa\/","title":{"rendered":"Lim\u00e3o com Mel ser\u00e1 uma das atra\u00e7\u00f5es do R\u00e9veillon 2024 de Jo\u00e3o Pessoa"},"content":{"rendered":"   <img src=\"https:\/\/s2-g1.glbimg.com\/2q7n2pZCdSYuKlEtT7n4i_XmYFg=\/i.s3.glbimg.com\/v1\/AUTH_59edd422c0c84a879bd37670ae4f538a\/internal_photos\/bs\/2023\/G\/g\/QA25eSRFulk0skQkpOFA\/img-3793.jpeg\" \/><br \/>     Al\u00e9m da banda Lim\u00e3o com Mel, Funjope confirmou apresenta\u00e7\u00e3o da cantora Aline Rosa. Outras atra\u00e7\u00f5es n\u00e3o foram divulgadas. Lim\u00e3o com Mel no S\u00e3o Jo\u00e3o 2023 de Campina Grande\nErickson Nogueira\/g1\nO R\u00e9veillon de Jo\u00e3o Pessoa 2024 ter\u00e1 a banda Lim\u00e3o com Mel como uma das atra\u00e7\u00f5es. A informa\u00e7\u00e3o foi confirmada pela assessoria de imprensa Funda\u00e7\u00e3o Cultural de Jo\u00e3o Pessoa (Funjope) nesta sexta-feira (27).\nAcesse o Guia Qual \u00e9 a Boa\nO diretor executivo da Funjope, Marcus Alves, tamb\u00e9m confirmou a participa\u00e7\u00e3o da cantora Aline Rosa.\nO R\u00e9veillon de Jo\u00e3o Pessoa acontece tradicionalmente com queima de fogos em v\u00e1rias praias e shows no Busto de Tamandar\u00e9.\nNa virada de 2022 para 2023, Ranniery Gomes, Nando Cordel e a banda Cavaleiros do Forr\u00f3 se apresentaram na festa, que voltou a ter um grande p\u00fablico depois da pandemia de Covid-19.\nV\u00eddeos mais assistidos do g1 Para\u00edba  ","protected":false},"excerpt":{"rendered":"<p>        Al\u00e9m da banda Lim\u00e3o com Mel, Funjope confirmou apresenta\u00e7\u00e3o da cantora Aline Rosa. Outras atra\u00e7\u00f5es n\u00e3o foram divulgadas. Lim\u00e3o com Mel no S\u00e3o Jo\u00e3o 2023 de Campina Grande<br \/>\nErickson Nogueira\/g1<br \/>\nO R\u00e9veillon de Jo\u00e3o Pessoa 2024 ter\u00e1 a banda Lim\u00e3o co&#8230;<\/p>\n","protected":false},"author":2,"featured_media":0,"comment_status":"closed","ping_status":"closed","sticky":false,"template":"","format":"standard","meta":{"advgb_blocks_editor_width":"","advgb_blocks_columns_visual_guide":"","footnotes":""},"categories":[34],"tags":[35],"class_list":["post-40660","post","type-post","status-publish","format-standard","hentry","category-g1","tag-g1"],"author_meta":{"display_name":"g1 &gt; Para\u00edba","author_link":"https:\/\/sindaopcpb.org.br\/author\/g1-paraiba\/"},"featured_img":null,"coauthors":[],"tax_additional":{"categories":{"linked":["<a href=\"https:\/\/sindaopcpb.org.br\/g1\/\" class=\"advgb-post-tax-term\">G1<\/a>"],"unlinked":["<span class=\"advgb-post-tax-term\">G1<\/span>"]},"tags":{"linked":["<a href=\"https:\/\/sindaopcpb.org.br\/g1\/\" class=\"advgb-post-tax-term\">g1<\/a>"],"unlinked":["<span class=\"advgb-post-tax-term\">g1<\/span>"]}},"comment_count":"0","relative_dates":{"created":"Publicado 3 anos atr\u00e1s","modified":"Atualizado 3 anos atr\u00e1s"},"absolute_dates":{"created":"Publicado em 27 de outubro de 2023","modified":"Atualizado em 27 de outubro de 2023"},"absolute_dates_time":{"created":"Publicado em 27 de outubro de 2023 11:32","modified":"Atualizado em 27 de outubro de 2023 11:32"},"featured_img_caption":"","series_order":"","_links":{"self":[{"href":"https:\/\/sindaopcpb.org.br\/index.php\/wp-json\/wp\/v2\/posts\/40660","targetHints":{"allow":["GET"]}}],"collection":[{"href":"https:\/\/sindaopcpb.org.br\/index.php\/wp-json\/wp\/v2\/posts"}],"about":[{"href":"https:\/\/sindaopcpb.org.br\/index.php\/wp-json\/wp\/v2\/types\/post"}],"author":[{"embeddable":true,"href":"https:\/\/sindaopcpb.org.br\/index.php\/wp-json\/wp\/v2\/users\/2"}],"replies":[{"embeddable":true,"href":"https:\/\/sindaopcpb.org.br\/index.php\/wp-json\/wp\/v2\/comments?post=40660"}],"version-history":[{"count":1,"href":"https:\/\/sindaopcpb.org.br\/index.php\/wp-json\/wp\/v2\/posts\/40660\/revisions"}],"predecessor-version":[{"id":40661,"href":"https:\/\/sindaopcpb.org.br\/index.php\/wp-json\/wp\/v2\/posts\/40660\/revisions\/40661"}],"wp:attachment":[{"href":"https:\/\/sindaopcpb.org.br\/index.php\/wp-json\/wp\/v2\/media?parent=40660"}],"wp:term":[{"taxonomy":"category","embeddable":true,"href":"https:\/\/sindaopcpb.org.br\/index.php\/wp-json\/wp\/v2\/categories?post=40660"},{"taxonomy":"post_tag","embeddable":true,"href":"https:\/\/sindaopcpb.org.br\/index.php\/wp-json\/wp\/v2\/tags?post=40660"}],"curies":[{"name":"wp","href":"https:\/\/api.w.org\/{rel}","templated":true}]}}