{"id":40610,"date":"2023-10-27T11:21:56","date_gmt":"2023-10-27T14:21:56","guid":{"rendered":"https:\/\/g1.globo.com\/pb\/paraiba\/noticia\/2023\/10\/27\/governo-da-pb-altera-limite-de-isencao-do-icms-em-veiculos-destinados-a-pessoas-com-deficiencia.ghtml"},"modified":"2023-10-27T11:21:56","modified_gmt":"2023-10-27T14:21:56","slug":"governo-da-pb-altera-limite-de-isencao-do-icms-em-veiculos-destinados-a-pessoas-com-deficiencia","status":"publish","type":"post","link":"https:\/\/sindaopcpb.org.br\/index.php\/2023\/10\/27\/governo-da-pb-altera-limite-de-isencao-do-icms-em-veiculos-destinados-a-pessoas-com-deficiencia\/","title":{"rendered":"Governo da PB altera limite de isen\u00e7\u00e3o do ICMS em ve\u00edculos destinados a pessoas com defici\u00eancia"},"content":{"rendered":"   <img src=\"https:\/\/s2-g1.glbimg.com\/rDma1ZLQ_sjX4olkaXk0ivH-Mc4=\/i.s3.glbimg.com\/v1\/AUTH_59edd422c0c84a879bd37670ae4f538a\/internal_photos\/bs\/2022\/w\/b\/8B8vqgQBCSdKzoy7nzZw\/joao-azevedo.jpeg\" \/><br \/>     Decreto foi publicado no Di\u00e1rio Oficial do Estado (DOE) desta sexta (27). Governo da PB altera limite de isen\u00e7\u00e3o do ICMS em ve\u00edculos destinados a pessoas com defici\u00eancia\nDivulga\u00e7\u00e3o\/Governo da Para\u00edba\nO governador da Para\u00edba, Jo\u00e3o Azev\u00eado, publicou um decreto no Di\u00e1rio Oficial do Estado (DOE) desta sexta-feira (27) que altera o limite de isen\u00e7\u00e3o do Imposto sobre Circula\u00e7\u00e3o de Mercadorias e Servi\u00e7os (ICMS) de ve\u00edculos destinados a pessoas com defici\u00eancia f\u00edsica, visual, mental severa ou profunda, s\u00edndrome de Down ou autistas.\nCompartilhe no WhatsApp\nCompartilhe no Telegram\nAs pessoas beneficiadas com a isen\u00e7\u00e3o do ICMS poder\u00e3o adquirir ve\u00edculos novos que n\u00e3o ultrapassem o valor de venda ao consumidor sugerido pelo fabricante, inclu\u00eddos os tributos incidentes, de R$ 120 mil. Caso o valor do ve\u00edculo seja superior a R$ 70 mil, haver\u00e1 isen\u00e7\u00e3o parcial de ICMS, limitada \u00e0 parcela da opera\u00e7\u00e3o no valor de R$ 70 mil.\nEm 2021, a isen\u00e7\u00e3o total era de R$ 70 mil, sendo que para o teto de R$ 100 mil, o que muda no novo decreto para um teto de R$ 120 mil.\nEm todos os casos, \u00e9 necess\u00e1ria a condi\u00e7\u00e3o ser atestada mediante laudo de avalia\u00e7\u00e3o emitido por m\u00e9dico.\nA isen\u00e7\u00e3o existe no estado desde 2012, conforme a Secretaria Estadual de Fazenda (Sefaz), e as altera\u00e7\u00f5es ocorreram para adequar a legisla\u00e7\u00e3o tribut\u00e1ria estadual a conv\u00eanios de ICMS.\nDe acordo com o decreto, a decis\u00e3o entra em vigor na data de sua publica\u00e7\u00e3o, nesta sexta-feira (27), produzindo efeitos a partir de 1\u00ba de janeiro de 2024.\nV\u00eddeos mais assistidos do g1 Para\u00edba  ","protected":false},"excerpt":{"rendered":"<p>        Decreto foi publicado no Di\u00e1rio Oficial do Estado (DOE) desta sexta (27). Governo da PB altera limite de isen\u00e7\u00e3o do ICMS em ve\u00edculos destinados a pessoas com defici\u00eancia<br \/>\nDivulga\u00e7\u00e3o\/Governo da Para\u00edba<br \/>\nO governador da Para\u00edba, Jo\u00e3o Azev\u00eado, publi&#8230;<\/p>\n","protected":false},"author":2,"featured_media":0,"comment_status":"closed","ping_status":"closed","sticky":false,"template":"","format":"standard","meta":{"advgb_blocks_editor_width":"","advgb_blocks_columns_visual_guide":"","footnotes":""},"categories":[34],"tags":[35],"class_list":["post-40610","post","type-post","status-publish","format-standard","hentry","category-g1","tag-g1"],"author_meta":{"display_name":"g1 &gt; Para\u00edba","author_link":"https:\/\/sindaopcpb.org.br\/author\/g1-paraiba\/"},"featured_img":null,"coauthors":[],"tax_additional":{"categories":{"linked":["<a href=\"https:\/\/sindaopcpb.org.br\/g1\/\" class=\"advgb-post-tax-term\">G1<\/a>"],"unlinked":["<span class=\"advgb-post-tax-term\">G1<\/span>"]},"tags":{"linked":["<a href=\"https:\/\/sindaopcpb.org.br\/g1\/\" class=\"advgb-post-tax-term\">g1<\/a>"],"unlinked":["<span class=\"advgb-post-tax-term\">g1<\/span>"]}},"comment_count":"0","relative_dates":{"created":"Publicado 3 anos atr\u00e1s","modified":"Atualizado 3 anos atr\u00e1s"},"absolute_dates":{"created":"Publicado em 27 de outubro de 2023","modified":"Atualizado em 27 de outubro de 2023"},"absolute_dates_time":{"created":"Publicado em 27 de outubro de 2023 11:21","modified":"Atualizado em 27 de outubro de 2023 11:21"},"featured_img_caption":"","series_order":"","_links":{"self":[{"href":"https:\/\/sindaopcpb.org.br\/index.php\/wp-json\/wp\/v2\/posts\/40610","targetHints":{"allow":["GET"]}}],"collection":[{"href":"https:\/\/sindaopcpb.org.br\/index.php\/wp-json\/wp\/v2\/posts"}],"about":[{"href":"https:\/\/sindaopcpb.org.br\/index.php\/wp-json\/wp\/v2\/types\/post"}],"author":[{"embeddable":true,"href":"https:\/\/sindaopcpb.org.br\/index.php\/wp-json\/wp\/v2\/users\/2"}],"replies":[{"embeddable":true,"href":"https:\/\/sindaopcpb.org.br\/index.php\/wp-json\/wp\/v2\/comments?post=40610"}],"version-history":[{"count":1,"href":"https:\/\/sindaopcpb.org.br\/index.php\/wp-json\/wp\/v2\/posts\/40610\/revisions"}],"predecessor-version":[{"id":40611,"href":"https:\/\/sindaopcpb.org.br\/index.php\/wp-json\/wp\/v2\/posts\/40610\/revisions\/40611"}],"wp:attachment":[{"href":"https:\/\/sindaopcpb.org.br\/index.php\/wp-json\/wp\/v2\/media?parent=40610"}],"wp:term":[{"taxonomy":"category","embeddable":true,"href":"https:\/\/sindaopcpb.org.br\/index.php\/wp-json\/wp\/v2\/categories?post=40610"},{"taxonomy":"post_tag","embeddable":true,"href":"https:\/\/sindaopcpb.org.br\/index.php\/wp-json\/wp\/v2\/tags?post=40610"}],"curies":[{"name":"wp","href":"https:\/\/api.w.org\/{rel}","templated":true}]}}