{"id":40582,"date":"2023-10-27T07:29:39","date_gmt":"2023-10-27T10:29:39","guid":{"rendered":"https:\/\/wpa.wscom.com.br\/?p=929934"},"modified":"2023-10-27T07:29:39","modified_gmt":"2023-10-27T10:29:39","slug":"ministro-do-tcu-elogia-boas-praticas-de-governanca-implantadas-na-paraiba-em-encontro-com-joao-azevedo","status":"publish","type":"post","link":"https:\/\/sindaopcpb.org.br\/index.php\/2023\/10\/27\/ministro-do-tcu-elogia-boas-praticas-de-governanca-implantadas-na-paraiba-em-encontro-com-joao-azevedo\/","title":{"rendered":"Ministro do TCU elogia boas pr\u00e1ticas de governan\u00e7a implantadas na Para\u00edba em encontro com Jo\u00e3o Azev\u00eado"},"content":{"rendered":"<p>O governador Jo\u00e3o Azev\u00eado recebeu, nesta quinta-feira (26), em Jo\u00e3o Pessoa, a visita de cortesia do ministro do Tribunal de Contas da Uni\u00e3o (TCU), Augusto Nardes, ocasi\u00e3o em que dialogaram sobre boas pr\u00e1ticas de governan\u00e7a p\u00fablica. A atua\u00e7\u00e3o da Para\u00edba no segmento foi elogiada pelo ministro que enalteceu a efici\u00eancia administrativa do estado.<\/p>\n<p>Na oportunidade, o chefe do Executivo estadual enalteceu o trabalho do ministro Augusto Nardes e a import\u00e2ncia da troca de experi\u00eancias para o aperfei\u00e7oamento do servi\u00e7o p\u00fablico. \u201cO ministro desenvolve h\u00e1 muitos anos um trabalho de governan\u00e7a em todo o Brasil para avaliar o alcance e efici\u00eancia das pol\u00edticas p\u00fablicas. Na Para\u00edba, temos avan\u00e7ado muito nesse segmento, nos destacando como um dos estados do pa\u00eds que mais oferecem servi\u00e7os digitais, al\u00e9m das redes de controle e monitoramento, sistemas de comunica\u00e7\u00e3o e coleta de dados e vamos continuar fortalecendo essas a\u00e7\u00f5es\u201d, frisou.<\/p>\n<p>Por sua vez, o ministro Augusto Nardes parabenizou o governador Jo\u00e3o Azev\u00eado pela implanta\u00e7\u00e3o de sistemas de governan\u00e7a que t\u00eam colocado a Para\u00edba em destaque nacional.\u00a0 \u201cO governador Jo\u00e3o Azev\u00eado tem uma capacidade diferenciada pelo desenvolvimento das ferramentas de governan\u00e7a que elevam e destacam a Para\u00edba, um dos estados mais desenvolvidos do Nordeste, com um \u00edndice de tecnologia muito avan\u00e7ado. Tivemos uma conversa muito frut\u00edfera porque a Para\u00edba est\u00e1 avan\u00e7ada pela capacidade do governador\u00a0 e estou feliz de vir no estado em que a gente j\u00e1 tem boas pr\u00e1ticas de governan\u00e7a e saio daqui muito feliz porque vi muito do que estamos querendo implantar no Brasil para que possamos desenvolver um pa\u00eds com mais capacidade na entrega de resultados, seja na sa\u00fade, educa\u00e7\u00e3o\u201d, pontuou.<\/p>\n<p>Acompanharam a reuni\u00e3o, o procurador-geral do Estado, F\u00e1bio Andrade; o secret\u00e1rio de Finan\u00e7as da Prefeitura de Jo\u00e3o Pessoa, Bruno Sit\u00f4nio; e o procurador federal Daniel Catelli.<\/p>\n<p>O post <a rel=\"nofollow noopener\" href=\"https:\/\/wscom.com.br\/ministro-do-tcu-elogia-boas-praticas-de-governanca-i\/\" target=\"_blank\">Ministro do TCU elogia boas pr\u00e1ticas de governan\u00e7a implantadas na Para\u00edba em encontro com Jo\u00e3o Azev\u00eado<\/a> apareceu primeiro em <a rel=\"nofollow noopener\" href=\"https:\/\/wscom.com.br\/\" target=\"_blank\">WSCOM<\/a>.<\/p>\n","protected":false},"excerpt":{"rendered":"<p>O governador Jo\u00e3o Azev\u00eado recebeu, nesta quinta-feira (26), em Jo\u00e3o Pessoa, a visita de cortesia do ministro do Tribunal de Contas da Uni\u00e3o (TCU), Augusto Nardes, ocasi\u00e3o em que dialogaram sobre boas pr\u00e1ticas de governan\u00e7a p\u00fablica. A atua\u00e7\u00e3o da Para\u00edba no segmento foi elogiada pelo ministro que enalteceu a efici\u00eancia administrativa do estado. Na oportunidade, [\u2026]<\/p>\n<p>O post <a rel=\"nofollow\" href=\"https:\/\/wscom.com.br\/ministro-do-tcu-elogia-boas-praticas-de-governanca-i\/\">Ministro do TCU elogia boas pr\u00e1ticas de governan\u00e7a implantadas na Para\u00edba em encontro com Jo\u00e3o Azev\u00eado<\/a> apareceu primeiro em <a rel=\"nofollow\" href=\"https:\/\/wscom.com.br\/\">WSCOM<\/a>.<\/p>\n","protected":false},"author":50,"featured_media":0,"comment_status":"closed","ping_status":"closed","sticky":false,"template":"","format":"standard","meta":{"advgb_blocks_editor_width":"","advgb_blocks_columns_visual_guide":"","footnotes":""},"categories":[637,34,531,966,47,1284],"tags":[35],"class_list":["post-40582","post","type-post","status-publish","format-standard","hentry","category-azevedo","category-g1","category-joao","category-ministro","category-politica","category-tcu","tag-g1"],"author_meta":{"display_name":"Wallyson","author_link":"https:\/\/sindaopcpb.org.br\/author\/wallyson\/"},"featured_img":null,"coauthors":[],"tax_additional":{"categories":{"linked":["<a href=\"https:\/\/sindaopcpb.org.br\/azevedo\/\" class=\"advgb-post-tax-term\">Azevedo<\/a>","<a href=\"https:\/\/sindaopcpb.org.br\/g1\/\" class=\"advgb-post-tax-term\">G1<\/a>","<a href=\"https:\/\/sindaopcpb.org.br\/joao\/\" class=\"advgb-post-tax-term\">Jo\u00e3o<\/a>","<a href=\"https:\/\/sindaopcpb.org.br\/ministro\/\" class=\"advgb-post-tax-term\">ministro<\/a>","<a href=\"https:\/\/sindaopcpb.org.br\/politica\/\" class=\"advgb-post-tax-term\">POLITICA<\/a>","<a href=\"https:\/\/sindaopcpb.org.br\/tcu\/\" class=\"advgb-post-tax-term\">TCU<\/a>"],"unlinked":["<span class=\"advgb-post-tax-term\">Azevedo<\/span>","<span class=\"advgb-post-tax-term\">G1<\/span>","<span class=\"advgb-post-tax-term\">Jo\u00e3o<\/span>","<span class=\"advgb-post-tax-term\">ministro<\/span>","<span class=\"advgb-post-tax-term\">POLITICA<\/span>","<span class=\"advgb-post-tax-term\">TCU<\/span>"]},"tags":{"linked":["<a href=\"https:\/\/sindaopcpb.org.br\/tcu\/\" class=\"advgb-post-tax-term\">g1<\/a>"],"unlinked":["<span class=\"advgb-post-tax-term\">g1<\/span>"]}},"comment_count":"0","relative_dates":{"created":"Publicado 3 anos atr\u00e1s","modified":"Atualizado 3 anos atr\u00e1s"},"absolute_dates":{"created":"Publicado em 27 de outubro de 2023","modified":"Atualizado em 27 de outubro de 2023"},"absolute_dates_time":{"created":"Publicado em 27 de outubro de 2023 07:29","modified":"Atualizado em 27 de outubro de 2023 07:29"},"featured_img_caption":"","series_order":"","_links":{"self":[{"href":"https:\/\/sindaopcpb.org.br\/index.php\/wp-json\/wp\/v2\/posts\/40582","targetHints":{"allow":["GET"]}}],"collection":[{"href":"https:\/\/sindaopcpb.org.br\/index.php\/wp-json\/wp\/v2\/posts"}],"about":[{"href":"https:\/\/sindaopcpb.org.br\/index.php\/wp-json\/wp\/v2\/types\/post"}],"author":[{"embeddable":true,"href":"https:\/\/sindaopcpb.org.br\/index.php\/wp-json\/wp\/v2\/users\/50"}],"replies":[{"embeddable":true,"href":"https:\/\/sindaopcpb.org.br\/index.php\/wp-json\/wp\/v2\/comments?post=40582"}],"version-history":[{"count":1,"href":"https:\/\/sindaopcpb.org.br\/index.php\/wp-json\/wp\/v2\/posts\/40582\/revisions"}],"predecessor-version":[{"id":40583,"href":"https:\/\/sindaopcpb.org.br\/index.php\/wp-json\/wp\/v2\/posts\/40582\/revisions\/40583"}],"wp:attachment":[{"href":"https:\/\/sindaopcpb.org.br\/index.php\/wp-json\/wp\/v2\/media?parent=40582"}],"wp:term":[{"taxonomy":"category","embeddable":true,"href":"https:\/\/sindaopcpb.org.br\/index.php\/wp-json\/wp\/v2\/categories?post=40582"},{"taxonomy":"post_tag","embeddable":true,"href":"https:\/\/sindaopcpb.org.br\/index.php\/wp-json\/wp\/v2\/tags?post=40582"}],"curies":[{"name":"wp","href":"https:\/\/api.w.org\/{rel}","templated":true}]}}