{"id":40546,"date":"2023-10-26T18:25:35","date_gmt":"2023-10-26T21:25:35","guid":{"rendered":"https:\/\/g1.globo.com\/pb\/paraiba\/noticia\/2023\/10\/26\/idoso-e-preso-suspeito-de-estuprar-afilhada-de-8-anos-no-sertao-da-paraiba.ghtml"},"modified":"2023-10-26T18:25:35","modified_gmt":"2023-10-26T21:25:35","slug":"idoso-e-preso-suspeito-de-estuprar-afilhada-de-8-anos-no-sertao-da-paraiba","status":"publish","type":"post","link":"https:\/\/sindaopcpb.org.br\/index.php\/2023\/10\/26\/idoso-e-preso-suspeito-de-estuprar-afilhada-de-8-anos-no-sertao-da-paraiba\/","title":{"rendered":"Idoso \u00e9 preso suspeito de estuprar afilhada de 8 anos no Sert\u00e3o da Para\u00edba"},"content":{"rendered":"   <img src=\"https:\/\/s2.glbimg.com\/MYr8Pskool-N2hJCZewpDJn5dxI=\/i.s3.glbimg.com\/v1\/AUTH_59edd422c0c84a879bd37670ae4f538a\/internal_photos\/bs\/2019\/l\/B\/zPpwVMSIeLAZuRdnOE7g\/centraldepoliciacajazeiras.jpeg\" \/><br \/>     Menina e a irm\u00e3 mais nova frequentavam a resid\u00eancia do suspeito, porque a m\u00e3e trabalhava no local. Central de Pol\u00edcia de Cajazeiras\nBeto Silva\/TV Para\u00edba\nUm idoso, de 74 anos, foi preso, nesta quinta-feira (26), suspeito de estuprar a afilhada de 8 anos em Cajazeiras, no Sert\u00e3o da Para\u00edba. A menina e a irm\u00e3 mais nova frequentavam a resid\u00eancia do suspeito, porque a m\u00e3e trabalhava no local. \nSegundo a delegada Yvna Cordeiro, respons\u00e1vel pelo caso, a investiga\u00e7\u00e3o come\u00e7ou ap\u00f3s a m\u00e3e da v\u00edtima denunciar o crime na segunda-feira (23).\nA crian\u00e7a informou a delegada que quando visitava a casa do padrinho, ele a beijava e tocava partes do corpo dela,  sendo atos libidinosos que configuram estupro de vulner\u00e1vel.\nA pol\u00edcia tamb\u00e9m ouviu familiares da v\u00edtima e outras testemunhas. \nPara a pol\u00edcia, o suspeito tinha a confian\u00e7a das crian\u00e7as e da m\u00e3e da v\u00edtima. A delegada informou que a menina e a irm\u00e3 mais nova dormiram algumas vezes na resid\u00eancia do idoso.\nA delegada solicitou a pris\u00e3o preventiva do suspeito e o mandado de pris\u00e3o foi expedido nesta quinta-feira (26).\nO homem compareceu na delegacia acompanhado do advogado, e  ap\u00f3s o interrogat\u00f3rio foi cumprido o mandado de pris\u00e3o preventiva.\nO suspeito foi levado para o Instituto de Pol\u00edcia Cient\u00edfica (IPC) antes de ir para a carceragem da delegacia de Cajazeiras, onde ir\u00e1 aguardar a audi\u00eancia de cust\u00f3dia prevista para a sexta-feira (27). \nV\u00eddeos mais assistidos do g1 Para\u00edba  ","protected":false},"excerpt":{"rendered":"<p>        Menina e a irm\u00e3 mais nova frequentavam a resid\u00eancia do suspeito, porque a m\u00e3e trabalhava no local. Central de Pol\u00edcia de Cajazeiras<br \/>\nBeto Silva\/TV Para\u00edba<br \/>\nUm idoso, de 74 anos, foi preso, nesta quinta-feira (26), suspeito de estuprar a afilhada &#8230;<\/p>\n","protected":false},"author":2,"featured_media":0,"comment_status":"closed","ping_status":"closed","sticky":false,"template":"","format":"standard","meta":{"advgb_blocks_editor_width":"","advgb_blocks_columns_visual_guide":"","footnotes":""},"categories":[34],"tags":[35],"class_list":["post-40546","post","type-post","status-publish","format-standard","hentry","category-g1","tag-g1"],"author_meta":{"display_name":"g1 &gt; Para\u00edba","author_link":"https:\/\/sindaopcpb.org.br\/author\/g1-paraiba\/"},"featured_img":null,"coauthors":[],"tax_additional":{"categories":{"linked":["<a href=\"https:\/\/sindaopcpb.org.br\/g1\/\" class=\"advgb-post-tax-term\">G1<\/a>"],"unlinked":["<span class=\"advgb-post-tax-term\">G1<\/span>"]},"tags":{"linked":["<a href=\"https:\/\/sindaopcpb.org.br\/g1\/\" class=\"advgb-post-tax-term\">g1<\/a>"],"unlinked":["<span class=\"advgb-post-tax-term\">g1<\/span>"]}},"comment_count":"0","relative_dates":{"created":"Publicado 3 anos atr\u00e1s","modified":"Atualizado 3 anos atr\u00e1s"},"absolute_dates":{"created":"Publicado em 26 de outubro de 2023","modified":"Atualizado em 26 de outubro de 2023"},"absolute_dates_time":{"created":"Publicado em 26 de outubro de 2023 18:25","modified":"Atualizado em 26 de outubro de 2023 18:25"},"featured_img_caption":"","series_order":"","_links":{"self":[{"href":"https:\/\/sindaopcpb.org.br\/index.php\/wp-json\/wp\/v2\/posts\/40546","targetHints":{"allow":["GET"]}}],"collection":[{"href":"https:\/\/sindaopcpb.org.br\/index.php\/wp-json\/wp\/v2\/posts"}],"about":[{"href":"https:\/\/sindaopcpb.org.br\/index.php\/wp-json\/wp\/v2\/types\/post"}],"author":[{"embeddable":true,"href":"https:\/\/sindaopcpb.org.br\/index.php\/wp-json\/wp\/v2\/users\/2"}],"replies":[{"embeddable":true,"href":"https:\/\/sindaopcpb.org.br\/index.php\/wp-json\/wp\/v2\/comments?post=40546"}],"version-history":[{"count":2,"href":"https:\/\/sindaopcpb.org.br\/index.php\/wp-json\/wp\/v2\/posts\/40546\/revisions"}],"predecessor-version":[{"id":40627,"href":"https:\/\/sindaopcpb.org.br\/index.php\/wp-json\/wp\/v2\/posts\/40546\/revisions\/40627"}],"wp:attachment":[{"href":"https:\/\/sindaopcpb.org.br\/index.php\/wp-json\/wp\/v2\/media?parent=40546"}],"wp:term":[{"taxonomy":"category","embeddable":true,"href":"https:\/\/sindaopcpb.org.br\/index.php\/wp-json\/wp\/v2\/categories?post=40546"},{"taxonomy":"post_tag","embeddable":true,"href":"https:\/\/sindaopcpb.org.br\/index.php\/wp-json\/wp\/v2\/tags?post=40546"}],"curies":[{"name":"wp","href":"https:\/\/api.w.org\/{rel}","templated":true}]}}