{"id":40525,"date":"2023-10-26T16:26:19","date_gmt":"2023-10-26T19:26:19","guid":{"rendered":"https:\/\/wpa.wscom.com.br\/?p=929865"},"modified":"2023-10-26T16:26:19","modified_gmt":"2023-10-26T19:26:19","slug":"exercito-prende-17-militares-por-falha-na-fiscalizacao-e-pede-prisao-preventiva-de-6-suspeitos-por-furto-de-metralhadoras","status":"publish","type":"post","link":"https:\/\/sindaopcpb.org.br\/index.php\/2023\/10\/26\/exercito-prende-17-militares-por-falha-na-fiscalizacao-e-pede-prisao-preventiva-de-6-suspeitos-por-furto-de-metralhadoras\/","title":{"rendered":"Ex\u00e9rcito prende 17 militares por falha na fiscaliza\u00e7\u00e3o e pede pris\u00e3o preventiva de 6 suspeitos por furto de metralhadoras"},"content":{"rendered":"<p>O Ex\u00e9rcito Brasileiro prendeu administrativamente 17 militares por falhas na fiscaliza\u00e7\u00e3o que resultou no furto de 21 metralhadoras do Arsenal de Guerra, localizado em Barueri, na Grande S\u00e3o Paulo. Segundo o\u00a0<a href=\"https:\/\/g1.globo.com\/sp\/sao-paulo\/noticia\/2023\/10\/26\/exercito-prende-militares-por-falha-na-fiscalizacao-de-armas-e-pede-prisao-preventiva-de-suspeitos-por-furto-de-metralhadoras-em-quartel.ghtml?utm_source=twitter&amp;utm_medium=social&amp;utm_campaign=g1\" rel=\"noopener nofollow\" target=\"_blank\">G1<\/a>, a institui\u00e7\u00e3o tamb\u00e9m pediu \u00e0 Justi\u00e7a Militar a pris\u00e3o preventiva de outros seis militares de diversas patentes que teriam participado ativamente do furto do material b\u00e9lico.<\/p>\n<p>&#8220;O Comando Militar do Sudeste (CMSE) informa que 17 (dezessete) militares do Arsenal de Guerra de S\u00e3o Paulo (AGSP) cumprem puni\u00e7\u00e3o disciplinar, sancionados \u00e0 luz do Regulamento Disciplinar do Ex\u00e9rcito (RDE), por falha de conduta e\/ou erro de procedimento nos processos de fiscaliza\u00e7\u00e3o e controle de armamento&#8221;, disse o Ex\u00e9rcito em nota.<\/p>\n<p>Ainda conforme a reportagem, as pris\u00f5es administrativas, que variam de um a 20 dias de deten\u00e7\u00e3o, come\u00e7aram a ser efetuadas no pr\u00f3prio Arsenal de Guerra, mas caber\u00e1 ao comandante da unidade decidir se eles ficar\u00e3o em celas ou apenas proibidos de deixar o quartel, com a possibilidade de continuar o trabalho durante o per\u00edodo.<\/p>\n<p>A Justi\u00e7a Militar n\u00e3o emitiu decis\u00f5es sobre as pris\u00f5es preventivas solicitadas. Em caso de decreta\u00e7\u00e3o, os militares ser\u00e3o encaminhados ao 2\u00ba Batalh\u00e3o da Pol\u00edcia do Ex\u00e9rcito, em Osasco.<\/p>\n<p>O roubo, que teria ocorrido durante o feriado de 7 de setembro, envolveu o desligamento intencional da energia el\u00e9trica, com a desativa\u00e7\u00e3o das c\u00e2meras de seguran\u00e7a. Peritos encontraram impress\u00f5es digitais de militares nas \u00e1reas afetadas. Apesar da recupera\u00e7\u00e3o de 17 metralhadoras em opera\u00e7\u00f5es recentes, quatro armas ainda est\u00e3o desaparecidas.<\/p>\n<p>O post <a rel=\"nofollow noopener\" href=\"https:\/\/wscom.com.br\/exercito-prende-17-militares-por-falha-na-fiscalizacao-e-pede-prisao-preventiva-de-6-suspeitos-por-furto-de-metralhadoras\/\" target=\"_blank\">Ex\u00e9rcito prende 17 militares por falha na fiscaliza\u00e7\u00e3o e pede pris\u00e3o preventiva de 6 suspeitos por furto de metralhadoras<\/a> apareceu primeiro em <a rel=\"nofollow noopener\" href=\"https:\/\/wscom.com.br\/\" target=\"_blank\">WSCOM<\/a>.<\/p>\n","protected":false},"excerpt":{"rendered":"<p>O Ex\u00e9rcito Brasileiro prendeu administrativamente 17 militares por falhas na fiscaliza\u00e7\u00e3o que resultou no furto de 21 metralhadoras do Arsenal de Guerra, localizado em Barueri, na Grande S\u00e3o Paulo. Segundo o\u00a0G1, a institui\u00e7\u00e3o tamb\u00e9m pediu \u00e0 Justi\u00e7a Militar a pris\u00e3o preventiva de outros seis militares de diversas patentes que teriam participado ativamente do furto do [\u2026]<\/p>\n<p>O post <a rel=\"nofollow\" href=\"https:\/\/wscom.com.br\/exercito-prende-17-militares-por-falha-na-fiscalizacao-e-pede-prisao-preventiva-de-6-suspeitos-por-furto-de-metralhadoras\/\">Ex\u00e9rcito prende 17 militares por falha na fiscaliza\u00e7\u00e3o e pede pris\u00e3o preventiva de 6 suspeitos por furto de metralhadoras<\/a> apareceu primeiro em <a rel=\"nofollow\" href=\"https:\/\/wscom.com.br\/\">WSCOM<\/a>.<\/p>\n","protected":false},"author":49,"featured_media":0,"comment_status":"closed","ping_status":"closed","sticky":false,"template":"","format":"standard","meta":{"advgb_blocks_editor_width":"","advgb_blocks_columns_visual_guide":"","footnotes":""},"categories":[10565,34,10566,10567,66,10568],"tags":[35],"class_list":["post-40525","post","type-post","status-publish","format-standard","hentry","category-furto-de-metralhadoras","category-g1","category-grande-sao-paulo","category-material-belico","category-policial","category-prisao-preventiva","tag-g1"],"author_meta":{"display_name":"Cristiane Cavalcante","author_link":"https:\/\/sindaopcpb.org.br\/author\/cristiane-cavalcante\/"},"featured_img":null,"coauthors":[],"tax_additional":{"categories":{"linked":["<a href=\"https:\/\/sindaopcpb.org.br\/furto-de-metralhadoras\/\" class=\"advgb-post-tax-term\">furto de metralhadoras<\/a>","<a href=\"https:\/\/sindaopcpb.org.br\/g1\/\" class=\"advgb-post-tax-term\">G1<\/a>","<a href=\"https:\/\/sindaopcpb.org.br\/grande-sao-paulo\/\" class=\"advgb-post-tax-term\">Grande S\u00e3o Paulo<\/a>","<a href=\"https:\/\/sindaopcpb.org.br\/material-belico\/\" class=\"advgb-post-tax-term\">material b\u00e9lico<\/a>","<a href=\"https:\/\/sindaopcpb.org.br\/policial\/\" class=\"advgb-post-tax-term\">Policial<\/a>","<a href=\"https:\/\/sindaopcpb.org.br\/prisao-preventiva\/\" class=\"advgb-post-tax-term\">Pris\u00e3o Preventiva<\/a>"],"unlinked":["<span class=\"advgb-post-tax-term\">furto de metralhadoras<\/span>","<span class=\"advgb-post-tax-term\">G1<\/span>","<span class=\"advgb-post-tax-term\">Grande S\u00e3o Paulo<\/span>","<span class=\"advgb-post-tax-term\">material b\u00e9lico<\/span>","<span class=\"advgb-post-tax-term\">Policial<\/span>","<span class=\"advgb-post-tax-term\">Pris\u00e3o Preventiva<\/span>"]},"tags":{"linked":["<a href=\"https:\/\/sindaopcpb.org.br\/prisao-preventiva\/\" class=\"advgb-post-tax-term\">g1<\/a>"],"unlinked":["<span class=\"advgb-post-tax-term\">g1<\/span>"]}},"comment_count":"0","relative_dates":{"created":"Publicado 3 anos atr\u00e1s","modified":"Atualizado 3 anos atr\u00e1s"},"absolute_dates":{"created":"Publicado em 26 de outubro de 2023","modified":"Atualizado em 26 de outubro de 2023"},"absolute_dates_time":{"created":"Publicado em 26 de outubro de 2023 16:26","modified":"Atualizado em 26 de outubro de 2023 16:26"},"featured_img_caption":"","series_order":"","_links":{"self":[{"href":"https:\/\/sindaopcpb.org.br\/index.php\/wp-json\/wp\/v2\/posts\/40525","targetHints":{"allow":["GET"]}}],"collection":[{"href":"https:\/\/sindaopcpb.org.br\/index.php\/wp-json\/wp\/v2\/posts"}],"about":[{"href":"https:\/\/sindaopcpb.org.br\/index.php\/wp-json\/wp\/v2\/types\/post"}],"author":[{"embeddable":true,"href":"https:\/\/sindaopcpb.org.br\/index.php\/wp-json\/wp\/v2\/users\/49"}],"replies":[{"embeddable":true,"href":"https:\/\/sindaopcpb.org.br\/index.php\/wp-json\/wp\/v2\/comments?post=40525"}],"version-history":[{"count":1,"href":"https:\/\/sindaopcpb.org.br\/index.php\/wp-json\/wp\/v2\/posts\/40525\/revisions"}],"predecessor-version":[{"id":40526,"href":"https:\/\/sindaopcpb.org.br\/index.php\/wp-json\/wp\/v2\/posts\/40525\/revisions\/40526"}],"wp:attachment":[{"href":"https:\/\/sindaopcpb.org.br\/index.php\/wp-json\/wp\/v2\/media?parent=40525"}],"wp:term":[{"taxonomy":"category","embeddable":true,"href":"https:\/\/sindaopcpb.org.br\/index.php\/wp-json\/wp\/v2\/categories?post=40525"},{"taxonomy":"post_tag","embeddable":true,"href":"https:\/\/sindaopcpb.org.br\/index.php\/wp-json\/wp\/v2\/tags?post=40525"}],"curies":[{"name":"wp","href":"https:\/\/api.w.org\/{rel}","templated":true}]}}