{"id":40516,"date":"2023-10-26T14:59:35","date_gmt":"2023-10-26T17:59:35","guid":{"rendered":"https:\/\/wpa.wscom.com.br\/?p=929838"},"modified":"2023-10-26T14:59:35","modified_gmt":"2023-10-26T17:59:35","slug":"pericia-avaliara-se-crianca-morta-pela-mae-dormia-ou-estava-acordada-delegado-aponta-repulsa-com-cena-do-crime","status":"publish","type":"post","link":"https:\/\/sindaopcpb.org.br\/index.php\/2023\/10\/26\/pericia-avaliara-se-crianca-morta-pela-mae-dormia-ou-estava-acordada-delegado-aponta-repulsa-com-cena-do-crime\/","title":{"rendered":"Per\u00edcia avaliar\u00e1 se crian\u00e7a morta pela m\u00e3e dormia ou estava acordada; delegado aponta \u2018repulsa\u2019 com cena do crime"},"content":{"rendered":"<div class=\"x9f619 xjbqb8w x168nmei x13lgxp2 x5pf9jr xo71vjh x1uhb9sk x1plvlek xryxfnj x1c4vz4f x2lah0s x1q0g3np xqjyukv x1oa3qoh x6s0dn4 x78zum5 x1b8z93w x1amjocr xl56j7k\">\n<p>Diego Garcia, delegado de Homic\u00eddios de Jo\u00e3o Pessoa, revelou nesta quinta-feira a cena de horror que encontrou no local do crime, onde a m\u00e3e, Eliane Nunes da Silva, 27 anos, matou a filha a golpes de faca, no bairro Novo Geisel, em Jo\u00e3o Pessoa. Ele afirmou que foi a pior experi\u00eancia que vivenciou em 12 anos na pol\u00edcia civil.<\/p>\n<p>&#8220;Ao analisar o local do crime, vimos que havia bastantes golpes de arma branca na crian\u00e7a. Observamos que ela foi perfurada na regi\u00e3o do abdome e, provavelmente, em seguida colocada de costas, onde houve mais algumas perfura\u00e7\u00f5es, bem como uma tentativa de finaliza\u00e7\u00e3o desse ato na regi\u00e3o do pesco\u00e7o&#8221;, declarou.<\/p>\n<p>Ele disse que apenas uma per\u00edcia poder\u00e1 definir se a crian\u00e7a estava acordada ou dormindo no momento do crime.<\/p>\n<p>&#8220;Diversos golpes foram aplicados nessa crian\u00e7a. A per\u00edcia poder\u00e1 dizer se ela estava dormindo ou acordada no momento do crime, sendo ela uma crian\u00e7a de 1 ano de idade. Acho que s\u00f3 a per\u00edcia vai esclarecer. A crian\u00e7a estava bem vestida, acomodada em seu ber\u00e7o, e havia muito sangue devido \u00e0s perfura\u00e7\u00f5es. A faca usada no crime tamb\u00e9m estava sobre o ber\u00e7o, um fato bastante lament\u00e1vel&#8221;, dise<\/p>\n<p>Garcia ainda se mostrou chocado com o caso: &#8220;Para n\u00f3s, que acompanhamos esse local de crime, \u00e9 at\u00e9 chocante. Isso mostra o quanto a humanidade \u00e9 capaz de agir de forma cruel, especialmente com pessoas pr\u00f3ximas, como \u00e9 o caso de uma m\u00e3e e sua filha de 1 ano. S\u00e3o 12 anos na pol\u00edcia e confesso que esta foi uma das cenas que mais me causaram repulsa, devido \u00e0 quantidade de ferimentos nessa crian\u00e7a em seu leito, que era um ber\u00e7o.&#8221;<\/p>\n<\/div>\n<p>O post <a rel=\"nofollow noopener\" href=\"https:\/\/wscom.com.br\/pericia-avaliara-delegado-aponta-repulsa-ao-ver-cena\/\" target=\"_blank\">Per\u00edcia avaliar\u00e1 se crian\u00e7a morta pela m\u00e3e dormia ou estava acordada; delegado aponta &#8216;repulsa&#8217; com cena do crime<\/a> apareceu primeiro em <a rel=\"nofollow noopener\" href=\"https:\/\/wscom.com.br\/\" target=\"_blank\">WSCOM<\/a>.<\/p>\n","protected":false},"excerpt":{"rendered":"<p>Diego Garcia, delegado de Homic\u00eddios de Jo\u00e3o Pessoa, revelou nesta quinta-feira a cena de horror que encontrou no local do crime, onde a m\u00e3e, Eliane Nunes da Silva, 27 anos, matou a filha a golpes de faca, no bairro Novo Geisel, em Jo\u00e3o Pessoa. Ele afirmou que foi a pior experi\u00eancia que vivenciou em 12 [\u2026]<\/p>\n<p>O post <a rel=\"nofollow\" href=\"https:\/\/wscom.com.br\/pericia-avaliara-delegado-aponta-repulsa-ao-ver-cena\/\">Per\u00edcia avaliar\u00e1 se crian\u00e7a morta pela m\u00e3e dormia ou estava acordada; delegado aponta \u2018repulsa\u2019 com cena do crime<\/a> apareceu primeiro em <a rel=\"nofollow\" href=\"https:\/\/wscom.com.br\/\">WSCOM<\/a>.<\/p>\n","protected":false},"author":50,"featured_media":0,"comment_status":"closed","ping_status":"closed","sticky":false,"template":"","format":"standard","meta":{"advgb_blocks_editor_width":"","advgb_blocks_columns_visual_guide":"","footnotes":""},"categories":[34,66],"tags":[35],"class_list":["post-40516","post","type-post","status-publish","format-standard","hentry","category-g1","category-policial","tag-g1"],"author_meta":{"display_name":"Wallyson","author_link":"https:\/\/sindaopcpb.org.br\/author\/wallyson\/"},"featured_img":null,"coauthors":[],"tax_additional":{"categories":{"linked":["<a href=\"https:\/\/sindaopcpb.org.br\/g1\/\" class=\"advgb-post-tax-term\">G1<\/a>","<a href=\"https:\/\/sindaopcpb.org.br\/policial\/\" class=\"advgb-post-tax-term\">Policial<\/a>"],"unlinked":["<span class=\"advgb-post-tax-term\">G1<\/span>","<span class=\"advgb-post-tax-term\">Policial<\/span>"]},"tags":{"linked":["<a href=\"https:\/\/sindaopcpb.org.br\/policial\/\" class=\"advgb-post-tax-term\">g1<\/a>"],"unlinked":["<span class=\"advgb-post-tax-term\">g1<\/span>"]}},"comment_count":"0","relative_dates":{"created":"Publicado 3 anos atr\u00e1s","modified":"Atualizado 3 anos atr\u00e1s"},"absolute_dates":{"created":"Publicado em 26 de outubro de 2023","modified":"Atualizado em 26 de outubro de 2023"},"absolute_dates_time":{"created":"Publicado em 26 de outubro de 2023 14:59","modified":"Atualizado em 26 de outubro de 2023 14:59"},"featured_img_caption":"","series_order":"","_links":{"self":[{"href":"https:\/\/sindaopcpb.org.br\/index.php\/wp-json\/wp\/v2\/posts\/40516","targetHints":{"allow":["GET"]}}],"collection":[{"href":"https:\/\/sindaopcpb.org.br\/index.php\/wp-json\/wp\/v2\/posts"}],"about":[{"href":"https:\/\/sindaopcpb.org.br\/index.php\/wp-json\/wp\/v2\/types\/post"}],"author":[{"embeddable":true,"href":"https:\/\/sindaopcpb.org.br\/index.php\/wp-json\/wp\/v2\/users\/50"}],"replies":[{"embeddable":true,"href":"https:\/\/sindaopcpb.org.br\/index.php\/wp-json\/wp\/v2\/comments?post=40516"}],"version-history":[{"count":1,"href":"https:\/\/sindaopcpb.org.br\/index.php\/wp-json\/wp\/v2\/posts\/40516\/revisions"}],"predecessor-version":[{"id":40517,"href":"https:\/\/sindaopcpb.org.br\/index.php\/wp-json\/wp\/v2\/posts\/40516\/revisions\/40517"}],"wp:attachment":[{"href":"https:\/\/sindaopcpb.org.br\/index.php\/wp-json\/wp\/v2\/media?parent=40516"}],"wp:term":[{"taxonomy":"category","embeddable":true,"href":"https:\/\/sindaopcpb.org.br\/index.php\/wp-json\/wp\/v2\/categories?post=40516"},{"taxonomy":"post_tag","embeddable":true,"href":"https:\/\/sindaopcpb.org.br\/index.php\/wp-json\/wp\/v2\/tags?post=40516"}],"curies":[{"name":"wp","href":"https:\/\/api.w.org\/{rel}","templated":true}]}}