{"id":40512,"date":"2023-10-26T15:07:25","date_gmt":"2023-10-26T18:07:25","guid":{"rendered":"https:\/\/wpa.wscom.com.br\/?p=929836"},"modified":"2023-10-26T15:07:25","modified_gmt":"2023-10-26T18:07:25","slug":"pai-de-menina-morta-a-facadas-em-joao-pessoa-diz-que-mae-era-controladora-e-por-isso-buscou-separacao-estou-arrasado","status":"publish","type":"post","link":"https:\/\/sindaopcpb.org.br\/index.php\/2023\/10\/26\/pai-de-menina-morta-a-facadas-em-joao-pessoa-diz-que-mae-era-controladora-e-por-isso-buscou-separacao-estou-arrasado\/","title":{"rendered":"Pai de menina morta a facadas em Jo\u00e3o Pessoa diz que m\u00e3e era \u2018controladora\u2019 e por isso buscou separa\u00e7\u00e3o: \u201cEstou arrasado\u201d"},"content":{"rendered":"<p>O pai da menina Julia, beb\u00ea de um ano morta em um ataque a facadas pela pr\u00f3pria m\u00e3e falo \u00e0 imprensa s sobre o relacionamento com a m\u00e3e da crian\u00e7a, Eliane Nunes da Silva, 27 anos, que confessou o crime. Felipe\u00a0 declarou que o relacionamento entre os dois n\u00e3o era &#8216;saud\u00e1vel&#8217; e ele buscou a separa\u00e7\u00e3o.<\/p>\n<p>&#8220;Eu n\u00e3o aguentava mais tanta possess\u00e3o e tanta briga por besteira. Eu s\u00f3 queria dar o suporte a minha filha e v\u00ea-la de 15 em 15 dias. A gente falava em se separar j\u00e1 por conta desse temperamento dela. Mas, eu nunca tive coragem, porque eu sei que ela era dif\u00edcil. Eu estava preso em um relacionamento que eu n\u00e3o queria, at\u00e9 que um dia eu resolvi terminar&#8221;, revelou segundo mostrado na Tv Tamba\u00fa..<\/p>\n<p>Felipe descreve Julia como sua \u00fanica filha e ainda est\u00e1 tentando compreender como tudo p\u00f4de acontecer. &#8220;Estou arrasado&#8221;<\/p>\n<p>Ele tamb\u00e9m compartilhou que a m\u00e3e da crian\u00e7a frequentemente entrava em conflito: &#8220;Por ser excessivamente ciumenta e controladora, ela sempre arrumava confus\u00e3o com todo mundo [&#8230;] Uma m\u00e3e amorosa n\u00e3o tira a vida de seu filho s\u00f3 porque um relacionamento n\u00e3o deu certo &#8220;, concluiu.<\/p>\n<p>O post <a rel=\"nofollow noopener\" href=\"https:\/\/wscom.com.br\/pai-de-menina-morta-a-facadas-em-joao-pessoa-diz-que-mae-era-controladora-e-por-isso-buscou-separacao-estou-arrasado\/\" target=\"_blank\">Pai de menina morta a facadas em Jo\u00e3o Pessoa diz que m\u00e3e era &#8216;controladora&#8217; e por isso buscou separa\u00e7\u00e3o: &#8220;Estou arrasado&#8221;<\/a> apareceu primeiro em <a rel=\"nofollow noopener\" href=\"https:\/\/wscom.com.br\/\" target=\"_blank\">WSCOM<\/a>.<\/p>\n","protected":false},"excerpt":{"rendered":"<p>O pai da menina Julia, beb\u00ea de um ano morta em um ataque a facadas pela pr\u00f3pria m\u00e3e falo \u00e0 imprensa s sobre o relacionamento com a m\u00e3e da crian\u00e7a, Eliane Nunes da Silva, 27 anos, que confessou o crime. Felipe\u00a0 declarou que o relacionamento entre os dois n\u00e3o era \u2018saud\u00e1vel\u2019 e ele buscou a [\u2026]<\/p>\n<p>O post <a rel=\"nofollow\" href=\"https:\/\/wscom.com.br\/pai-de-menina-morta-a-facadas-em-joao-pessoa-diz-que-mae-era-controladora-e-por-isso-buscou-separacao-estou-arrasado\/\">Pai de menina morta a facadas em Jo\u00e3o Pessoa diz que m\u00e3e era \u2018controladora\u2019 e por isso buscou separa\u00e7\u00e3o: \u201cEstou arrasado\u201d<\/a> apareceu primeiro em <a rel=\"nofollow\" href=\"https:\/\/wscom.com.br\/\">WSCOM<\/a>.<\/p>\n","protected":false},"author":50,"featured_media":0,"comment_status":"closed","ping_status":"closed","sticky":false,"template":"","format":"standard","meta":{"advgb_blocks_editor_width":"","advgb_blocks_columns_visual_guide":"","footnotes":""},"categories":[34,8543,2231,2831,66],"tags":[35],"class_list":["post-40512","post","type-post","status-publish","format-standard","hentry","category-g1","category-menina","category-morta","category-pai","category-policial","tag-g1"],"author_meta":{"display_name":"Wallyson","author_link":"https:\/\/sindaopcpb.org.br\/author\/wallyson\/"},"featured_img":null,"coauthors":[],"tax_additional":{"categories":{"linked":["<a href=\"https:\/\/sindaopcpb.org.br\/g1\/\" class=\"advgb-post-tax-term\">G1<\/a>","<a href=\"https:\/\/sindaopcpb.org.br\/menina\/\" class=\"advgb-post-tax-term\">MENINA<\/a>","<a href=\"https:\/\/sindaopcpb.org.br\/morta\/\" class=\"advgb-post-tax-term\">Morta<\/a>","<a href=\"https:\/\/sindaopcpb.org.br\/pai\/\" class=\"advgb-post-tax-term\">Pai<\/a>","<a href=\"https:\/\/sindaopcpb.org.br\/policial\/\" class=\"advgb-post-tax-term\">Policial<\/a>"],"unlinked":["<span class=\"advgb-post-tax-term\">G1<\/span>","<span class=\"advgb-post-tax-term\">MENINA<\/span>","<span class=\"advgb-post-tax-term\">Morta<\/span>","<span class=\"advgb-post-tax-term\">Pai<\/span>","<span class=\"advgb-post-tax-term\">Policial<\/span>"]},"tags":{"linked":["<a href=\"https:\/\/sindaopcpb.org.br\/policial\/\" class=\"advgb-post-tax-term\">g1<\/a>"],"unlinked":["<span class=\"advgb-post-tax-term\">g1<\/span>"]}},"comment_count":"0","relative_dates":{"created":"Publicado 3 anos atr\u00e1s","modified":"Atualizado 3 anos atr\u00e1s"},"absolute_dates":{"created":"Publicado em 26 de outubro de 2023","modified":"Atualizado em 26 de outubro de 2023"},"absolute_dates_time":{"created":"Publicado em 26 de outubro de 2023 15:07","modified":"Atualizado em 26 de outubro de 2023 15:07"},"featured_img_caption":"","series_order":"","_links":{"self":[{"href":"https:\/\/sindaopcpb.org.br\/index.php\/wp-json\/wp\/v2\/posts\/40512","targetHints":{"allow":["GET"]}}],"collection":[{"href":"https:\/\/sindaopcpb.org.br\/index.php\/wp-json\/wp\/v2\/posts"}],"about":[{"href":"https:\/\/sindaopcpb.org.br\/index.php\/wp-json\/wp\/v2\/types\/post"}],"author":[{"embeddable":true,"href":"https:\/\/sindaopcpb.org.br\/index.php\/wp-json\/wp\/v2\/users\/50"}],"replies":[{"embeddable":true,"href":"https:\/\/sindaopcpb.org.br\/index.php\/wp-json\/wp\/v2\/comments?post=40512"}],"version-history":[{"count":1,"href":"https:\/\/sindaopcpb.org.br\/index.php\/wp-json\/wp\/v2\/posts\/40512\/revisions"}],"predecessor-version":[{"id":40513,"href":"https:\/\/sindaopcpb.org.br\/index.php\/wp-json\/wp\/v2\/posts\/40512\/revisions\/40513"}],"wp:attachment":[{"href":"https:\/\/sindaopcpb.org.br\/index.php\/wp-json\/wp\/v2\/media?parent=40512"}],"wp:term":[{"taxonomy":"category","embeddable":true,"href":"https:\/\/sindaopcpb.org.br\/index.php\/wp-json\/wp\/v2\/categories?post=40512"},{"taxonomy":"post_tag","embeddable":true,"href":"https:\/\/sindaopcpb.org.br\/index.php\/wp-json\/wp\/v2\/tags?post=40512"}],"curies":[{"name":"wp","href":"https:\/\/api.w.org\/{rel}","templated":true}]}}