{"id":40510,"date":"2023-10-26T15:32:53","date_gmt":"2023-10-26T18:32:53","guid":{"rendered":"https:\/\/wpa.wscom.com.br\/?p=929852"},"modified":"2023-10-26T15:32:53","modified_gmt":"2023-10-26T18:32:53","slug":"oab-pb-e-contra-realizacao-de-cursos-de-direito-a-distancia-proposta-absurda","status":"publish","type":"post","link":"https:\/\/sindaopcpb.org.br\/index.php\/2023\/10\/26\/oab-pb-e-contra-realizacao-de-cursos-de-direito-a-distancia-proposta-absurda\/","title":{"rendered":"OAB-PB \u00e9 contra realiza\u00e7\u00e3o de cursos de Direito \u00e0 dist\u00e2ncia: \u201cproposta absurda\u201d"},"content":{"rendered":"<p id=\"viewer-pvl2\" class=\"xVISr Y9Dpf bCMSCT OZy-3 lnyWN yMZv8w bCMSCT public-DraftStyleDefault-block-depth0 fixed-tab-size public-DraftStyleDefault-text-ltr\"><span class=\"B2EFF public-DraftStyleDefault-ltr\">O presidente da Ordem dos Advogados do Brasil, Seccional Para\u00edba (OAB-PB), Harrison Targino, externou, nesta quinta-feira (26), a posi\u00e7\u00e3o da Institui\u00e7\u00e3o contra a libera\u00e7\u00e3o das gradua\u00e7\u00f5es de Direito \u00e0 dist\u00e2ncia. Harrison ressaltou que o Conselho Federal da OAB j\u00e1 prepara documenta\u00e7\u00e3o para reiterar ao Minist\u00e9rio da Educa\u00e7\u00e3o (MEC) sua posi\u00e7\u00e3o contr\u00e1ria ao ensino EAD na \u00e1rea jur\u00eddica.<\/span><\/p>\n<p id=\"viewer-sijv\" class=\"xVISr Y9Dpf bCMSCT OZy-3 lnyWN yMZv8w bCMSCT public-DraftStyleDefault-block-depth0 fixed-tab-size public-DraftStyleDefault-text-ltr\"><span class=\"B2EFF public-DraftStyleDefault-ltr\">\u201cA OAB Para\u00edba repudia veementemente essa tentativa de desmoraliza\u00e7\u00e3o do ensino jur\u00eddico e sua qualidade. J\u00e1 n\u00e3o basta afinal os cursos em profus\u00e3o?\u201d, indagou o presidente Harrison Targino.<\/span><\/p>\n<p id=\"viewer-6m2lr\" class=\"xVISr Y9Dpf bCMSCT OZy-3 lnyWN yMZv8w bCMSCT public-DraftStyleDefault-block-depth0 fixed-tab-size public-DraftStyleDefault-text-ltr\"><span class=\"B2EFF public-DraftStyleDefault-ltr\">O presidente lembrou que a OAB j\u00e1 enfrentou a autoriza\u00e7\u00e3o de cursos jur\u00eddicos presenciais em excesso, muitos dos quais com m\u00ednima qualidade para a sua exist\u00eancia. \u201cAgora vem o Minist\u00e9rio da Educa\u00e7\u00e3o pensar em ensino \u00e0 dist\u00e2ncia na \u00e1rea do direito. \u00c9 absolutamente inadmiss\u00edvel essa desmoraliza\u00e7\u00e3o que se pretende fazer da qualidade de ensino jur\u00eddico\u201d, afirmou.<\/span><\/p>\n<p id=\"viewer-fsrin\" class=\"xVISr Y9Dpf bCMSCT OZy-3 lnyWN yMZv8w bCMSCT public-DraftStyleDefault-block-depth0 fixed-tab-size public-DraftStyleDefault-text-ltr\"><span class=\"B2EFF public-DraftStyleDefault-ltr\">\u201cPor isso, o AB da Para\u00edba, agregado a tudo o sistema nacional de ordem repudia as tratativas neste sentido e se mobilizar\u00e1 para evitar que este acinte ao bom senso e a qualidade de ensino seja aprovado\u201d, acrescentou Harrison Targino.<\/span><\/p>\n<p>O post <a rel=\"nofollow noopener\" href=\"https:\/\/wscom.com.br\/oab-pb-e-contra-realizacao-de-cursos-de-direito-a-distancia-proposta-absurda\/\" target=\"_blank\">OAB-PB \u00e9 contra realiza\u00e7\u00e3o de cursos de Direito \u00e0 dist\u00e2ncia: \u201cproposta absurda\u201d<\/a> apareceu primeiro em <a rel=\"nofollow noopener\" href=\"https:\/\/wscom.com.br\/\" target=\"_blank\">WSCOM<\/a>.<\/p>\n","protected":false},"excerpt":{"rendered":"<p>O presidente da Ordem dos Advogados do Brasil, Seccional Para\u00edba (OAB-PB), Harrison Targino, externou, nesta quinta-feira (26), a posi\u00e7\u00e3o da Institui\u00e7\u00e3o contra a libera\u00e7\u00e3o das gradua\u00e7\u00f5es de Direito \u00e0 dist\u00e2ncia. Harrison ressaltou que o Conselho Federal da OAB j\u00e1 prepara documenta\u00e7\u00e3o para reiterar ao Minist\u00e9rio da Educa\u00e7\u00e3o (MEC) sua posi\u00e7\u00e3o contr\u00e1ria ao ensino EAD na [\u2026]<\/p>\n<p>O post <a rel=\"nofollow\" href=\"https:\/\/wscom.com.br\/oab-pb-e-contra-realizacao-de-cursos-de-direito-a-distancia-proposta-absurda\/\">OAB-PB \u00e9 contra realiza\u00e7\u00e3o de cursos de Direito \u00e0 dist\u00e2ncia: \u201cproposta absurda\u201d<\/a> apareceu primeiro em <a rel=\"nofollow\" href=\"https:\/\/wscom.com.br\/\">WSCOM<\/a>.<\/p>\n","protected":false},"author":49,"featured_media":0,"comment_status":"closed","ping_status":"closed","sticky":false,"template":"","format":"standard","meta":{"advgb_blocks_editor_width":"","advgb_blocks_columns_visual_guide":"","footnotes":""},"categories":[10556,10557,34,3132,927,54],"tags":[35],"class_list":["post-40510","post","type-post","status-publish","format-standard","hentry","category-cursos-de-direito-a-distancia","category-educacao-ead","category-g1","category-harrison-targino","category-oab-pb","category-paraiba","tag-g1"],"author_meta":{"display_name":"Cristiane Cavalcante","author_link":"https:\/\/sindaopcpb.org.br\/author\/cristiane-cavalcante\/"},"featured_img":null,"coauthors":[],"tax_additional":{"categories":{"linked":["<a href=\"https:\/\/sindaopcpb.org.br\/cursos-de-direito-a-distancia\/\" class=\"advgb-post-tax-term\">cursos de Direito \u00e0 dist\u00e2ncia<\/a>","<a href=\"https:\/\/sindaopcpb.org.br\/educacao-ead\/\" class=\"advgb-post-tax-term\">Educa\u00e7\u00e3o EAD<\/a>","<a href=\"https:\/\/sindaopcpb.org.br\/g1\/\" class=\"advgb-post-tax-term\">G1<\/a>","<a href=\"https:\/\/sindaopcpb.org.br\/harrison-targino\/\" class=\"advgb-post-tax-term\">Harrison Targino<\/a>","<a href=\"https:\/\/sindaopcpb.org.br\/oab-pb\/\" class=\"advgb-post-tax-term\">oab-pb<\/a>","<a href=\"https:\/\/sindaopcpb.org.br\/paraiba\/\" class=\"advgb-post-tax-term\">Para\u00edba<\/a>"],"unlinked":["<span class=\"advgb-post-tax-term\">cursos de Direito \u00e0 dist\u00e2ncia<\/span>","<span class=\"advgb-post-tax-term\">Educa\u00e7\u00e3o EAD<\/span>","<span class=\"advgb-post-tax-term\">G1<\/span>","<span class=\"advgb-post-tax-term\">Harrison Targino<\/span>","<span class=\"advgb-post-tax-term\">oab-pb<\/span>","<span class=\"advgb-post-tax-term\">Para\u00edba<\/span>"]},"tags":{"linked":["<a href=\"https:\/\/sindaopcpb.org.br\/paraiba\/\" class=\"advgb-post-tax-term\">g1<\/a>"],"unlinked":["<span class=\"advgb-post-tax-term\">g1<\/span>"]}},"comment_count":"0","relative_dates":{"created":"Publicado 3 anos atr\u00e1s","modified":"Atualizado 3 anos atr\u00e1s"},"absolute_dates":{"created":"Publicado em 26 de outubro de 2023","modified":"Atualizado em 26 de outubro de 2023"},"absolute_dates_time":{"created":"Publicado em 26 de outubro de 2023 15:32","modified":"Atualizado em 26 de outubro de 2023 15:32"},"featured_img_caption":"","series_order":"","_links":{"self":[{"href":"https:\/\/sindaopcpb.org.br\/index.php\/wp-json\/wp\/v2\/posts\/40510","targetHints":{"allow":["GET"]}}],"collection":[{"href":"https:\/\/sindaopcpb.org.br\/index.php\/wp-json\/wp\/v2\/posts"}],"about":[{"href":"https:\/\/sindaopcpb.org.br\/index.php\/wp-json\/wp\/v2\/types\/post"}],"author":[{"embeddable":true,"href":"https:\/\/sindaopcpb.org.br\/index.php\/wp-json\/wp\/v2\/users\/49"}],"replies":[{"embeddable":true,"href":"https:\/\/sindaopcpb.org.br\/index.php\/wp-json\/wp\/v2\/comments?post=40510"}],"version-history":[{"count":1,"href":"https:\/\/sindaopcpb.org.br\/index.php\/wp-json\/wp\/v2\/posts\/40510\/revisions"}],"predecessor-version":[{"id":40511,"href":"https:\/\/sindaopcpb.org.br\/index.php\/wp-json\/wp\/v2\/posts\/40510\/revisions\/40511"}],"wp:attachment":[{"href":"https:\/\/sindaopcpb.org.br\/index.php\/wp-json\/wp\/v2\/media?parent=40510"}],"wp:term":[{"taxonomy":"category","embeddable":true,"href":"https:\/\/sindaopcpb.org.br\/index.php\/wp-json\/wp\/v2\/categories?post=40510"},{"taxonomy":"post_tag","embeddable":true,"href":"https:\/\/sindaopcpb.org.br\/index.php\/wp-json\/wp\/v2\/tags?post=40510"}],"curies":[{"name":"wp","href":"https:\/\/api.w.org\/{rel}","templated":true}]}}