{"id":40498,"date":"2023-10-26T13:58:29","date_gmt":"2023-10-26T16:58:29","guid":{"rendered":"https:\/\/wpa.wscom.com.br\/?p=929828"},"modified":"2023-10-26T13:58:29","modified_gmt":"2023-10-26T16:58:29","slug":"revista-nordeste-aborda-megaprojeto-de-exploracao-na-margem-equatorial-com-enfoque-na-bacia-potiguar-no-rn","status":"publish","type":"post","link":"https:\/\/sindaopcpb.org.br\/index.php\/2023\/10\/26\/revista-nordeste-aborda-megaprojeto-de-exploracao-na-margem-equatorial-com-enfoque-na-bacia-potiguar-no-rn\/","title":{"rendered":"Revista NORDESTE aborda megaprojeto de explora\u00e7\u00e3o na Margem Equatorial com enfoque na Bacia Potiguar, no RN"},"content":{"rendered":"<p>&nbsp;<\/p>\n<p>A nova edi\u00e7\u00e3o da\u00a0<strong>Revista NORDESTE<\/strong>\u00a0j\u00e1 est\u00e1 dispon\u00edvel e aborda o papel da Margem Equatorial na revitaliza\u00e7\u00e3o do status global do Brasil. Com enfoque na Bacia Potiguar, no Rio Grande do Norte. A Petrobras lidera um megaprojeto de explora\u00e7\u00e3o de petr\u00f3leo, priorizando a preserva\u00e7\u00e3o ambiental.<\/p>\n<p>&nbsp;<\/p>\n<p>\u00c0\u00a0<strong>NORDESTE<\/strong>, o presidente Jean Paul Prates compartilha insights cruciais com a publica\u00e7\u00e3o sobre esse empreendimento.<\/p>\n<p><a href=\"https:\/\/abre.ai\/nordeste201\" rel=\"noopener nofollow\" target=\"_blank\"><strong>Leia a Revista aqui e confira os principais destaques abaixo:<\/strong><\/a><\/p>\n<p>Em entrevista exclusiva, a governadora F\u00e1tima Bezerra explora os investimentos e os frutos da implementa\u00e7\u00e3o pioneira da Margem Equatorial a partir da Bacia Potiguar. Ela aborda sua recente viagem \u00e0 Espanha, celebra novas prospec\u00e7\u00f5es e discute a transi\u00e7\u00e3o energ\u00e9tica, ressaltando a relev\u00e2ncia cont\u00ednua do petr\u00f3leo.<\/p>\n<p>&nbsp;<\/p>\n<p><strong>Petrobras e a explora\u00e7\u00e3o sustent\u00e1vel<\/strong><\/p>\n<p>&nbsp;<\/p>\n<p>A Petrobras j\u00e1 mira novas fronteiras de explora\u00e7\u00e3o, com a Bacia Potiguara no Rio Grande do Norte deflagrando a primeira fase da Margem Equatorial. A empresa refor\u00e7a seu compromisso em atender a demanda de energia, expandir a produ\u00e7\u00e3o e desenvolver horizontes no Brasil.<\/p>\n<p>&nbsp;<\/p>\n<p><strong>Sergipe brilha na transi\u00e7\u00e3o energ\u00e9tica<\/strong><\/p>\n<p>&nbsp;<\/p>\n<p>O estado de Sergipe se destaca como um hub de produ\u00e7\u00e3o de g\u00e1s natural, impulsionado pelo investimento maci\u00e7o de R$ 136,6 bilh\u00f5es do novo PAC. Com R$ 109 bilh\u00f5es direcionados para o setor de petr\u00f3leo e g\u00e1s, Sergipe consolida sua posi\u00e7\u00e3o no cen\u00e1rio energ\u00e9tico nacional.<\/p>\n<p>&nbsp;<\/p>\n<p><strong>Gest\u00e3o sustent\u00e1vel p\u00f3s transposi\u00e7\u00e3o do Rio S\u00e3o Francisco<\/strong><\/p>\n<p>&nbsp;<\/p>\n<p>O F\u00f3rum Celso Furtado destaca a import\u00e2ncia da gest\u00e3o da \u00e1gua ap\u00f3s a conclus\u00e3o da transposi\u00e7\u00e3o do rio S\u00e3o Francisco. Educa\u00e7\u00e3o para o uso consciente da \u00e1gua \u00e9 apontada como uma das solu\u00e7\u00f5es para preservar esse recurso vital.<\/p>\n<p>&nbsp;<\/p>\n<p><strong>Alertas de desmatamento na Bacia do S\u00e3o Francisco<\/strong><\/p>\n<p>&nbsp;<\/p>\n<p>Alertas de desmatamento na Bacia do S\u00e3o Francisco aumentaram impressionantes 546% em quatro anos. O levantamento revela uma perda de vegeta\u00e7\u00e3o equivalente ao munic\u00edpio de Juazeiro (BA) de 2019 a 2022, destacando a urg\u00eancia da revitaliza\u00e7\u00e3o desta vital bacia hidrogr\u00e1fica do Nordeste.<\/p>\n<p>&nbsp;<\/p>\n<p><strong>A Imers\u00e3o na vida e obra de Di Calvancanti com Marcelo Bortoloti<\/strong><\/p>\n<p>&nbsp;<\/p>\n<p>O escritor Marcelo Bortoloti nos brinda com uma explora\u00e7\u00e3o profunda e singular da ambi\u00eancia hist\u00f3rica no universo liter\u00e1rio. Em uma entrevista exclusiva, ele compartilha narrativas in\u00e9ditas e cruciais sobre a vida e obra do genial Di Calvancanti. Uma leitura imperd\u00edvel para os amantes da cultura e da arte.<\/p>\n<p>&nbsp;<\/p>\n<p>O post <a rel=\"nofollow noopener\" href=\"https:\/\/wscom.com.br\/revista-nordeste-aborda-megaprojeto-de-exploracao-n\/\" target=\"_blank\">Revista NORDESTE aborda megaprojeto de explora\u00e7\u00e3o na Margem Equatorial com enfoque na Bacia Potiguar, no RN<\/a> apareceu primeiro em <a rel=\"nofollow noopener\" href=\"https:\/\/wscom.com.br\/\" target=\"_blank\">WSCOM<\/a>.<\/p>\n","protected":false},"excerpt":{"rendered":"<p>\u00a0 A nova edi\u00e7\u00e3o da\u00a0Revista NORDESTE\u00a0j\u00e1 est\u00e1 dispon\u00edvel e aborda o papel da Margem Equatorial na revitaliza\u00e7\u00e3o do status global do Brasil. Com enfoque na Bacia Potiguar, no Rio Grande do Norte. A Petrobras lidera um megaprojeto de explora\u00e7\u00e3o de petr\u00f3leo, priorizando a preserva\u00e7\u00e3o ambiental. \u00a0 \u00c0\u00a0NORDESTE, o presidente Jean Paul Prates compartilha insights cruciais [\u2026]<\/p>\n<p>O post <a rel=\"nofollow\" href=\"https:\/\/wscom.com.br\/revista-nordeste-aborda-megaprojeto-de-exploracao-n\/\">Revista NORDESTE aborda megaprojeto de explora\u00e7\u00e3o na Margem Equatorial com enfoque na Bacia Potiguar, no RN<\/a> apareceu primeiro em <a rel=\"nofollow\" href=\"https:\/\/wscom.com.br\/\">WSCOM<\/a>.<\/p>\n","protected":false},"author":50,"featured_media":0,"comment_status":"closed","ping_status":"closed","sticky":false,"template":"","format":"standard","meta":{"advgb_blocks_editor_width":"","advgb_blocks_columns_visual_guide":"","footnotes":""},"categories":[34,197],"tags":[35],"class_list":["post-40498","post","type-post","status-publish","format-standard","hentry","category-g1","category-nordeste","tag-g1"],"author_meta":{"display_name":"Wallyson","author_link":"https:\/\/sindaopcpb.org.br\/author\/wallyson\/"},"featured_img":null,"coauthors":[],"tax_additional":{"categories":{"linked":["<a href=\"https:\/\/sindaopcpb.org.br\/g1\/\" class=\"advgb-post-tax-term\">G1<\/a>","<a href=\"https:\/\/sindaopcpb.org.br\/nordeste\/\" class=\"advgb-post-tax-term\">Nordeste<\/a>"],"unlinked":["<span class=\"advgb-post-tax-term\">G1<\/span>","<span class=\"advgb-post-tax-term\">Nordeste<\/span>"]},"tags":{"linked":["<a href=\"https:\/\/sindaopcpb.org.br\/nordeste\/\" class=\"advgb-post-tax-term\">g1<\/a>"],"unlinked":["<span class=\"advgb-post-tax-term\">g1<\/span>"]}},"comment_count":"0","relative_dates":{"created":"Publicado 3 anos atr\u00e1s","modified":"Atualizado 3 anos atr\u00e1s"},"absolute_dates":{"created":"Publicado em 26 de outubro de 2023","modified":"Atualizado em 26 de outubro de 2023"},"absolute_dates_time":{"created":"Publicado em 26 de outubro de 2023 13:58","modified":"Atualizado em 26 de outubro de 2023 13:58"},"featured_img_caption":"","series_order":"","_links":{"self":[{"href":"https:\/\/sindaopcpb.org.br\/index.php\/wp-json\/wp\/v2\/posts\/40498","targetHints":{"allow":["GET"]}}],"collection":[{"href":"https:\/\/sindaopcpb.org.br\/index.php\/wp-json\/wp\/v2\/posts"}],"about":[{"href":"https:\/\/sindaopcpb.org.br\/index.php\/wp-json\/wp\/v2\/types\/post"}],"author":[{"embeddable":true,"href":"https:\/\/sindaopcpb.org.br\/index.php\/wp-json\/wp\/v2\/users\/50"}],"replies":[{"embeddable":true,"href":"https:\/\/sindaopcpb.org.br\/index.php\/wp-json\/wp\/v2\/comments?post=40498"}],"version-history":[{"count":1,"href":"https:\/\/sindaopcpb.org.br\/index.php\/wp-json\/wp\/v2\/posts\/40498\/revisions"}],"predecessor-version":[{"id":40499,"href":"https:\/\/sindaopcpb.org.br\/index.php\/wp-json\/wp\/v2\/posts\/40498\/revisions\/40499"}],"wp:attachment":[{"href":"https:\/\/sindaopcpb.org.br\/index.php\/wp-json\/wp\/v2\/media?parent=40498"}],"wp:term":[{"taxonomy":"category","embeddable":true,"href":"https:\/\/sindaopcpb.org.br\/index.php\/wp-json\/wp\/v2\/categories?post=40498"},{"taxonomy":"post_tag","embeddable":true,"href":"https:\/\/sindaopcpb.org.br\/index.php\/wp-json\/wp\/v2\/tags?post=40498"}],"curies":[{"name":"wp","href":"https:\/\/api.w.org\/{rel}","templated":true}]}}