{"id":40474,"date":"2023-10-26T12:04:00","date_gmt":"2023-10-26T15:04:00","guid":{"rendered":"https:\/\/www.infomoney.com.br\/?p=2278971"},"modified":"2023-10-26T12:04:00","modified_gmt":"2023-10-26T15:04:00","slug":"reforma-tributaria-sob-pressao-relator-reduz-taxacao-para-mais-10-setores-e-atividades","status":"publish","type":"post","link":"https:\/\/sindaopcpb.org.br\/index.php\/2023\/10\/26\/reforma-tributaria-sob-pressao-relator-reduz-taxacao-para-mais-10-setores-e-atividades\/","title":{"rendered":"Reforma Tribut\u00e1ria: sob press\u00e3o, relator reduz taxa\u00e7\u00e3o para mais 10 setores e atividades"},"content":{"rendered":"<p><img loading=\"lazy\" width=\"300\" height=\"200\" src=\"https:\/\/www.infomoney.com.br\/wp-content\/uploads\/2023\/08\/53091982059_0e52eacabb_c.jpg?fit=300%2C200&amp;quality=70&amp;strip=all\" class=\"attachment-medium size-medium wp-post-image\" alt=\"\" decoding=\"async\" style=\"float:right; margin:0 0 10px 10px;\" srcset=\"https:\/\/www.infomoney.com.br\/wp-content\/uploads\/2023\/08\/53091982059_0e52eacabb_c.jpg?w=799&amp;quality=70&amp;strip=all 799w, https:\/\/www.infomoney.com.br\/wp-content\/uploads\/2023\/08\/53091982059_0e52eacabb_c.jpg?w=300&amp;quality=70&amp;strip=all 300w, https:\/\/www.infomoney.com.br\/wp-content\/uploads\/2023\/08\/53091982059_0e52eacabb_c.jpg?w=768&amp;quality=70&amp;strip=all 768w, https:\/\/www.infomoney.com.br\/wp-content\/uploads\/2023\/08\/53091982059_0e52eacabb_c.jpg?w=150&amp;quality=70&amp;strip=all 150w\" sizes=\"auto, (max-width: 300px) 100vw, 300px\" data-attachment-id=\"2210919\" data-permalink=\"https:\/\/www.infomoney.com.br\/politica\/reforma-tributaria-relator-diz-que-senado-deve-mudar-texto-aprovado-pela-camara\/attachment\/53091982059_0e52eacabb_c\/\" data-orig-file=\"https:\/\/www.infomoney.com.br\/wp-content\/uploads\/2023\/08\/53091982059_0e52eacabb_c.jpg?fit=799%2C533&amp;quality=70&amp;strip=all\" data-orig-size=\"799,533\" data-comments-opened=\"0\" data-image-meta=\"{&quot;aperture&quot;:&quot;0&quot;,&quot;credit&quot;:&quot;Marcos Oliveira\\\/Ag\\u00eancia Senado&quot;,&quot;camera&quot;:&quot;&quot;,&quot;caption&quot;:&quot;&quot;,&quot;created_timestamp&quot;:&quot;0&quot;,&quot;copyright&quot;:&quot;Senado Federal do Brasil&quot;,&quot;focal_length&quot;:&quot;0&quot;,&quot;iso&quot;:&quot;0&quot;,&quot;shutter_speed&quot;:&quot;0&quot;,&quot;title&quot;:&quot;&quot;,&quot;orientation&quot;:&quot;0&quot;}\" data-image-title=\"Eduardo Braga\" data-image-description=\"\" data-image-caption=\"&lt;p&gt;O senador Eduardo Braga (MDB-AM) em entrevista a jornalistas (Foto: Marcos Oliveira\/Ag\u00eancia Senado)&lt;\/p&gt;\n\" data-medium-file=\"https:\/\/www.infomoney.com.br\/wp-content\/uploads\/2023\/08\/53091982059_0e52eacabb_c.jpg?fit=300%2C200&amp;quality=70&amp;strip=all\" data-large-file=\"https:\/\/www.infomoney.com.br\/wp-content\/uploads\/2023\/08\/53091982059_0e52eacabb_c.jpg?fit=799%2C533&amp;quality=70&amp;strip=all\" title=\"\"><\/p>\n<p>Sob forte press&atilde;o de lobbies, o relator da Reforma Tribut&aacute;ria no Senado, Eduardo Braga (MDB-AM), incluiu mais dez setores e atividades na lista de tratamentos diferenciados, criou uma nova taxa&ccedil;&atilde;o sobre a extra&ccedil;&atilde;o de min&eacute;rio e petr&oacute;leo e aumentou de R$ 40 bilh&otilde;es para R$ 60 bilh&otilde;es o aporte da Uni&atilde;o ao Fundo Nacional de Desenvolvimento Regional (FNDR).<\/p>\n<p>Em contrapartida, o relator excluiu os benef&iacute;cios tribut&aacute;rios de duas atividades e atendeu ao pedido do Minist&eacute;rio da Fazenda para restringir os itens da cesta b&aacute;sica que ter&atilde;o al&iacute;quota zero. O desenho da cesta e a forma de divis&atilde;o dos recursos do FNDR, privilegiando governadores do Norte e Nordeste, devem sofrer resist&ecirc;ncia no Senado e no retorno da proposta &agrave; C&acirc;mara, devido &agrave;s altera&ccedil;&otilde;es.<\/p>\n<p>Em rela&ccedil;&atilde;o &agrave;s exce&ccedil;&otilde;es, a maior mudan&ccedil;a foi no n&uacute;mero de regimes tribut&aacute;rios espec&iacute;ficos &mdash; aqueles que ter&atilde;o regras diferenciadas estabelecidas por lei complementar. Seis atividades passaram a ser contempladas: ag&ecirc;ncias de viagem e turismo; miss&otilde;es diplom&aacute;ticas; saneamento; concess&atilde;o de rodovias; servi&ccedil;os de telecomunica&ccedil;&otilde;es; e transporte a&eacute;reo.<\/p>\n<p>Transporte coletivo rodovi&aacute;rio intermunicipal e interestadual, al&eacute;m de ferrovi&aacute;rio e hidrovi&aacute;rio, tamb&eacute;m foi inclu&iacute;do no grupo, mas se trata de um remanejamento: esses servi&ccedil;os estavam previstos na al&iacute;quota reduzida e foram realocados.<\/p>\n<p>&ldquo;A quantidade de setores com regimes espec&iacute;ficos preocupa. O IVA [Imposto sobre Valor Agregado] &eacute; o tributo mais neutro poss&iacute;vel e evita distor&ccedil;&otilde;es alocativas&rdquo;, afirma Breno Vasconcelos, tributarista do Mannrich e Vasconcelos Advogados e pesquisador do Insper. &ldquo;Quando se joga cumulatividade para dentro do sistema, isso gera mais possibilidades de distor&ccedil;&otilde;es&rdquo;.<\/p>\n<p>O secret&aacute;rio extraordin&aacute;rio do Minist&eacute;rio da Fazenda para a reforma, <a href=\"https:\/\/www.infomoney.com.br\/perfil\/bernard-appy\/\" rel=\"nofollow noopener\" target=\"_blank\">Bernard Appy<\/a>, avaliou&nbsp; <a href=\"https:\/\/www.infomoney.com.br\/politica\/appy-avalia-relatorio-da-reforma-tributaria-no-senado-como-positivo-espera-que-nao-ocorram-mais-mudancas\/\" rel=\"nofollow noopener\" target=\"_blank\">o relat&oacute;rio de Braga como &ldquo;positivo&rdquo;<\/a> e disse esperar que n&atilde;o sejam feitas mais mudan&ccedil;as no texto. Em entrevista &agrave; GloboNews, Appy disse nesta quinta-feira (26) que o ele resolve cerca de 75% das distor&ccedil;&otilde;es existentes atualmente no sistema tribut&aacute;rio brasileiro e que a proposta melhora significativamente o cen&aacute;rio tribut&aacute;rio atual. O secret&aacute;rio deu &ldquo;nota 7&rdquo; para o parecer do relator.<\/p>\n<div class=\"infomoney-related-posts\">\n<h4>Leia tamb&eacute;m<\/h4>\n<div class=\"list\">\n<div class=\"row mx-0 item\">\n<div class=\"img-container\">\n<figure><img decoding=\"async\" class=\"img-fluid img-fluid\" src=\"https:\/\/www.infomoney.com.br\/wp-content\/uploads\/2023\/07\/52603048138_2480dbfb82_c.jpg?quality=70&#038;w=150&#038;%23038;h=150&#038;%23038;crop=1&#038;%23038;strip=all\" data-recalc-dims=\"1\" alt=\"\" title=\"\"><\/figure>\n<\/div>\n<div class=\"info\"><span class=\"hl-hat\">Contra distor&ccedil;&otilde;es<\/span><span class=\"hl-title\"><a href=\"https:\/\/www.infomoney.com.br\/politica\/appy-avalia-relatorio-da-reforma-tributaria-no-senado-como-positivo-espera-que-nao-ocorram-mais-mudancas\/\" rel=\"nofollow noopener\" target=\"_blank\">Appy avalia relat&oacute;rio da tribut&aacute;ria como positivo, d&aacute; nota 7 para o texto e espera que n&atilde;o ocorram mais mudan&ccedil;as<\/a><\/span><\/div>\n<\/div>\n<div class=\"row mx-0 item\">\n<div class=\"img-container\">\n<figure><img decoding=\"async\" class=\"img-fluid img-fluid\" src=\"https:\/\/www.infomoney.com.br\/wp-content\/uploads\/2023\/10\/eduardobraga.jpg?quality=70&#038;w=150&#038;%23038;h=150&#038;%23038;crop=1&#038;%23038;strip=all\" data-recalc-dims=\"1\" alt=\"\" title=\"\"><\/figure>\n<\/div>\n<div class=\"info\"><span class=\"hl-hat\">PEC 45\/2019<\/span><span class=\"hl-title\"><a href=\"https:\/\/www.infomoney.com.br\/politica\/reforma-tributaria-relator-aumenta-fdr-para-r-60-bilhoes-e-inclui-mais-setores-em-regime-especifico\/\" rel=\"nofollow noopener\" target=\"_blank\">Reforma Tribut&aacute;ria: relator amplia FDR para R$ 60 bi e inclui mais setores em regime espec&iacute;fico<\/a><\/span><\/div>\n<\/div>\n<\/div>\n<\/div>\n<p>&nbsp;<\/p>\n<p>A lista de segmentos com al&iacute;quota reduzida do novo IVA tamb&eacute;m sofreu altera&ccedil;&otilde;es. Foram inclu&iacute;dos comunica&ccedil;&atilde;o institucional e produtos de limpeza, sendo que este &uacute;ltimo &eacute; limitado a produtos majoritariamente consumidos por fam&iacute;lias de baixa renda. Nessa faixa de tributa&ccedil;&atilde;o, a cobran&ccedil;a equivale a 40% da al&iacute;quota-padr&atilde;o (ou seja, um desconto de 60%).<\/p>\n<p>O relator tamb&eacute;m reduziu a zero a al&iacute;quota da CBS (a parte do IVA de compet&ecirc;ncia federal) para entidades de inova&ccedil;&atilde;o, ci&ecirc;ncia e tecnologia sem fins lucrativos. Por outro lado, excluiu o Programa Emergencial de Retomada do Setor de Eventos (Perse) do benef&iacute;cio e retirou as vantagens tribut&aacute;rias das atividades de reabilita&ccedil;&atilde;o de zonas hist&oacute;ricas.<\/p>\n<p>Para atender ao lobby da Ordem dos Advogados do Brasil (OAB), Braga criou ainda uma quarta al&iacute;quota do IVA, com desconto de 30%, para beneficiar profissionais liberais que t&ecirc;m atividades regulamentadas, como m&eacute;dicos e advogados.<\/p>\n<h2>Relator rebate cr&iacute;ticas<\/h2>\n<p>A expans&atilde;o dessas listas especiais preocupa os setores que ficaram de fora, j&aacute; que, quanto maior o n&uacute;mero de exce&ccedil;&otilde;es, maior ser&aacute; a al&iacute;quota-padr&atilde;o do IVA. &Agrave; &eacute;poca da aprova&ccedil;&atilde;o da reforma na C&acirc;mara, a Fazenda calculou que a al&iacute;quota poderia chegar a 27% e se tornar uma das maiores do mundo.<\/p>\n<p>Braga nega ter ampliado as exce&ccedil;&otilde;es e defendeu as inclus&otilde;es no regime espec&iacute;fico. &ldquo;Quem estiver fazendo essa afirma&ccedil;&atilde;o, eu queria que me mostrasse a conta&rdquo;, afirmou. &ldquo;Saneamento &eacute; um contrato de tarifa de &aacute;gua e esgoto na casa dos 210 milh&otilde;es de brasileiros. Voc&ecirc; sabe o que isso significaria? Um contencioso de judicializa&ccedil;&atilde;o em 5.568 munic&iacute;pios&rdquo;.<\/p>\n<p>Em rela&ccedil;&atilde;o &agrave;s concess&otilde;es de rodovias, o relator citou a greve dos caminhoneiros: &ldquo;Sabe o que iria acontecer nas estradas pedagiadas? Greve de caminhoneiros. O que isso custa para a economia? O Brasil quase quebrou com a greve por causa de centavos no &oacute;leo diesel. Voc&ecirc; imagina aumentar 25% de IVA no ped&aacute;gio dos caminhoneiros&rdquo;.<\/p>\n<h2>As principais mudan&ccedil;as<\/h2>\n<p>O relat&oacute;rio de Braga incluiu uma trava para evitar o aumento da carga tribut&aacute;ria do Brasil &mdash; j&aacute; considerada elevada &mdash; com a mudan&ccedil;a do sistema de impostos sobre o consumo. O parecer institui um teto de refer&ecirc;ncia, com base na m&eacute;dia da receita no per&iacute;odo de 2012 a 2021 como propor&ccedil;&atilde;o do PIB. Caso ultrapasse o teto, a al&iacute;quota do novo IVA, que ser&aacute; institu&iacute;do com a reforma para substituir tributos federais, estaduais e municipais, ser&aacute; reduzida.<\/p>\n<p>O IVA ser&aacute; &ldquo;dual&rdquo; e composto por uma parte federal &mdash; a Contribui&ccedil;&atilde;o sobre Bens e Servi&ccedil;os (CBS), que vai unificar PIS, Cofins e IPI &mdash; e outra estadual\/municipal &mdash; o Imposto sobre Bens e Servi&ccedil;os (IBS), que ir&aacute; unificar o ICMS (estadual) e o ISS (municipal).<\/p>\n<p>O texto prev&ecirc; ainda a devolu&ccedil;&atilde;o obrigat&oacute;ria do imposto pago na conta de luz para as fam&iacute;lias de baixa renda. O mecanismo de devolu&ccedil;&atilde;o do imposto &eacute; chamado na reforma pela palavra em ingl&ecirc;s &ldquo;cashback&rdquo; (dinheiro de volta, em tradu&ccedil;&atilde;o livre).<\/p>\n<p>A forma de c&aacute;lculo da devolu&ccedil;&atilde;o ser&aacute; determinada por lei complementar, ap&oacute;s a aprova&ccedil;&atilde;o da PEC. O cashback ser&aacute; concedido no momento da cobran&ccedil;a, mas o texto aprovado n&atilde;o especifica como ser&aacute; a defini&ccedil;&atilde;o das fam&iacute;lias que ter&atilde;o direito ao cashback de energia. A cesta b&aacute;sica de produtos estendida tamb&eacute;m ter&aacute; um sistema de cashback para fam&iacute;lias de baixa renda.<\/p>\n<p><b>1. Trava para aumento da carga tribut&aacute;ria<\/b><\/p>\n<ul>\n<li>Institui&ccedil;&atilde;o do teto de refer&ecirc;ncia, com base na m&eacute;dia da receita entre 2012 e 2021, apurada como propor&ccedil;&atilde;o do PIB;<\/li>\n<li>A al&iacute;quota de refer&ecirc;ncia ser&aacute; reduzida caso exceda esse teto.<\/li>\n<\/ul>\n<p><b>2. Comit&ecirc; Gestor <\/b><\/p>\n<ul>\n<li>Substituir&aacute; o Conselho Federativo, &oacute;rg&atilde;o para gerir o Imposto sobre Bens e Servi&ccedil;os (IBS), que ir&aacute; unificar o ISS (municipal) e o ICMS (estadual);<\/li>\n<li>Inclui a possibilidade de o Congresso Nacional convocar o presidente do Comit&ecirc; Gestor;<\/li>\n<li>Delibera&ccedil;&atilde;o: maioria absoluta, mais representantes de Estados que correspondam a 50% da popula&ccedil;&atilde;o, mais maioria absoluta dos munic&iacute;pios.<\/li>\n<\/ul>\n<p><b>3. Imposto Seletivo (&lsquo;imposto do pecado&rsquo;) <\/b><\/p>\n<ul>\n<li>Incidir&aacute; sobre produ&ccedil;&atilde;o, extra&ccedil;&atilde;o, comercializa&ccedil;&atilde;o ou importa&ccedil;&atilde;o de bens e servi&ccedil;os prejudiciais &agrave; sa&uacute;de e ao meio ambiente, nos termos de lei complementar;<\/li>\n<li>Ter&aacute; al&iacute;quotas definidas por lei ordin&aacute;ria;<\/li>\n<li>Poder&aacute; incidir sobre armas e muni&ccedil;&otilde;es, exceto quando destinadas &agrave; administra&ccedil;&atilde;o p&uacute;blica. Incidir&aacute; uma &uacute;nica vez sobre o bem ou servi&ccedil;o. Na extra&ccedil;&atilde;o, o imposto ser&aacute; cobrado independentemente da destina&ccedil;&atilde;o.<\/li>\n<\/ul>\n<p><b>4. Regime Espec&iacute;fico <\/b><\/p>\n<ul>\n<li>Combust&iacute;veis e lubrificantes: as al&iacute;quotas ser&atilde;o definidas por resolu&ccedil;&atilde;o do Senado Federal;<\/li>\n<li>Inclus&atilde;o de opera&ccedil;&otilde;es alcan&ccedil;adas por tratado ou conven&ccedil;&atilde;o internacional, incluindo miss&otilde;es diplom&aacute;ticas, reparti&ccedil;&otilde;es consulares e representa&ccedil;&otilde;es de organismos internacionais;<\/li>\n<li>Inclus&atilde;o de servi&ccedil;os de saneamento e concess&atilde;o de rodovias;<\/li>\n<li>Inclus&atilde;o de opera&ccedil;&otilde;es que envolvam a disponibiliza&ccedil;&atilde;o da estrutura compartilhada dos servi&ccedil;os de telecomunica&ccedil;&otilde;es;<\/li>\n<li>Inclus&atilde;o de servi&ccedil;os de ag&ecirc;ncia de viagem e turismo;<\/li>\n<li>Inclus&atilde;o de transporte coletivo rodovi&aacute;rio, ferrovi&aacute;rio, hidrovi&aacute;rio e a&eacute;reo.<\/li>\n<\/ul>\n<p><b>5. Rateio das parcelas do IBS entre munic&iacute;pios<\/b><\/p>\n<ul>\n<li>80% em rela&ccedil;&atilde;o &agrave; popula&ccedil;&atilde;o;<\/li>\n<li>10% com base em indicadores de melhoria na aprendizagem e de aumento da equidade, considerado o n&iacute;vel socioecon&ocirc;mico, segundo o que dispuser lei estadual;<\/li>\n<li>5% com base em indicadores de preserva&ccedil;&atilde;o ambiental, de acordo com lei estadual;<\/li>\n<li>5% em montantes iguais para todos os munic&iacute;pios do estado.<\/li>\n<\/ul>\n<p><b>6. Cide<\/b><\/p>\n<ul>\n<li>Combust&iacute;veis;<\/li>\n<li>Destina&ccedil;&atilde;o, tamb&eacute;m, para transporte p&uacute;blico coletivo.<\/li>\n<\/ul>\n<p><b>7. Zona Franca de Manaus<\/b><\/p>\n<ul>\n<li>As leis instituidoras dos tributos estabelecer&atilde;o os mecanismos necess&aacute;rios, com ou sem contrapartidas, para manter o diferencial competitivo assegurado &agrave; Zona Franca de Manaus e &agrave;s &aacute;reas de livre com&eacute;rcio existentes em 31 de maio de 2023;<\/li>\n<li>Institui a Cide sobre importa&ccedil;&atilde;o, produ&ccedil;&atilde;o ou venda de bens que tenham industrializa&ccedil;&atilde;o incentivada na ZF de Manaus.<\/li>\n<\/ul>\n<p><b>8. Cesta b&aacute;sica e cashback<\/b><\/p>\n<ul>\n<li>A lista de itens da cesta ser&aacute; definida por lei complementar;<\/li>\n<li>A cesta social, com al&iacute;quota zero, ter&aacute; itens aliment&iacute;cios essenciais. A estimativa &eacute; de que ela tenha de 30 a 35 produtos;<\/li>\n<li>Outra cesta b&aacute;sica, chamada de estendida, ter&aacute; imposto com al&iacute;quota reduzida de 40% da al&iacute;quota-padr&atilde;o. Ser&aacute; criado o mecanismo de cashback (devolu&ccedil;&atilde;o de imposto) dos produtos dessa cesta para fam&iacute;lias inscritas no Cadastro &Uacute;nico (Cad&Uacute;nico).<\/li>\n<\/ul>\n<p><b>9. Seguro-receita<\/b><\/p>\n<ul>\n<li>Alterado de 3% para 5%.<\/li>\n<\/ul>\n<p><b>10. Al&iacute;quota reduzida<\/b><\/p>\n<ul>\n<li>Mantidos os servi&ccedil;os de transporte coletivo rodovi&aacute;rio e metrovi&aacute;rio de car&aacute;ter urbano, semiurbano e metropolitano;<\/li>\n<li>Alterada a reda&ccedil;&atilde;o &ldquo;bens e servi&ccedil;os relacionados &agrave; soberania e seguran&ccedil;a nacional, seguran&ccedil;a da informa&ccedil;&atilde;o e cibern&eacute;tica&rdquo;;<\/li>\n<li>Alterada a reda&ccedil;&atilde;o para inclus&atilde;o: produ&ccedil;&otilde;es art&iacute;sticas, culturais, jornal&iacute;sticas e audiovisuais nacionais, atividades desportivas e comunica&ccedil;&atilde;o institucional;<\/li>\n<li>Alterada a reda&ccedil;&atilde;o: alimentos destinados a consumo humano, produtos de higiene pessoal e limpeza majoritariamente consumidos por fam&iacute;lias de baixa renda.<\/li>\n<\/ul>\n<p><b>11. &lsquo;Quarta al&iacute;quota&rsquo; (intermedi&aacute;ria)<\/b><\/p>\n<ul>\n<li>Ter&aacute; desconto de 30% da al&iacute;quota-padr&atilde;o; destina-se a servi&ccedil;os de profiss&otilde;es regulamentadas (como m&eacute;dicos e advogados).<\/li>\n<\/ul>\n<p><b>12. Fundo Nacional de Desenvolvimento Regional (FNDR)<\/b><\/p>\n<ul>\n<li>Aporte de R$ 20 bilh&otilde;es em 10 anos, a partir de 2034. Valor total: R$ 60 bilh&otilde;es;<\/li>\n<li>Divis&atilde;o com base no Fundo de Participa&ccedil;&atilde;o dos Estados &ndash; FPE (70%) e popula&ccedil;&atilde;o (30%).<\/li>\n<\/ul>\n<p><b>13. Prazos para lei complementar<\/b><\/p>\n<ul>\n<li>Executivo ter&aacute; 240 dias para envio das leis complementares.<\/li>\n<\/ul>\n<p><b>14. Fundos de Infraestrutura<\/b><\/p>\n<ul>\n<li>Para Mato Grosso, Mato Grosso do Sul, Goi&aacute;s e Par&aacute; ser&atilde;o mantidos os atuais fundos estaduais de financiamento da infraestrutura. Esse grupo de estados cobra uma taxa sobre gr&atilde;os, madeira e min&eacute;rios (no caso do Par&aacute;).<\/li>\n<li>Os fundos ser&atilde;o mantidos at&eacute; 31 de dezembro de 2032. A medida &eacute; pol&ecirc;mica porque outros estados, como o Paran&aacute;, tamb&eacute;m querem ser atendidos.<\/li>\n<\/ul>\n<p><b>15. Setor automotivo<\/b><\/p>\n<ul>\n<li>Prorroga at&eacute; 31 de dezembro de 2032, exclusivamente para as pessoas jur&iacute;dicas j&aacute; habilitadas, os benef&iacute;cios fiscais para projetos aprovados at&eacute; 31 de dezembro de 2024, vedada a majora&ccedil;&atilde;o do benef&iacute;cio. Ser&atilde;o reduzidos em 20% ao ano.<\/li>\n<\/ul>\n<div class=\"cta-end\">\n<div class=\"im-cta\" >\n<div class=\"im-shortcode-forms bg-light bg-opacity-25 border rounded-4 p-3 p-sm-4 p-md-3 p-lg-4 px-xxl-5 my-5\" data-configuration='{\"form_name\":false,\"form_hat\":\"Newsletter\",\"form_email\":true,\"form_icon\":\"newsletter\",\"form_phone\":false,\"form_campaign\":\"NIM\",\"form_thankyou\":\"\",\"form_journey\":\"APIEvent-26a5198d-8e09-06ef-5f80-cd9127757ad1\",\"form_button\":\"Quero receber\",\"form_context\":\"newsletter\",\"form_origin\":\"https:\\\/\\\/www.infomoney.com.br\\\/politica\\\/feed\\\/?utm_medium=materia&#038;utm_source=infomoney&#038;utm_campaign=NIM&#038;utm_term=politica&#038;utm_content=newsletter\",\"form_position\":\"final\",\"form_category\":\"cta_form\"}'>\n<div class=\"d-flex flex-column align-items-center align-items-lg-start mb-4 flex-lg-row\">\n<div class=\"rounded-circle mb-2 mb-lg-0 mr-lg-4 me-lg-4 p-3 p-lg-4 bg-blue-400\"><svg width=\"40\" height=\"40\" viewBox=\"0 0 40 40\" fill=\"none\" xmlns=\"http:\/\/www.w3.org\/2000\/svg\"><path d=\"M20 20.25 6.042 11.042v19.041c0 .167.048.299.146.396a.535.535 0 0 0 .395.146h15.792V32.5H6.583a2.328 2.328 0 0 1-1.708-.708 2.328 2.328 0 0 1-.708-1.709V9.917c0-.667.236-1.236.708-1.709A2.328 2.328 0 0 1 6.583 7.5h26.834c.666 0 1.236.236 1.708.708a2.33 2.33 0 0 1 .708 1.709v12.458h-1.875V11.042L20 20.25Zm0-2 13.667-8.875H6.333L20 18.25Zm11.75 18.958-1.292-1.333 3.334-3.375h-9v-1.875h9l-3.375-3.417 1.333-1.291 5.667 5.625-5.667 5.666ZM6.042 11.042v20.791-9.458.25-13.25 1.667Z\" fill=\"#fff\"\/><\/svg><\/div>\n<div class=\"flex-fill text-center text-lg-left\">\n<div class=\"h6 small text-orange-700 lh-base mb-1\">Newsletter<\/div>\n<div class=\"text-body h4 m-0\">Infomorning<\/div>\n<div class=\"text-body small lh-base mt-2\">Receba no seu e-mail logo pela manh&atilde; as not&iacute;cias que v&atilde;o mexer com os mercados, com os seus investimentos e o seu bolso durante o dia<\/div>\n<\/div>\n<\/div>\n<\/div>\n<\/div>\n<\/div>\n<p>The post <a rel=\"nofollow noopener\" href=\"https:\/\/www.infomoney.com.br\/politica\/reforma-tributaria-sob-pressao-relator-reduz-taxacao-para-mais-10-setores-e-atividades\/\" target=\"_blank\">Reforma Tribut\u00e1ria: sob press\u00e3o, relator reduz taxa\u00e7\u00e3o para mais 10 setores e atividades<\/a> appeared first on <a rel=\"nofollow noopener\" href=\"https:\/\/www.infomoney.com.br\/\" target=\"_blank\">InfoMoney<\/a>.<\/p>\n","protected":false},"excerpt":{"rendered":"<p><img loading=\"lazy\" decoding=\"async\" width=\"300\" height=\"200\" src=\"https:\/\/www.infomoney.com.br\/wp-content\/uploads\/2023\/08\/53091982059_0e52eacabb_c.jpg?fit=300%2C200&amp;quality=70&amp;strip=all\" class=\"attachment-medium size-medium wp-post-image\" alt=\"\" data-attachment-id=\"2210919\" data-permalink=\"https:\/\/www.infomoney.com.br\/politica\/reforma-tributaria-relator-diz-que-senado-deve-mudar-texto-aprovado-pela-camara\/attachment\/53091982059_0e52eacabb_c\/\" data-orig-file=\"https:\/\/www.infomoney.com.br\/wp-content\/uploads\/2023\/08\/53091982059_0e52eacabb_c.jpg?fit=799%2C533&amp;quality=70&amp;strip=all\" data-orig-size=\"799,533\" data-comments-opened=\"0\" data-image-meta='{\"aperture\":\"0\",\"credit\":\"Marcos Oliveira\\\/Ag\\u00eancia Senado\",\"camera\":\"\",\"caption\":\"\",\"created_timestamp\":\"0\",\"copyright\":\"Senado Federal do Brasil\",\"focal_length\":\"0\",\"iso\":\"0\",\"shutter_speed\":\"0\",\"title\":\"\",\"orientation\":\"0\"}' data-image-title=\"Eduardo Braga\" data-image-description=\"\" data-image-caption=\"&lt;p&gt;O senador Eduardo Braga (MDB-AM) em entrevista a jornalistas (Foto: Marcos Oliveira\/Ag\u00eancia Senado)&lt;\/p&gt;\n\" data-medium-file=\"https:\/\/www.infomoney.com.br\/wp-content\/uploads\/2023\/08\/53091982059_0e52eacabb_c.jpg?fit=300%2C200&amp;quality=70&amp;strip=all\" data-large-file=\"https:\/\/www.infomoney.com.br\/wp-content\/uploads\/2023\/08\/53091982059_0e52eacabb_c.jpg?fit=799%2C533&amp;quality=70&amp;strip=all\">Para tributarista, quantidade de setores com regimes espec\u00edficos preocupa; secret\u00e1rio especial da Fazenda deu nota 7 para relat\u00f3rio aprovado<\/p>\n<p>The post <a rel=\"nofollow\" href=\"https:\/\/www.infomoney.com.br\/politica\/reforma-tributaria-sob-pressao-relator-reduz-taxacao-para-mais-10-setores-e-atividades\/\">Reforma Tribut\u00e1ria: sob press\u00e3o, relator reduz taxa\u00e7\u00e3o para mais 10 setores e atividades<\/a> appeared first on <a rel=\"nofollow\" href=\"https:\/\/www.infomoney.com.br\/\">InfoMoney<\/a>.<\/p>\n","protected":false},"author":43,"featured_media":0,"comment_status":"closed","ping_status":"closed","sticky":false,"template":"","format":"standard","meta":{"advgb_blocks_editor_width":"","advgb_blocks_columns_visual_guide":"","footnotes":""},"categories":[6168,34,47,191],"tags":[35],"class_list":["post-40474","post","type-post","status-publish","format-standard","hentry","category-eduardo-braga","category-g1","category-politica","category-reforma-tributaria","tag-g1"],"author_meta":{"display_name":"Estad\u00e3o Conte\u00fado","author_link":"https:\/\/sindaopcpb.org.br\/author\/estadao-conteudo\/"},"featured_img":null,"coauthors":[],"tax_additional":{"categories":{"linked":["<a href=\"https:\/\/sindaopcpb.org.br\/eduardo-braga\/\" class=\"advgb-post-tax-term\">Eduardo Braga<\/a>","<a href=\"https:\/\/sindaopcpb.org.br\/g1\/\" class=\"advgb-post-tax-term\">G1<\/a>","<a href=\"https:\/\/sindaopcpb.org.br\/politica\/\" class=\"advgb-post-tax-term\">POLITICA<\/a>","<a href=\"https:\/\/sindaopcpb.org.br\/reforma-tributaria\/\" class=\"advgb-post-tax-term\">reforma tribut\u00e1ria<\/a>"],"unlinked":["<span class=\"advgb-post-tax-term\">Eduardo Braga<\/span>","<span class=\"advgb-post-tax-term\">G1<\/span>","<span class=\"advgb-post-tax-term\">POLITICA<\/span>","<span class=\"advgb-post-tax-term\">reforma tribut\u00e1ria<\/span>"]},"tags":{"linked":["<a href=\"https:\/\/sindaopcpb.org.br\/reforma-tributaria\/\" class=\"advgb-post-tax-term\">g1<\/a>"],"unlinked":["<span class=\"advgb-post-tax-term\">g1<\/span>"]}},"comment_count":"0","relative_dates":{"created":"Publicado 3 anos atr\u00e1s","modified":"Atualizado 3 anos atr\u00e1s"},"absolute_dates":{"created":"Publicado em 26 de outubro de 2023","modified":"Atualizado em 26 de outubro de 2023"},"absolute_dates_time":{"created":"Publicado em 26 de outubro de 2023 12:04","modified":"Atualizado em 26 de outubro de 2023 12:04"},"featured_img_caption":"","series_order":"","_links":{"self":[{"href":"https:\/\/sindaopcpb.org.br\/index.php\/wp-json\/wp\/v2\/posts\/40474","targetHints":{"allow":["GET"]}}],"collection":[{"href":"https:\/\/sindaopcpb.org.br\/index.php\/wp-json\/wp\/v2\/posts"}],"about":[{"href":"https:\/\/sindaopcpb.org.br\/index.php\/wp-json\/wp\/v2\/types\/post"}],"author":[{"embeddable":true,"href":"https:\/\/sindaopcpb.org.br\/index.php\/wp-json\/wp\/v2\/users\/43"}],"replies":[{"embeddable":true,"href":"https:\/\/sindaopcpb.org.br\/index.php\/wp-json\/wp\/v2\/comments?post=40474"}],"version-history":[{"count":2,"href":"https:\/\/sindaopcpb.org.br\/index.php\/wp-json\/wp\/v2\/posts\/40474\/revisions"}],"predecessor-version":[{"id":40503,"href":"https:\/\/sindaopcpb.org.br\/index.php\/wp-json\/wp\/v2\/posts\/40474\/revisions\/40503"}],"wp:attachment":[{"href":"https:\/\/sindaopcpb.org.br\/index.php\/wp-json\/wp\/v2\/media?parent=40474"}],"wp:term":[{"taxonomy":"category","embeddable":true,"href":"https:\/\/sindaopcpb.org.br\/index.php\/wp-json\/wp\/v2\/categories?post=40474"},{"taxonomy":"post_tag","embeddable":true,"href":"https:\/\/sindaopcpb.org.br\/index.php\/wp-json\/wp\/v2\/tags?post=40474"}],"curies":[{"name":"wp","href":"https:\/\/api.w.org\/{rel}","templated":true}]}}